{"id":446494,"date":"2025-10-08T03:19:18","date_gmt":"2025-10-08T03:19:18","guid":{"rendered":"https:\/\/www.europesays.com\/fr\/446494\/"},"modified":"2025-10-08T03:19:18","modified_gmt":"2025-10-08T03:19:18","slug":"du-cinema-au-lido-les-demoiselles-de-rochefort-se-reinventent-sur-scene-a-paris","status":"publish","type":"post","link":"https:\/\/www.europesays.com\/fr\/446494\/","title":{"rendered":"Du cin\u00e9ma au Lido\u00a0: Les Demoiselles de Rochefort se r\u00e9inventent sur sc\u00e8ne \u00e0 Paris"},"content":{"rendered":"<p><strong>Catherine Deneuve et Fran\u00e7oise Dorl\u00e9ac<\/strong> se donnant la r\u00e9plique, des couleurs p\u00e9tillantes, <strong>des chansons cultes<\/strong>\u2026 En 1967, Jacques Demy offrait au monde un long-m\u00e9trage devenu mythique\u00a0: <strong>Les Demoiselles de Rochefort<\/strong>. Depuis le 2 octobre 2025, cette com\u00e9die musicale embl\u00e9matique a d\u00e9pass\u00e9 la fronti\u00e8re de l\u2019\u00e9cran pour prendre vie <strong>sur la sc\u00e8ne du Th\u00e9\u00e2tre du Lido<\/strong>. Mais comment adapter un tel chef d\u2019oeuvre au th\u00e9\u00e2tre musical\u00a0? <strong>Ma\u00eflys Arbaoui-Westphal et Sophia Stern<\/strong>, l&rsquo;un des duos qui incarnent les jumelles Delphine et Solange Garnier, ainsi que <strong>Gilles Rico et Joanna Goodwin<\/strong>, respectivement metteur en sc\u00e8ne et chor\u00e9graphe, nous d\u00e9voilent les dessous de la cr\u00e9ation du spectacle le plus attendu de l\u2019automne.\u00a0<\/p>\n<p>&#13;<br \/>\n<strong>\u00ab\u00a0Au-del\u00e0 de fusionnelles, je les trouve compl\u00e9mentaires, elles s\u2019inspirent entre elles, et c\u2019est quelque chose que j\u2019aime rechercher dans notre travail ensemble\u00a0\u00bb<\/strong>&#13;<\/p>\n<p><b>De quelle fa\u00e7on vous identifiez-vous \u00e0 votre personnage\u00a0? Est-ce que vous lui ressemblez ou au contraire, pas du tout\u00a0?\u00a0<\/b><\/p>\n<p>&#13;<\/p>\n<p><b>Sophia Stern<\/b>\u00a0: Je m\u2019identifie beaucoup \u00e0 mon personnage, <strong>j\u2019ai vu le film en \u00e9tant tr\u00e8s petite<\/strong> et j\u2019ai toujours aim\u00e9 le personnage de Solange, peut-\u00eatre parce <strong>qu\u2019elle est plus introvertie<\/strong>. Elle a vraiment un monde int\u00e9rieur tr\u00e8s d\u00e9velopp\u00e9, elle a \u00e9norm\u00e9ment de fantaisie et j\u2019adore la fa\u00e7on <strong>dont elle se d\u00e9veloppe<\/strong> \u00e0 travers l\u2019histoire. Je sais que durant mes premi\u00e8res sc\u00e8nes, il faut que je me ferme un peu au public et que<strong> je m&rsquo;ouvre au fur et \u00e0 mesure<\/strong>.\u00a0<\/p>\n<p>&#13;<\/p>\n<p><b>Ma\u00eflys Arbaoui-Westphal<\/b>\u00a0: Delphine est tr\u00e8s diff\u00e9rente de Solange, <strong>elle a beaucoup d\u2019\u00e9nergie<\/strong> et elle est vraiment sans filtre ce qui est quelque chose qui ne me ressemble pas vraiment. Elle a <strong>une spontan\u00e9it\u00e9 qui est rafra\u00eechissante<\/strong> mais aussi tr\u00e8s surprenante et qui m\u2019inspire beaucoup. Je la trouve aussi <strong>enti\u00e8re et passionn\u00e9e <\/strong>et \u00e7a pour le coup, je m\u2019y reconnais beaucoup plus. Et puis le fait d\u2019\u00eatre en province, de r\u00eaver de la capitale\u2026 Tout ce courage et <strong>ces r\u00eaves qu\u2019elle a dans le c\u0153ur<\/strong>, c\u2019est vraiment quelque chose que je partage.<\/p>\n<p>&#13;<\/p>\n<p><img loading=\"lazy\" decoding=\"async\" src=\"https:\/\/www.europesays.com\/fr\/wp-content\/uploads\/2025\/10\/Z8Z_7823.jpg\" width=\"1000\" height=\"667\" alt=\"\"\/><br \/>\u00a9Julien Benhamou<\/p>\n<p>&#13;<\/p>\n<p><b><br \/>Dans le film, les deux s\u0153urs ont une relation vraiment fusionnelle. Est-ce que vous vous connaissiez avant\u00a0? De quelle mani\u00e8re avez-vous travaill\u00e9 pour retranscrire ce lien sur sc\u00e8ne\u00a0?\u00a0<\/b><\/p>\n<p>&#13;<\/p>\n<p><b>Sophia Stern<\/b>\u00a0: On a toutes les deux des s\u0153urs et de suite on a senti <strong>une connexion assez forte<\/strong>. Chacune compl\u00e8te l\u2019autre. Je referme sa robe&#8230; ou Delphine oublie souvent ses affaires donc je dois toujours lui rapporter (rires).\u00a0<\/p>\n<p>&#13;<\/p>\n<p><b>Ma\u00eflys Arbaoui-Westphal<\/b>\u00a0: On a \u00e9t\u00e9 chanceuses parce qu\u2019on n\u2019a pas eu d\u2019essai ensemble\u00a0! C\u2019est un cadeau d\u2019avoir <strong>une complicit\u00e9 naturelle <\/strong>qu\u2019on continue de d\u00e9couvrir, et de travailler m\u00eame par des mouvements, des choses qui nous sont propos\u00e9es justement pour <strong>faire ressortir cette sororit\u00e9-l\u00e0 <\/strong>et la faire parvenir au public. Au-del\u00e0 de fusionnelles, je les trouve compl\u00e9mentaires, <strong>elles s\u2019inspirent entre elles<\/strong>, et c\u2019est quelque chose que j\u2019aime rechercher dans notre travail ensemble.\u00a0<\/p>\n<p>&#13;<\/p>\n<p><b><br \/>Avez-vous revu le film de Demy avant, ou avez-vous pr\u00e9f\u00e9r\u00e9 ne pas le voir pour livrer une interpr\u00e9tation qui vous soit vraiment propre\u00a0?<\/b><\/p>\n<p>&#13;<\/p>\n<p><b>Ma\u00eflys Arbaoui-Westphal<\/b>\u00a0: Je le connaissais d\u00e9j\u00e0 pratiquement par c\u0153ur mais je l\u2019ai re-regard\u00e9 m\u00eame avant mon audition parce que <strong>c\u2019est un film qui est tellement culte<\/strong>, que pour moi, on doit partir de \u00e7a. Je m\u2019en suis impr\u00e9gn\u00e9e, mais je sens maintenant qu\u2019au fur et \u00e0 mesure des r\u00e9p\u00e9titions, <strong>ma personnalit\u00e9 reprend le dessus<\/strong>. Et puis elles parlent bien, elles ont beaucoup de classe et \u00e7a je l\u2019ai vraiment appris en regardant Catherine Deneuve et Fran\u00e7oise Dorl\u00e9ac.\u00a0<\/p>\n<p>&#13;<\/p>\n<p><b>Sophia Stern<\/b>\u00a0: Moi j\u2019ai fait un peu le contraire. Je n\u2019ai pas regard\u00e9 le film avant l\u2019audition, mais le soir avant la premi\u00e8re r\u00e9p\u00e9tition parce que je voulais d\u2019abord trouver mon personnage<strong> de ma propre fa\u00e7on<\/strong>. Mais me replonger dans le monde de Jacques Demy juste avant de commencer ce processus \u00e9tait vraiment pertinent <strong>pour voir les encha\u00eenements<\/strong>, le monde, ces couleurs pastel qui apportent quelque chose au personnage.\u00a0<\/p>\n<p>&#13;<\/p>\n<p><b><br \/>Quelle est votre chanson, votre passage ou votre sc\u00e8ne pr\u00e9f\u00e9r\u00e9e\u00a0?<\/b><\/p>\n<p>&#13;<\/p>\n<p><b>Sophia Stern<\/b>\u00a0: La chanson des forains, la musique est incroyable. Mais mon vrai moment pr\u00e9f\u00e9r\u00e9, c\u2019est le duo \u00ab\u00a0<strong>Toujours, jamais<\/strong>\u00a0\u00bb\u00a0dans le second acte, les m\u00e9lodies sont formidables et il y a <strong>un r\u00e9alisme d\u2019\u00e9motions <\/strong>d\u2019un coup\u2026 On voit qu\u2019elles ont vraiment v\u00e9cu quelque chose d\u00e9j\u00e0, m\u00eame si elles sont jeunes, il y a <strong>une profondeur qui est apparente<\/strong>.<\/p>\n<p>&#13;<\/p>\n<p><b>Ma\u00eflys Arbaoui-Westphal<\/b>\u00a0: Moi j\u2019aime vraiment <strong>la synergie de l\u2019ensemble<\/strong>, quand on est tous l\u00e0. Et puis le final aussi, c\u2019est un moment grandiose o\u00f9 il y a tout \u00e0 coup <strong>une \u00e9nergie commune<\/strong> et on se sent au centre de \u00e7a.\u00a0<\/p>\n<p>&#13;<\/p>\n<p><img loading=\"lazy\" decoding=\"async\" src=\"https:\/\/www.europesays.com\/fr\/wp-content\/uploads\/2025\/10\/Z63_9119 copie.jpg\" width=\"1000\" height=\"667\" alt=\"\"\/><br \/>\u00a9Julien Benhamou<\/p>\n<p>&#13;<br \/>\n<b>\u00ab\u00a0<\/b><b>Apr\u00e8s tout, ce n\u2019est qu\u2019un conte de f\u00e9e sur l\u2019amour et l\u2019universalit\u00e9 de l\u2019amour <\/b><b>\u00bb<\/b>&#13;<\/p>\n<p><b>C\u2019est l\u2019un des premiers spectacles en fran\u00e7ais au Lido, et c\u2019est un film culte, pensez-vous que le public peut avoir des exigences plus \u00e9lev\u00e9es\u00a0? <\/b><strong>Doit-on s\u2019attendre \u00e0 une interpr\u00e9tation totale du film ou plut\u00f4t une r\u00e9invention moderne de cette oeuvre\u00a0?<\/strong><\/p>\n<p>&#13;<\/p>\n<p><b>Gilles Rico<\/b>\u00a0: En France, le film est tellement <strong>connu et embl\u00e9matique<\/strong>, que forc\u00e9ment, les gens vont avoir des attentes \u00e9lev\u00e9es. Mais la r\u00e8gle de Jean-Luc [Jean-Luc Choplin &#8211; producteur du spectacle, ndlr] \u00e9tait <strong>de ne pas copier le film<\/strong> parce que c\u2019est impossible. On ne peut pas mettre sur la sc\u00e8ne d\u2019un th\u00e9\u00e2tre ce qu\u2019on fait au cin\u00e9ma, <strong>donc on a d\u00fb recr\u00e9er Les Demoiselles de Rochefort<\/strong>, recr\u00e9er des partitions tout en y ajoutant des transitions, des intrigues diff\u00e9rentes pour adapter le tout au monde de la com\u00e9die musicale. Le Lido est <strong>un th\u00e9\u00e2tre tr\u00e8s immersif <\/strong>et l\u2019id\u00e9e \u00e9tait de faire quelque chose de populaire, <strong>qui inclut le public<\/strong> et apporte la m\u00eame joie que le film. Apr\u00e8s tout, ce n\u2019est <strong>qu\u2019un conte de f\u00e9e sur l\u2019amour<\/strong> et l\u2019universalit\u00e9 de l\u2019amour. Et c\u2019est tr\u00e8s actuel\u00a0! Ce qui m\u2019a marqu\u00e9 en lisant le script, c\u2019est \u00e0 quel point <strong>ces femmes sont fortes<\/strong>. On est dans une soci\u00e9t\u00e9 patriarcale des ann\u00e9es 1960 o\u00f9 le mariage est de mise et o\u00f9 une femme est soit une \u00e9pouse soit une m\u00e8re ob\u00e9issante. Mais ces personnages font ce qu\u2019ils veulent. <strong>Elles sont ind\u00e9pendantes<\/strong>, elles font tout pour r\u00e9aliser leurs r\u00eaves. C\u2019est <strong>tr\u00e8s moderne<\/strong> d\u2019une certaine fa\u00e7on.\u00a0<\/p>\n<p>&#13;<\/p>\n<p><b><br \/>Il y a une colorim\u00e9trie tr\u00e8s particuli\u00e8re dans le film de Demy. Est-ce un \u00e9l\u00e9ment que vous avez gard\u00e9 dans le spectacle\u00a0?<\/b><\/p>\n<p>&#13;<\/p>\n<p><b>Gilles Rico<\/b>\u00a0: Oui, parce que les couleurs dans le film sont essentielles, <strong>elles ne sont pas un \u00e9l\u00e9ment d\u00e9coratif<\/strong>. C\u2019est quelque chose de symbolique, <strong>qui montre des \u00e9motions<\/strong>, le parcours d\u2019un personnage. Les notes chromatiques \u00e9voluent tout le long de l\u2019histoire. Quand on voit <strong>du violet<\/strong>, on sait que Solange va arriver, mais quand c\u2019est <strong>du jaune<\/strong>, \u00e7a va \u00eatre Delphine. Tout est tr\u00e8s structur\u00e9, c\u2019est fascinant. Au niveau des costumes, on est rest\u00e9s fid\u00e8les<strong> \u00e0 l\u2019esth\u00e9tique des ann\u00e9es 1960<\/strong> parce que c\u2019est un hommage au film et \u00e0 cette \u00e9poque. <strong>La modernit\u00e9 est dans les corps<\/strong>, dans la fa\u00e7on dont les gens se comportent, interagissent, dans le rythme. D\u2019une certaine fa\u00e7on, <strong>on a accentu\u00e9 la joie et att\u00e9nu\u00e9 la m\u00e9lancolie<\/strong> qui est constamment pr\u00e9sente dans le film de Demy, pour en faire un objet adapt\u00e9 au th\u00e9\u00e2tre musical.\u00a0<\/p>\n<p>&#13;<\/p>\n<p><img loading=\"lazy\" decoding=\"async\" src=\"https:\/\/www.europesays.com\/fr\/wp-content\/uploads\/2025\/10\/Z8Z_9255.jpg\" width=\"1000\" height=\"667\" alt=\"\"\/><br \/>\u00a9Julien Benhamou<\/p>\n<p>&#13;<br \/>\n<br \/><strong>\u00ab\u00a0On veut vraiment que le public ait l\u2019impression de conna\u00eetre chaque personnage qui est sur sc\u00e8ne \u00e0 la fin du spectacle\u00a0\u00bb<\/strong>&#13;<\/p>\n<p><b>Beaucoup de sc\u00e8nes du film se passent \u00e0 l\u2019ext\u00e9rieur, comment appr\u00e9hende-t-on l\u2019espace lorsque l&rsquo;on adapte une telle histoire \u00e0 la sc\u00e8ne d\u2019une salle de spectacle\u00a0?<\/b><\/p>\n<p>&#13;<\/p>\n<p><b>Gilles Rico<\/b>\u00a0: C\u2019est int\u00e9ressant parce que \u00e7a questionne la fa\u00e7on dont <strong>on peut transposer un plan tourn\u00e9 \u00e0 l\u2019ext\u00e9rieur <\/strong>dans un th\u00e9\u00e2tre qui est un espace clos sans soleil. On a essay\u00e9 de faire \u00e7a en utilisant <strong>les outils th\u00e9\u00e2traux<\/strong> et le langage de la com\u00e9die musicale. On joue avec les codes, <strong>on veut que ce soit humain<\/strong>, que de la sinc\u00e9rit\u00e9 soit transmise quand les artistes sont sur sc\u00e8ne.\u00a0<\/p>\n<p>&#13;<\/p>\n<p><b>Joanna Goodwin<\/b>\u00a0: On peut ressentir <strong>les personnalit\u00e9s de chacun<\/strong>\u00a0par la fa\u00e7on dont ils bougent. On veut vraiment que le public ait l\u2019impression<strong> de conna\u00eetre chaque personnage<\/strong> qui est sur sc\u00e8ne \u00e0 la fin du spectacle. Et puis on a \u00e9t\u00e9 \u00e0 l\u2019aff\u00fbt du moindre d\u00e9tail en se demandant comment chaque sc\u00e8ne pourrait \u00eatre. On a par exemple ajout\u00e9<strong> deux num\u00e9ros de claquettes<\/strong> qui ne sont pas dans le film\u00a0!<\/p>\n<p>&#13;<\/p>\n<p><b><br \/>Il y a du jeu, de la danse, du chant\u2026 Quels sont les plus gros d\u00e9fis pour vous sur ce spectacle\u00a0?<\/b><\/p>\n<p>&#13;<\/p>\n<p><b>Gilles Rico<\/b>\u00a0: Avec Joanna, on s\u2019est \u00e9norm\u00e9ment pr\u00e9par\u00e9s. On a tr\u00e8s rapidement trouv\u00e9 un terrain d\u2019entente, <strong>un langage commun<\/strong>, la m\u00eame longueur d\u2019ondes. C\u2019est tr\u00e8s pr\u00e9cieux parce que nous cherchons \u00e0 cr\u00e9er un objet unique. Pour cela, il faut <strong>collecter les \u00e9nergies de l\u2019\u00e9quipe cr\u00e9ative<\/strong> mais aussi des artistes et on a la chance d\u2019avoir une troupe exceptionnelle compos\u00e9e de personnes extr\u00eamement d\u00e9vou\u00e9es.\u00a0\u00a0<\/p>\n<p>&#13;<\/p>\n<p>Patrice [Patrice Peyri\u00e9ras &#8211; directeur musical, ndlr] a r\u00e9alis\u00e9 <strong>un arrangement pour 14 musiciens<\/strong>, enti\u00e8rement \u00e0 l\u2019oreille. Il n\u2019existe aucune partition \u00e9dit\u00e9e du film donc il a fallu tout recr\u00e9er. Mais ce qui est g\u00e9nial avec lui, c\u2019est qu\u2019\u00e0 chaque fois que je dis qu\u2019il n\u2019y a pas assez de musique pour une sc\u00e8ne ou qu\u2019une transition serait la bienvenue, <strong>il s\u2019\u00e9clipse, compose, harmonise, et r\u00e9arrange les passages<\/strong>. Une heure apr\u00e8s, on a une nouvelle partition\u00a0!<\/p>\n<p>&#13;<\/p>\n<p><img loading=\"lazy\" decoding=\"async\" src=\"https:\/\/www.europesays.com\/fr\/wp-content\/uploads\/2025\/10\/Z63_8971.jpg\" width=\"1000\" height=\"667\" alt=\"\"\/><br \/>\u00a9Julien Benhamou<\/p>\n<p>&#13;<\/p>\n<p><b><br \/>Selon vous, pourquoi faut-il absolument venir voir <\/b><b>Les Demoiselles de Rochefort<\/b><b> au Lido\u00a0?<\/b><\/p>\n<p>&#13;<\/p>\n<p><b>Gilles Rico<\/b>\u00a0: Parce que le public va avoir droit<strong> \u00e0 cette joie <\/strong>dont on a tous besoin en ces temps troubl\u00e9s. <strong>C\u2019est totalement interg\u00e9n\u00e9rationnel<\/strong>, on a essay\u00e9 de faire un spectacle assez diversifi\u00e9 pour pouvoir int\u00e9grer tous les publics.\u00a0<\/p>\n<p>&#13;<\/p>\n<p><b>Joanna Goodwin<\/b>\u00a0: Le divertissement est n\u00e9cessaire\u00a0! Il y a <strong>quelque chose pour tout le monde<\/strong>\u00a0: si vous aimez l\u2019op\u00e9ra, vous allez adorer\u00a0; si vous aimez la com\u00e9die musicale, vous allez adorer\u00a0; si vous aimez la danse classique, vous allez adorer\u2026\u00a0<\/p>\n<p>&#13;<\/p>\n<p><b>Ma\u00eflys Arbaoui-Westphal<\/b>\u00a0: C\u2019est un style de com\u00e9die musicale et de musique <strong>qui unit tout le monde<\/strong>. Ce spectacle fait du bien au c\u0153ur, il est inspirant tant dans la joie qui est transmise que dans les personnalit\u00e9s des personnages. <strong>Il y a de la po\u00e9sie<\/strong>, c\u2019est romantique, parfois un peu m\u00e9lancolique, c\u2019est <strong>une palette d\u2019\u00e9motions <\/strong>qui est belle \u00e0 recevoir. Et puis c\u2019est un tel h\u00e9ritage culturel fran\u00e7ais, qu&rsquo;il n\u2019est <strong>que bon de le revoir en vrai<\/strong>.\u00a0<\/p>\n<p>&#13;<\/p>\n<p>Certains propos ont \u00e9t\u00e9 traduits de l\u2019anglais par Lucie Guerra<\/p>\n<p>&#13;<\/p>\n<p><strong>Les Demoiselles de Rochefort<br \/><\/strong><strong>Th\u00e9\u00e2tre du Lido<br \/>116, avenue des Champs-\u00c9lys\u00e9es \u2014 8e<br \/>\u00c0 partir du 2 octobre 2025<br \/><a href=\"https:\/\/billetterie.lido2paris.com\/fr\/manifestation\/58\/les_demoiselles_de_rochefort\" rel=\"nofollow noopener noreferrer\" target=\"_blank\">Plus d&rsquo;infos<\/a><\/strong><\/p>\n","protected":false},"excerpt":{"rendered":"Catherine Deneuve et Fran\u00e7oise Dorl\u00e9ac se donnant la r\u00e9plique, des couleurs p\u00e9tillantes, des chansons cultes\u2026 En 1967, Jacques&hellip;\n","protected":false},"author":2,"featured_media":446495,"comment_status":"","ping_status":"","sticky":false,"template":"","format":"standard","meta":{"footnotes":""},"categories":[1888],"tags":[11,1777,674,1011,27,12,626,25],"class_list":{"0":"post-446494","1":"post","2":"type-post","3":"status-publish","4":"format-standard","5":"has-post-thumbnail","7":"category-paris","8":"tag-actualites","9":"tag-eu","10":"tag-europe","11":"tag-fr","12":"tag-france","13":"tag-news","14":"tag-paris","15":"tag-republique-francaise"},"share_on_mastodon":{"url":"https:\/\/pubeurope.com\/@fr\/115336392683652269","error":""},"_links":{"self":[{"href":"https:\/\/www.europesays.com\/fr\/wp-json\/wp\/v2\/posts\/446494","targetHints":{"allow":["GET"]}}],"collection":[{"href":"https:\/\/www.europesays.com\/fr\/wp-json\/wp\/v2\/posts"}],"about":[{"href":"https:\/\/www.europesays.com\/fr\/wp-json\/wp\/v2\/types\/post"}],"author":[{"embeddable":true,"href":"https:\/\/www.europesays.com\/fr\/wp-json\/wp\/v2\/users\/2"}],"replies":[{"embeddable":true,"href":"https:\/\/www.europesays.com\/fr\/wp-json\/wp\/v2\/comments?post=446494"}],"version-history":[{"count":0,"href":"https:\/\/www.europesays.com\/fr\/wp-json\/wp\/v2\/posts\/446494\/revisions"}],"wp:featuredmedia":[{"embeddable":true,"href":"https:\/\/www.europesays.com\/fr\/wp-json\/wp\/v2\/media\/446495"}],"wp:attachment":[{"href":"https:\/\/www.europesays.com\/fr\/wp-json\/wp\/v2\/media?parent=446494"}],"wp:term":[{"taxonomy":"category","embeddable":true,"href":"https:\/\/www.europesays.com\/fr\/wp-json\/wp\/v2\/categories?post=446494"},{"taxonomy":"post_tag","embeddable":true,"href":"https:\/\/www.europesays.com\/fr\/wp-json\/wp\/v2\/tags?post=446494"}],"curies":[{"name":"wp","href":"https:\/\/api.w.org\/{rel}","templated":true}]}}