{"id":446510,"date":"2025-10-08T03:28:28","date_gmt":"2025-10-08T03:28:28","guid":{"rendered":"https:\/\/www.europesays.com\/fr\/446510\/"},"modified":"2025-10-08T03:28:28","modified_gmt":"2025-10-08T03:28:28","slug":"lfi-et-les-verts-mettent-la-pression-sur-le-ps-pour-ressusciter-le-nouveau-front-populaire","status":"publish","type":"post","link":"https:\/\/www.europesays.com\/fr\/446510\/","title":{"rendered":"LFI et les Verts mettent la pression sur le PS pour ressusciter le Nouveau Front populaire"},"content":{"rendered":"<p><strong>D\u00c9CRYPTAGE <\/strong>&#8211; Les socialistes, qui souhaitent acter la rupture avec LFI, regrettent que les \u00e9cologistes se soient si vite entendus avec les Insoumis pour plaider le retour du NFP en cas d\u2019une dissolution.<\/p>\n<p class=\"fig-paragraph\">Si tout va tr\u00e8s vite en politique, tout va sans doute encore un peu plus vite du c\u00f4t\u00e9 de la gauche. La menace d\u2019une\u00a0<a href=\"http:\/\/www.lefigaro.fr\/politique\/cohabitation-dissolution-demission-comment-se-positionne-la-classe-politique-20251007\" data-fig-type=\"Article\" data-gtm-custom-categorie=\"navigation\" data-gtm-custom-action=\"crossclick\" data-gtm-custom-label=\"Contextuel\" data-gtm-event=\"customEventSPE\" data-fig-domain=\"LEFIGARO\" rel=\"nofollow noopener\" target=\"_blank\">nouvelle dissolution<\/a>, redevenue d\u2019un coup tr\u00e8s s\u00e9rieuse apr\u00e8s la d\u00e9mission de S\u00e9bastien Lecornu de Matignon lundi, a fait bouger les lignes. En guerre contre \u00e0 peu pr\u00e8s tout le monde \u00e0 gauche et lanc\u00e9 en solitaire vers une quatri\u00e8me aventure pr\u00e9sidentielle, voil\u00e0 de nouveau\u00a0<a href=\"http:\/\/www.lefigaro.fr\/politique\/demission-de-sebastien-lecornu-le-spectre-d-un-retour-aux-urnes-repose-la-question-des-alliances-a-gauche-20251006\" data-fig-type=\"Article\" data-gtm-custom-categorie=\"navigation\" data-gtm-custom-action=\"crossclick\" data-gtm-custom-label=\"Contextuel\" data-gtm-event=\"customEventSPE\" data-fig-domain=\"LEFIGARO\" rel=\"nofollow noopener\" target=\"_blank\">Jean-Luc M\u00e9lenchon<\/a>\u00a0qui s\u2019active pour le retour du\u00a0<a href=\"https:\/\/www.lefigaro.fr\/tag\/nouveau-front-populaire\" target=\"_blank\" rel=\"sponsored noopener nofollow\" data-gtm-custom-categorie=\"navigation\" data-gtm-custom-action=\"crossclick\" data-gtm-custom-label=\"Contextuel\" data-gtm-event=\"customEventSPE\">Nouveau Front populaire<\/a>\u00a0en cas de l\u00e9gislatives anticip\u00e9es. Le chef de LFI conna\u00eet trop bien la carte \u00e9lectorale pour savoir que son groupe \u00e0 l\u2019Assembl\u00e9e &#8211;\u00a071\u00a0d\u00e9put\u00e9s aujourd\u2019hui\u00a0&#8211; pourrait \u00eatre d\u00e9cim\u00e9 si une alliance \u00e0 gauche se nouait sans son mouvement.<\/p>\n<p class=\"fig-paragraph\">Les responsables Insoumis ont ainsi retrouv\u00e9, mardi matin, les \u00c9cologistes de\u00a0<a href=\"http:\/\/www.lefigaro.fr\/politique\/l-heure-est-grave-les-ecologistes-et-lfi-appellent-toute-la-gauche-a-agir-ensemble-pour-un-programme-de-rupture-20251007\" data-fig-type=\"NewsFlash\" data-gtm-custom-categorie=\"navigation\" data-gtm-custom-action=\"crossclick\" data-gtm-custom-label=\"Contextuel\" data-gtm-event=\"customEventSPE\" data-fig-domain=\"LEFIGARO\" rel=\"nofollow noopener\" target=\"_blank\">Marine Tondelier,<\/a>\u00a0ainsi que les petits partis G\u00e9n\u00e9ration-s et L\u2019Apr\u00e8s, pour une premi\u00e8re r\u00e9union dans l\u2019Est parisien. Et qu\u2019importe si l\u2019ex-candidat LFI \u00e0 la pr\u00e9sidentielle qualifiait encore la secr\u00e9taire nationale des Verts de<\/p>\n<p class=\"fig-premium-paywall__infos\">\n        Cet article est r\u00e9serv\u00e9 aux abonn\u00e9s.        Il vous reste 83% \u00e0 d\u00e9couvrir.\n    <\/p>\n<p>                <img  data- alt=\"Le Figaro\" class=\"fig-img--complete fig-img\"\/><\/p>\n<p class=\"fig-premium-paywall__title\">J-100, Le Figaro f\u00eate ses 200 ans<\/p>\n<p class=\"fig-premium-paywall__subtitle\">Offre anniversaire : 2\u20ac\/mois pendant 200 semaines<\/p>\n<p class=\"fig-premium-paywall__connect\">\n                D\u00e9j\u00e0 abonn\u00e9\u00a0?                <a class=\"fig-premium-paywall__connect-link\" href=\"https:\/\/connect.lefigaro.fr\/login?client=horizon_web&amp;type=main&amp;redirect_uri=https%3A%2F%2Fwww.lefigaro.fr%2Fpolitique%2Flfi-et-les-verts-mettent-la-pression-sur-le-ps-pour-ressusciter-le-nouveau-front-populaire-20251007\" data-js-gtm=\"{&quot;customCategorie&quot;: &quot;conversion&quot;, &quot;customAction&quot;: &quot;before_Landing_Connexion_paywall_auto&quot;, &quot;customLabel&quot;: &quot;bGVmaWdhcm8uZnJfXzFmMGEzNjIxLWM5MDgtNjY2Ni1hMzMxLWExZDg3YjNlNTRmZl9fQXJ0aWNsZQ==_LFI et les Verts mettent la pression sur le PS pour ressusciter le Nouveau Front populaire_304&quot;, &quot;customIDSPE&quot;: &quot;bGVmaWdhcm8uZnJfXzFmMGEzNjIxLWM5MDgtNjY2Ni1hMzMxLWExZDg3YjNlNTRmZl9fQXJ0aWNsZQ==&quot;, &quot;event&quot;: &quot;customEventSPE&quot;}\" rel=\"nofollow noopener\" target=\"_blank\"><br \/>\n                    Connectez-vous<br \/>\n                <\/a>\n            <\/p>\n","protected":false},"excerpt":{"rendered":"D\u00c9CRYPTAGE &#8211; Les socialistes, qui souhaitent acter la rupture avec LFI, regrettent que les \u00e9cologistes se soient si&hellip;\n","protected":false},"author":2,"featured_media":446511,"comment_status":"","ping_status":"","sticky":false,"template":"","format":"standard","meta":{"footnotes":""},"categories":[2],"tags":[11,2286,1011,27,2338,12,12017,3541,25],"class_list":{"0":"post-446510","1":"post","2":"type-post","3":"status-publish","4":"format-standard","5":"has-post-thumbnail","7":"category-actualites","8":"tag-actualites","9":"tag-eelv","10":"tag-fr","11":"tag-france","12":"tag-la-france-insoumise","13":"tag-news","14":"tag-nouveau-front-populaire","15":"tag-parti-socialiste","16":"tag-republique-francaise"},"share_on_mastodon":{"url":"https:\/\/pubeurope.com\/@fr\/115336426548449137","error":""},"_links":{"self":[{"href":"https:\/\/www.europesays.com\/fr\/wp-json\/wp\/v2\/posts\/446510","targetHints":{"allow":["GET"]}}],"collection":[{"href":"https:\/\/www.europesays.com\/fr\/wp-json\/wp\/v2\/posts"}],"about":[{"href":"https:\/\/www.europesays.com\/fr\/wp-json\/wp\/v2\/types\/post"}],"author":[{"embeddable":true,"href":"https:\/\/www.europesays.com\/fr\/wp-json\/wp\/v2\/users\/2"}],"replies":[{"embeddable":true,"href":"https:\/\/www.europesays.com\/fr\/wp-json\/wp\/v2\/comments?post=446510"}],"version-history":[{"count":0,"href":"https:\/\/www.europesays.com\/fr\/wp-json\/wp\/v2\/posts\/446510\/revisions"}],"wp:featuredmedia":[{"embeddable":true,"href":"https:\/\/www.europesays.com\/fr\/wp-json\/wp\/v2\/media\/446511"}],"wp:attachment":[{"href":"https:\/\/www.europesays.com\/fr\/wp-json\/wp\/v2\/media?parent=446510"}],"wp:term":[{"taxonomy":"category","embeddable":true,"href":"https:\/\/www.europesays.com\/fr\/wp-json\/wp\/v2\/categories?post=446510"},{"taxonomy":"post_tag","embeddable":true,"href":"https:\/\/www.europesays.com\/fr\/wp-json\/wp\/v2\/tags?post=446510"}],"curies":[{"name":"wp","href":"https:\/\/api.w.org\/{rel}","templated":true}]}}