{"id":446520,"date":"2025-10-08T03:34:17","date_gmt":"2025-10-08T03:34:17","guid":{"rendered":"https:\/\/www.europesays.com\/fr\/446520\/"},"modified":"2025-10-08T03:34:17","modified_gmt":"2025-10-08T03:34:17","slug":"wuhan-andreeva-tombe-de-haut","status":"publish","type":"post","link":"https:\/\/www.europesays.com\/fr\/446520\/","title":{"rendered":"Wuhan : Andreeva tombe de haut"},"content":{"rendered":"<p class=\"date\">\n                                                            Aur\u00e9lie Sacchelli, Media365, publi\u00e9 le mardi 07 octobre 2025 \u00e0 19h03\n                                                    <\/p>\n<p>La n\u00b05 mondiale Mirra Andreeva a \u00e9t\u00e9 \u00e9limin\u00e9e d\u00e8s les 16es de finale du WTA 1000 de Wuhan par la n\u00b057, Laura Siegemund, dans un match en trois sets o\u00f9 elle a commis 15 double-fautes<\/p>\n<p>Mirra Andreeva a fait son \u00e2ge ce mardi \u00e0 Wuhan. Souvent si brillante cette saison o\u00f9 elle a remport\u00e9 les WTA 1000 de Duba\u00ef et Indian Wells et atteint les quarts de finale \u00e0 Roland-Garros et Wimbledon, la joueuse de 18 ans a cette fois \u00e9t\u00e9 compl\u00e8tement rattrap\u00e9e par ses \u00e9motions lors de son 16e de finale dans le WTA 1000 chinois. <strong>Oppos\u00e9e \u00e0 la 57e joueuse mondiale Laura Siegemund, la n\u00b05 s&rsquo;est inclin\u00e9e en trois sets apr\u00e8s 3h01 de jeu : 6-7, 6-3, 6-3.<\/strong> Pour ce premier affrontement avec la joueuse allemande, Mirra Andreeva a commis pas moins de 15 double-fautes et elle n&rsquo;a pas pu retenir ses larmes dans le troisi\u00e8me set, o\u00f9 rien n&rsquo;allait pour elle, m\u00eame si elle a eu des occasions de d\u00e9break. A bout de nerfs, la jeune Russe a m\u00eame demand\u00e9 au cam\u00e9raman de ne pas la filmer lorsqu&rsquo;elle \u00e9tait sur sa chaise. La n\u00b05 mondiale avait pourtant r\u00e9ussi \u00e0 gagner le premier set 7-4 au jeu d\u00e9cisif. Une premi\u00e8re manche dont les quatre premiers jeux se sont conclus par des breaks, et o\u00f9 Andreeva a pris le service de son adversaire \u00e0 5-4 mais a manqu\u00e9 les deux balles de set qui ont suivi.<\/p>\n<p>Andreeva loin d&rsquo;\u00eatre qualifi\u00e9e pour le Masters<\/p>\n<p>Mais cette premi\u00e8re manche gagn\u00e9e au forceps n&rsquo;a pas \u00e9t\u00e9 suivie d&rsquo;effets. Laura Siegemund a break\u00e9 d\u00e8s le premier jeu, puis les deux joueuses se sont \u00e9chang\u00e9 les breaks-d\u00e9breaks jusqu&rsquo;\u00e0 4-3 en faveur de l&rsquo;Allemande, qui a conclu avec un dernier break \u00e0 5-3. Sur sa lanc\u00e9e, l&rsquo;Allemande a men\u00e9 3-0 dans le dernier set, puis a d\u00fb d\u00e9fendre trois balles de d\u00e9break. Elle les a sauv\u00e9es et s&rsquo;est finalement impos\u00e9e 5-3 sur sa deuxi\u00e8me balle de match. <strong>La poign\u00e9e de mains a \u00e9t\u00e9 plut\u00f4t fraiche et Siegemund a fait savoir \u00e0 l&rsquo;arbitre qu&rsquo;elle n&rsquo;avait pas appr\u00e9ci\u00e9 le comportement de son adversaire.<\/strong> Mirra Andreeva s&rsquo;arr\u00eate donc d\u00e8s les 16es de finale et reste sous la menace de Jasmine Paolini, Ekaterina Alexandrova ou encore Clara Tauson pour une qualification pour le Masters, elle qui est actuellement 7e \u00e0 la Race.<\/p>\n","protected":false},"excerpt":{"rendered":"Aur\u00e9lie Sacchelli, Media365, publi\u00e9 le mardi 07 octobre 2025 \u00e0 19h03 La n\u00b05 mondiale Mirra Andreeva a \u00e9t\u00e9&hellip;\n","protected":false},"author":2,"featured_media":446521,"comment_status":"","ping_status":"","sticky":false,"template":"","format":"standard","meta":{"footnotes":""},"categories":[1415],"tags":[1011,27,60,1467],"class_list":{"0":"post-446520","1":"post","2":"type-post","3":"status-publish","4":"format-standard","5":"has-post-thumbnail","7":"category-tennis","8":"tag-fr","9":"tag-france","10":"tag-sports","11":"tag-tennis"},"share_on_mastodon":{"url":"https:\/\/pubeurope.com\/@fr\/115336450071874047","error":""},"_links":{"self":[{"href":"https:\/\/www.europesays.com\/fr\/wp-json\/wp\/v2\/posts\/446520","targetHints":{"allow":["GET"]}}],"collection":[{"href":"https:\/\/www.europesays.com\/fr\/wp-json\/wp\/v2\/posts"}],"about":[{"href":"https:\/\/www.europesays.com\/fr\/wp-json\/wp\/v2\/types\/post"}],"author":[{"embeddable":true,"href":"https:\/\/www.europesays.com\/fr\/wp-json\/wp\/v2\/users\/2"}],"replies":[{"embeddable":true,"href":"https:\/\/www.europesays.com\/fr\/wp-json\/wp\/v2\/comments?post=446520"}],"version-history":[{"count":0,"href":"https:\/\/www.europesays.com\/fr\/wp-json\/wp\/v2\/posts\/446520\/revisions"}],"wp:featuredmedia":[{"embeddable":true,"href":"https:\/\/www.europesays.com\/fr\/wp-json\/wp\/v2\/media\/446521"}],"wp:attachment":[{"href":"https:\/\/www.europesays.com\/fr\/wp-json\/wp\/v2\/media?parent=446520"}],"wp:term":[{"taxonomy":"category","embeddable":true,"href":"https:\/\/www.europesays.com\/fr\/wp-json\/wp\/v2\/categories?post=446520"},{"taxonomy":"post_tag","embeddable":true,"href":"https:\/\/www.europesays.com\/fr\/wp-json\/wp\/v2\/tags?post=446520"}],"curies":[{"name":"wp","href":"https:\/\/api.w.org\/{rel}","templated":true}]}}