{"id":446526,"date":"2025-10-08T03:38:14","date_gmt":"2025-10-08T03:38:14","guid":{"rendered":"https:\/\/www.europesays.com\/fr\/446526\/"},"modified":"2025-10-08T03:38:14","modified_gmt":"2025-10-08T03:38:14","slug":"trois-arrivees-a-loccitane-cf-feminin-actualite","status":"publish","type":"post","link":"https:\/\/www.europesays.com\/fr\/446526\/","title":{"rendered":"Trois arriv\u00e9es \u00e0 l&rsquo;Occitane CF F\u00e9minin &#8211; Actualit\u00e9"},"content":{"rendered":"<p style=\"text-align: justify;\">L&rsquo;Occitane CF F\u00e9minin a commenc\u00e9 \u00e0 d\u00e9voiler une partie de son effectif pour l&rsquo;ann\u00e9e prochaine. <strong><a href=\"https:\/\/www.directvelo.com\/equipe\/7307\/occitane-cf-feminin\" target=\"_blank\" rel=\"noopener\">Outre des prolongations<\/a><\/strong>, la N2 annonce les arriv\u00e9es Marine Maug\u00e9 (Team ELLES-Vertou-Rayo&rsquo;Nantes), Charlotte Luberriaga (Des Roues en Elles) et Annerose Alicot (Ladynamips RVC).<\/p>\n<p><strong><a href=\"https:\/\/www.directvelo.com\/coureur\/18459\/marine-mauge\" target=\"_blank\" rel=\"noopener\">Marine Maug\u00e9<\/a><\/strong>\u00a0&#8211; notre photo -, 27 ans, est la Championne des Pays de la Loire de contre-la-montre. Dans cet exercice, elle avait \u00e9t\u00e9 m\u00e9daill\u00e9e d&rsquo;argent chez les amateurs au Championnat de France 2024. Elle avait \u00e9galement d\u00e9croch\u00e9 la 4e place de la Pointe du Raz Classic et remport\u00e9 une \u00e9tape du Tour de Charente-Maritime. Il s&rsquo;agit d&rsquo;un retour puisqu&rsquo;elle \u00e9voluait d\u00e9j\u00e0 dans le club occitan en 2022 et 2023.<\/p>\n<p><strong><a href=\"https:\/\/www.directvelo.com\/coureur\/48779\/charlotte-luberriaga\" target=\"_blank\" rel=\"noopener\">Charlotte Luberriaga<\/a><\/strong>, 19 ans, a pris la 27e place du Championnat Auvergne-Rh\u00f4ne-Alpes cette ann\u00e9e. L&rsquo;an dernier, elle avait termin\u00e9 11e du Championnat de France Universitaire.<\/p>\n<p><strong><a href=\"https:\/\/www.directvelo.com\/coureur\/53512\/annerose-alicot\" target=\"_blank\" rel=\"noopener\">Annerose Alicot<\/a><\/strong>, 36 ans, fait aussi son retour \u00e0 l&rsquo;Occitane CF apr\u00e8s une ann\u00e9e \u00e0 Ladynamips RVC. Avec la N2 du Sud, elle avait termin\u00e9 7e du Loire Ladies Tour et 8e du Crit\u00e9rium du Mont Pujols, en 2024.<\/p>\n<p>Retrouvez toutes les mutations du peloton f\u00e9minin <strong><a href=\"https:\/\/www.directvelo.com\/mutations\/2026#teams-women\" target=\"_blank\" rel=\"noopener\">en cliquant ici<\/a><\/strong>.<\/p>\n","protected":false},"excerpt":{"rendered":"L&rsquo;Occitane CF F\u00e9minin a commenc\u00e9 \u00e0 d\u00e9voiler une partie de son effectif pour l&rsquo;ann\u00e9e prochaine. Outre des prolongations,&hellip;\n","protected":false},"author":2,"featured_media":446527,"comment_status":"","ping_status":"","sticky":false,"template":"","format":"standard","meta":{"footnotes":""},"categories":[1411],"tags":[834,828,836,829,837,827,83,826,824,823,1154,207,814,817,815,816,822,821,832,211,839,1011,27,820,818,819,835,831,830,833,838,60,212,208,825],"class_list":{"0":"post-446526","1":"post","2":"type-post","3":"status-publish","4":"format-standard","5":"has-post-thumbnail","7":"category-cyclisme","8":"tag-attaque","9":"tag-belgique","10":"tag-braquet","11":"tag-bretagne","12":"tag-chute","13":"tag-competition","14":"tag-coupe-de-france","15":"tag-coureur","16":"tag-course-cyclisme","17":"tag-course-cycliste","18":"tag-cycling","19":"tag-cyclisme","20":"tag-direct","21":"tag-direct-velo","22":"tag-directvelo","23":"tag-directvelo-com","24":"tag-epreuve","25":"tag-epreuve-cycliste","26":"tag-federation-francaise-de-cyclisme","27":"tag-ffc","28":"tag-flandres","29":"tag-fr","30":"tag-france","31":"tag-live","32":"tag-live-course","33":"tag-live-epreuve","34":"tag-peloton","35":"tag-radio-peloton","36":"tag-radio-tour","37":"tag-ravitaillement","38":"tag-relance","39":"tag-sports","40":"tag-uci","41":"tag-velo","42":"tag-velos"},"share_on_mastodon":{"url":"https:\/\/pubeurope.com\/@fr\/115336465865747067","error":""},"_links":{"self":[{"href":"https:\/\/www.europesays.com\/fr\/wp-json\/wp\/v2\/posts\/446526","targetHints":{"allow":["GET"]}}],"collection":[{"href":"https:\/\/www.europesays.com\/fr\/wp-json\/wp\/v2\/posts"}],"about":[{"href":"https:\/\/www.europesays.com\/fr\/wp-json\/wp\/v2\/types\/post"}],"author":[{"embeddable":true,"href":"https:\/\/www.europesays.com\/fr\/wp-json\/wp\/v2\/users\/2"}],"replies":[{"embeddable":true,"href":"https:\/\/www.europesays.com\/fr\/wp-json\/wp\/v2\/comments?post=446526"}],"version-history":[{"count":0,"href":"https:\/\/www.europesays.com\/fr\/wp-json\/wp\/v2\/posts\/446526\/revisions"}],"wp:featuredmedia":[{"embeddable":true,"href":"https:\/\/www.europesays.com\/fr\/wp-json\/wp\/v2\/media\/446527"}],"wp:attachment":[{"href":"https:\/\/www.europesays.com\/fr\/wp-json\/wp\/v2\/media?parent=446526"}],"wp:term":[{"taxonomy":"category","embeddable":true,"href":"https:\/\/www.europesays.com\/fr\/wp-json\/wp\/v2\/categories?post=446526"},{"taxonomy":"post_tag","embeddable":true,"href":"https:\/\/www.europesays.com\/fr\/wp-json\/wp\/v2\/tags?post=446526"}],"curies":[{"name":"wp","href":"https:\/\/api.w.org\/{rel}","templated":true}]}}