{"id":446538,"date":"2025-10-08T03:44:12","date_gmt":"2025-10-08T03:44:12","guid":{"rendered":"https:\/\/www.europesays.com\/fr\/446538\/"},"modified":"2025-10-08T03:44:12","modified_gmt":"2025-10-08T03:44:12","slug":"selena-gomez-devoile-de-jolis-moments-avec-taylor-swift-iris-mittenaere-accueille-un-nouveau-chiot","status":"publish","type":"post","link":"https:\/\/www.europesays.com\/fr\/446538\/","title":{"rendered":"Selena Gomez d\u00e9voile de jolis moments avec Taylor Swift\u2026 Iris Mittenaere accueille un nouveau chiot\u2026"},"content":{"rendered":"<p class=\"mb-4 text-lg md:leading-8 break-words\"><strong>FIL DES STARS &#8211; Toute l\u2019actu people est dans \u00ab\u00a020 Minutes\u00a0\u00bb<\/strong><\/p>\n<p>Jisoo tease un duo avec Zayn Malik<\/p>\n<p class=\"mb-4 text-lg md:leading-8 break-words\">La chanteuse de <a href=\"https:\/\/www.20minutes.fr\/arts-stars\/people\/4152479-20250511-blackpink-studio-enregistrer-prochain-album?at_medium=RSS%20feed&amp;at_campaign=ynews&amp;utm_source=yahoo&amp;utm_medium=rss&amp;utm_campaign=news_feed&amp;utm_content=in_article_link\" rel=\"nofollow noopener\" target=\"_blank\" data-ylk=\"slk:Blackpink;elm:context_link;itc:0;sec:content-canvas\" class=\"link \">Blackpink<\/a> a enflamm\u00e9 les r\u00e9seaux en annon\u00e7ant une nouvelle collaboration avec un homme myst\u00e9rieux. Dans un premier <a href=\"https:\/\/www.instagram.com\/p\/DPcSL61k7Bn\/?at_medium=RSS%20feed&amp;at_campaign=ynews&amp;utm_source=yahoo&amp;utm_medium=rss&amp;utm_campaign=news_feed&amp;utm_content=in_article_link\" rel=\"nofollow noopener\" target=\"_blank\" data-ylk=\"slk:post Instagram;elm:context_link;itc:0;sec:content-canvas\" class=\"link \">post Instagram<\/a>, elle \u00e9crivait le 6\u00a0octobre\u00a0: \u00ab\u00a0Un duo est proche\u00a0\u00bb, au c\u00f4t\u00e9 d\u2019une photo d\u2019elle au premier plan, une silhouette sombre au loin. Quelques heures plus tard, un autre <a href=\"https:\/\/www.instagram.com\/p\/DPe3GL2kwdz\/?at_medium=RSS%20feed&amp;at_campaign=ynews&amp;utm_source=yahoo&amp;utm_medium=rss&amp;utm_campaign=news_feed&amp;utm_content=in_article_link\" rel=\"nofollow noopener\" target=\"_blank\" data-ylk=\"slk:clich\u00e9;elm:context_link;itc:0;sec:content-canvas\" class=\"link \">clich\u00e9<\/a> donne \u00e0 voir l\u2019homme en noir de plus pr\u00e8s, de dos, un tatouage sur le cr\u00e2ne qui ne laisse plus place au doute pour les fans avis\u00e9s.<\/p>\n<p class=\"mb-4 text-lg md:leading-8 break-words\">Il s\u2019agit selon eux de <a href=\"https:\/\/www.20minutes.fr\/arts-stars\/people\/4176660-20251002-kendji-girac-devoile-prenom-fils-zayn-malik-louis-tomlinson-devraient-reunir-netflix?at_medium=RSS%20feed&amp;at_campaign=ynews&amp;utm_source=yahoo&amp;utm_medium=rss&amp;utm_campaign=news_feed&amp;utm_content=in_article_link\" rel=\"nofollow noopener\" target=\"_blank\" data-ylk=\"slk:Zayn Malik;elm:context_link;itc:0;sec:content-canvas\" class=\"link \">Zayn Malik<\/a>, ancien membre des One Direction. D\u2019autant que le chanteur a \u00e9t\u00e9 aper\u00e7u au concert de Blackpink \u00e0 New York au mois de juillet, accompagn\u00e9 de sa fille Khai. \u00ab\u00a0@Blackpinkofficial merci \ud83d\ude42 Moi &amp; Khai avons ador\u00e9\u00a0\u00bb, avait-il t\u00e9moign\u00e9 sur Instagram la suite du concert. \u00ab\u00a0Deux voix, une orbite. Bient\u00f4t\u00a0\u00bb, a \u00e9crit la chanteuse pour ce nouveau titre intitul\u00e9 Eyes Closed.<\/p>\n<p>Selena Gomez d\u00e9voile des photos et une vid\u00e9o avec Taylor Swift de son mariageIris Mittenaere accueille un nouveau chiot<\/p>\n<p class=\"mb-4 text-lg md:leading-8 break-words\">Miss France 2016 a fait fondre ses abonn\u00e9s avec une vid\u00e9o sur <a href=\"https:\/\/www.instagram.com\/p\/DPeaf7gDFds\/?at_medium=RSS%20feed&amp;at_campaign=ynews&amp;utm_source=yahoo&amp;utm_medium=rss&amp;utm_campaign=news_feed&amp;utm_content=in_article_link\" rel=\"nofollow noopener\" target=\"_blank\" data-ylk=\"slk:Instagram;elm:context_link;itc:0;sec:content-canvas\" class=\"link \">Instagram<\/a>. On l\u2019y voit ouvrir la fermeture \u00c9clair de son sweat rebondi pour d\u00e9voiler une adorable boule de poils sable aux yeux clairs. \u00ab\u00a0Le secret \u00e9tait sous vos yeux, qui l\u2019avait vu\u00a0? Welcome home\u2026\u00a0\u00bb, note l\u2019ex-fianc\u00e9e de <a href=\"https:\/\/www.20minutes.fr\/arts-stars\/people\/4158006-20250611-diego-el-glaoui-affirme-iris-mittenaere-infidele-pendant-relation?at_medium=RSS%20feed&amp;at_campaign=ynews&amp;utm_source=yahoo&amp;utm_medium=rss&amp;utm_campaign=news_feed&amp;utm_content=in_article_link\" rel=\"nofollow noopener\" target=\"_blank\" data-ylk=\"slk:Diego El Glaoui;elm:context_link;itc:0;sec:content-canvas\" class=\"link \">Diego El Glaoui<\/a>.<\/p>\n<p class=\"mb-4 text-lg md:leading-8 break-words\">En story, l\u2019ancienne reine de beaut\u00e9 de 32 ans avait teas\u00e9 une \u00ab\u00a0surprise\u00a0\u00bb. \u00ab\u00a0\u00c7a fait un peu plus d\u2019une semaine qu\u2019elle est avec nous et \u00e7a a \u00e9t\u00e9 toute une aventure pour la ramener\u00a0\u00bb, gli(&#8230;)<\/p>\n<p class=\"mb-4 text-lg md:leading-8 break-words\"><a href=\"https:\/\/www.20minutes.fr\/arts-stars\/people\/4177741-20251007-selena-gomez-devoile-jolis-moments-taylor-swift-iris-mittenaere-accueille-nouveau-chiot?at_medium=RSS%20feed&amp;at_campaign=ynews&amp;utm_source=yahoo&amp;utm_medium=rss&amp;utm_campaign=news_feed&amp;utm_content=read_more_link&quot;\" rel=\"nofollow noopener\" target=\"_blank\" data-ylk=\"slk:Lire la suite sur 20minutes;elm:context_link;itc:0;sec:content-canvas\" class=\"link \">Lire la suite sur 20minutes<\/a><\/p>\n<p>\u00c0 lire aussi :<br \/><a href=\"https:\/\/www.20minutes.fr\/arts-stars\/people\/4170009-20250828-adorable-reaction-selena-gomez-fiancailles-meilleure-amie-taylor-swift?at_medium=RSS%20feed&amp;at_campaign=ynews&amp;utm_source=yahoo&amp;utm_medium=rss&amp;utm_campaign=news_feed&amp;utm_content=related_content_link\" rel=\"nofollow noopener\" target=\"_blank\" data-ylk=\"slk:L\u2019adorable r\u00e9action de Selena Gomez aux fian\u00e7ailles de sa meilleure amie Taylor Swift;elm:context_link;itc:0;sec:content-canvas\" class=\"link \">L\u2019adorable r\u00e9action de Selena Gomez aux fian\u00e7ailles de sa meilleure amie Taylor Swift<\/a><br \/><a href=\"https:\/\/www.20minutes.fr\/arts-stars\/people\/4167090-20250807-selena-gomez-taylor-swift-devenues-amies-grace-ruptures-jonas-brothers?at_medium=RSS%20feed&amp;at_campaign=ynews&amp;utm_source=yahoo&amp;utm_medium=rss&amp;utm_campaign=news_feed&amp;utm_content=related_content_link\" rel=\"nofollow noopener\" target=\"_blank\" data-ylk=\"slk:Selena Gomez et Taylor Swift sont devenues amies gr\u00e2ce \u00e0 leurs ruptures avec des Jonas Brothers;elm:context_link;itc:0;sec:content-canvas\" class=\"link \">Selena Gomez et Taylor Swift sont devenues amies gr\u00e2ce \u00e0 leurs ruptures avec des Jonas Brothers<\/a><\/p>\n<p><script async src=\"\/\/www.instagram.com\/embed.js\"><\/script><\/p>\n","protected":false},"excerpt":{"rendered":"FIL DES STARS &#8211; Toute l\u2019actu people est dans \u00ab\u00a020 Minutes\u00a0\u00bb Jisoo tease un duo avec Zayn Malik&hellip;\n","protected":false},"author":2,"featured_media":446539,"comment_status":"","ping_status":"","sticky":false,"template":"","format":"standard","meta":{"footnotes":""},"categories":[1355],"tags":[642,58,59,1011,27,39217,1361,873,57262,8831,2713,57261],"class_list":{"0":"post-446538","1":"post","2":"type-post","3":"status-publish","4":"format-standard","5":"has-post-thumbnail","7":"category-musique","8":"tag-20-minutes","9":"tag-divertissement","10":"tag-entertainment","11":"tag-fr","12":"tag-france","13":"tag-mois-de-juillet","14":"tag-music","15":"tag-musique","16":"tag-reine-de-beaute","17":"tag-selena-gomez","18":"tag-taylor-swift","19":"tag-zayn-malik"},"share_on_mastodon":{"url":"https:\/\/pubeurope.com\/@fr\/115336489677293201","error":""},"_links":{"self":[{"href":"https:\/\/www.europesays.com\/fr\/wp-json\/wp\/v2\/posts\/446538","targetHints":{"allow":["GET"]}}],"collection":[{"href":"https:\/\/www.europesays.com\/fr\/wp-json\/wp\/v2\/posts"}],"about":[{"href":"https:\/\/www.europesays.com\/fr\/wp-json\/wp\/v2\/types\/post"}],"author":[{"embeddable":true,"href":"https:\/\/www.europesays.com\/fr\/wp-json\/wp\/v2\/users\/2"}],"replies":[{"embeddable":true,"href":"https:\/\/www.europesays.com\/fr\/wp-json\/wp\/v2\/comments?post=446538"}],"version-history":[{"count":0,"href":"https:\/\/www.europesays.com\/fr\/wp-json\/wp\/v2\/posts\/446538\/revisions"}],"wp:featuredmedia":[{"embeddable":true,"href":"https:\/\/www.europesays.com\/fr\/wp-json\/wp\/v2\/media\/446539"}],"wp:attachment":[{"href":"https:\/\/www.europesays.com\/fr\/wp-json\/wp\/v2\/media?parent=446538"}],"wp:term":[{"taxonomy":"category","embeddable":true,"href":"https:\/\/www.europesays.com\/fr\/wp-json\/wp\/v2\/categories?post=446538"},{"taxonomy":"post_tag","embeddable":true,"href":"https:\/\/www.europesays.com\/fr\/wp-json\/wp\/v2\/tags?post=446538"}],"curies":[{"name":"wp","href":"https:\/\/api.w.org\/{rel}","templated":true}]}}