{"id":446542,"date":"2025-10-08T03:46:15","date_gmt":"2025-10-08T03:46:15","guid":{"rendered":"https:\/\/www.europesays.com\/fr\/446542\/"},"modified":"2025-10-08T03:46:15","modified_gmt":"2025-10-08T03:46:15","slug":"pas-daffolement-pour-sante-publique-france-qui-rassure-sur-le-variant-frankenstein","status":"publish","type":"post","link":"https:\/\/www.europesays.com\/fr\/446542\/","title":{"rendered":"pas \u00ab\u00a0d\u2019affolement\u00a0\u00bb pour Sant\u00e9 publique France, qui rassure sur le variant Frankenstein"},"content":{"rendered":"<p>        <img decoding=\"async\" loading=\"lazy\" src=\"https:\/\/www.europesays.com\/fr\/wp-content\/uploads\/2025\/10\/6c49695_1713174152733-gettyimages-1419096817.jpg\"  width=\"728\" height=\"410\" alt=\"Le vaccin contre le Covid, dont la campagne de vaccination d\u00e9butera le 14\u00a0octobre en France, est int\u00e9gralement rembours\u00e9 pour tous les Fran\u00e7ais.\"\/>  <\/p>\n<p>NoSystem images \/ Getty Images<\/p>\n<p>Le vaccin contre le Covid, dont la campagne de vaccination d\u00e9butera le 14\u00a0octobre en France, est int\u00e9gralement rembours\u00e9 pour tous les Fran\u00e7ais.<\/p>\n<p class=\"asset asset-text\">SANT\u00c9 &#8211; Pas de panique \u00e0 bord. Malgr\u00e9 la m\u00e9diatisation du <a href=\"https:\/\/www.huffingtonpost.fr\/life\/article\/le-variant-frankenstein-du-covid-19-en-hausse-cet-automne-quels-en-sont-les-symptomes_255449.html\" target=\"_blank\" rel=\"noopener\">variant du Covid-19\u00a0portant le surnom \u00e9vocateur de \u00ab\u00a0Frankenstein\u00a0\u00bb<\/a>, la directrice g\u00e9n\u00e9rale de Sant\u00e9 publique France s\u2019est montr\u00e9e rassurante sur la propagation du virus dans l\u2019Hexagone ce mardi 7\u00a0octobre.<\/p>\n<p class=\"asset asset-text\">Selon Caroline Semaille, la reprise des cas de <a href=\"https:\/\/www.huffingtonpost.fr\/life\/article\/le-cycle-menstruel-des-femmes-est-perturbe-par-le-covid-long-revele-une-etude_254981.html\" target=\"_blank\" rel=\"noopener\">Covid-19<\/a>, sensible en France depuis plusieurs semaines, n\u2019est en effet pas assez marqu\u00e9e pour avancer le lancement de la campagne de vaccination pr\u00e9vu mi-octobre. Elle appelle donc \u00e0 \u00e9viter \u00ab\u00a0l\u2019affolement\u00a0\u00bb face \u00e0 ce <a href=\"https:\/\/www.huffingtonpost.fr\/france\/article\/covid-19-chiffres-viralite-ce-que-l-on-sait-du-nouveau-variant-detecte-en-france_250493.html\" target=\"_blank\" rel=\"noopener\">nouveau variant<\/a>.<\/p>\n<p class=\"asset asset-text\">\u00ab\u00a0Il n\u2019y a rien d\u2019anormal, on est plut\u00f4t inf\u00e9rieur \u00e0 ce qu\u2019on a observ\u00e9 au m\u00eame moment de l\u2019ann\u00e9e derni\u00e8re\u00a0\u00bb, a expliqu\u00e9 Caroline Semaille lors d\u2019une visioconf\u00e9rence d\u00e9di\u00e9e aux mesures de lutte contre les \u00e9pid\u00e9mies respiratoires d\u2019automne-hiver comme la grippe, le Covid et la bronchiolite. Il faut dire que depuis plusieurs semaines, le Covid donne des signes de reprise avec une hausse des consultations et une pr\u00e9sence accrue du virus dans les eaux us\u00e9es. Mais \u00e0 ce stade, les donn\u00e9es ne semblent pas montrer de flamb\u00e9e des cas.<\/p>\n<p class=\"asset asset-text\">\u00ab\u00a0Dans les eaux us\u00e9es, \u00e7a commence \u00e0 se stabiliser\u00a0\u00bb, a m\u00eame soulign\u00e9 la repr\u00e9sentante de Sant\u00e9 publique France, notant toutefois que l\u2019on commence \u00e0 \u00ab\u00a0voir un petit peu plus de passages aux urgences et \u00e9ventuellement d\u2019hospitalisations\u00a0\u00bb. Elle ajoute en ce sens qu\u2019un nouveau bilan hebdomadaire sera communiqu\u00e9 mercredi.<\/p>\n<p>                     \u00ab\u00a0Le vaccin disponible est efficace sur cette souche\u00a0\u00bb    <\/p>\n<p class=\"asset asset-text\">Quant \u00e0 la campagne de vaccination, elle commencera donc comme pr\u00e9vu le 14\u00a0octobre, de mani\u00e8re \u00e0 \u00eatre coupl\u00e9e \u00e0 celle contre la grippe, les autorit\u00e9s sanitaires estimant qu\u2019il n\u2019y a pas d\u2019urgence \u00e0 acc\u00e9l\u00e9rer la lutte contre le Covid. \u00ab\u00a0On n\u2019avait pas les arguments sur le plan \u00e9pid\u00e9miologique pour modifier cette date du lancement du 14\u00a0octobre\u00a0\u00bb, ajoute Didier Lepelletier, directeur g\u00e9n\u00e9ral de la Sant\u00e9, charg\u00e9 des campagnes de vaccination.<\/p>\n<p class=\"asset asset-text\">Lui aussi appelle \u00e0 ne pas s\u2019inqui\u00e9ter de l\u2019\u00e9mergence depuis cet \u00e9t\u00e9 d\u2019un variant, baptis\u00e9 XFG et nouvel avatar de la grande famille Omicron. Souvent surnomm\u00e9 \u00ab\u00a0Frankenstein\u00a0\u00bb, notamment sur les r\u00e9seaux sociaux, il appara\u00eet potentiellement plus contagieux mais pas plus dangereux \u00e0 ce stade. \u00ab\u00a0Pas d\u2019affolement, le vaccin disponible est efficace sur cette souche (et) il n\u2019y aura pas d\u2019\u00e9chappement immunitaire li\u00e9 \u00e0 cette souche en particulier\u00a0\u00bb, a d\u00e9clar\u00e9 le directeur g\u00e9n\u00e9ral de la Sant\u00e9.<\/p>\n<p class=\"asset asset-text\">Dans ce cadre, les repr\u00e9sentants de Sant\u00e9 publique France comme du minist\u00e8re de la Sant\u00e9 ont quand m\u00eame fortement encourag\u00e9 \u00e0 se faire vacciner \u00e0 la fois contre le Covid et la grippe, particuli\u00e8rement virulente la saison derni\u00e8re avec plus de 17\u00a0000 d\u00e9c\u00e8s estim\u00e9s. Avec comme priorit\u00e9 les personnes jug\u00e9es \u00e0 risque de formes graves pour ces deux pathologies respiratoires. On estime leur nombre \u00e0 19\u00a0millions de personnes en France. Parmi eux, on compte notamment les plus de 65\u00a0ans, les patients atteints de malades chroniques et les femmes enceintes.<\/p>\n","protected":false},"excerpt":{"rendered":"NoSystem images \/ Getty Images Le vaccin contre le Covid, dont la campagne de vaccination d\u00e9butera le 14\u00a0octobre&hellip;\n","protected":false},"author":2,"featured_media":446543,"comment_status":"","ping_status":"","sticky":false,"template":"","format":"standard","meta":{"footnotes":""},"categories":[10],"tags":[4357,1011,27,72,71,5699,773,5336],"class_list":{"0":"post-446542","1":"post","2":"type-post","3":"status-publish","4":"format-standard","5":"has-post-thumbnail","7":"category-sante","8":"tag-covid-19","9":"tag-fr","10":"tag-france","11":"tag-health","12":"tag-sante","13":"tag-sante-publique","14":"tag-vaccin","15":"tag-virus"},"share_on_mastodon":{"url":"https:\/\/pubeurope.com\/@fr\/115336497720500439","error":""},"_links":{"self":[{"href":"https:\/\/www.europesays.com\/fr\/wp-json\/wp\/v2\/posts\/446542","targetHints":{"allow":["GET"]}}],"collection":[{"href":"https:\/\/www.europesays.com\/fr\/wp-json\/wp\/v2\/posts"}],"about":[{"href":"https:\/\/www.europesays.com\/fr\/wp-json\/wp\/v2\/types\/post"}],"author":[{"embeddable":true,"href":"https:\/\/www.europesays.com\/fr\/wp-json\/wp\/v2\/users\/2"}],"replies":[{"embeddable":true,"href":"https:\/\/www.europesays.com\/fr\/wp-json\/wp\/v2\/comments?post=446542"}],"version-history":[{"count":0,"href":"https:\/\/www.europesays.com\/fr\/wp-json\/wp\/v2\/posts\/446542\/revisions"}],"wp:featuredmedia":[{"embeddable":true,"href":"https:\/\/www.europesays.com\/fr\/wp-json\/wp\/v2\/media\/446543"}],"wp:attachment":[{"href":"https:\/\/www.europesays.com\/fr\/wp-json\/wp\/v2\/media?parent=446542"}],"wp:term":[{"taxonomy":"category","embeddable":true,"href":"https:\/\/www.europesays.com\/fr\/wp-json\/wp\/v2\/categories?post=446542"},{"taxonomy":"post_tag","embeddable":true,"href":"https:\/\/www.europesays.com\/fr\/wp-json\/wp\/v2\/tags?post=446542"}],"curies":[{"name":"wp","href":"https:\/\/api.w.org\/{rel}","templated":true}]}}