{"id":446557,"date":"2025-10-08T03:55:20","date_gmt":"2025-10-08T03:55:20","guid":{"rendered":"https:\/\/www.europesays.com\/fr\/446557\/"},"modified":"2025-10-08T03:55:20","modified_gmt":"2025-10-08T03:55:20","slug":"la-suite-de-cette-serie-diffusee-sur-france-2-est-en-tournage-a-saint-etienne","status":"publish","type":"post","link":"https:\/\/www.europesays.com\/fr\/446557\/","title":{"rendered":"La suite de cette s\u00e9rie, diffus\u00e9e sur France 2, est en tournage \u00e0 Saint-\u00c9tienne"},"content":{"rendered":"<p>La s\u00e9rie \u00ab\u00a0Immeuble partag\u00e9\u00a0\u00bb diffus\u00e9e sur France 2 aura droit \u00e0 une saison 2. Comme pour la premi\u00e8re, les prochains \u00e9pisodes sont en train d&rsquo;\u00eatre tourn\u00e9s \u00e0 Saint-\u00c9tienne.<\/p>\n<p>La saison 2 de <b>la s\u00e9rie \u00ab\u00a0Immeuble partag\u00e9\u00a0\u00bb<\/b> est en tournage en ce moment \u00e0 <b>Saint-\u00c9tienne<\/b> ! Les \u00e9pisodes sont film\u00e9s au Palais des Spectacles et au c\u0153ur de l&rsquo;habitat participatif des Castors, au Cr\u00eat-de-Roc.<\/p>\n<p>La saison 1, diffus\u00e9e sur France 2, <a class=\"url\" href=\"https:\/\/www.radioscoop.com\/infos\/une-serie-de-france-2-entierement-tournee-a-saint-etienne_337303\" target=\"_blank\" rel=\"noopener\">avait d\u00e9j\u00e0 \u00e9t\u00e9 tourn\u00e9e exclusivement dans la cit\u00e9 st\u00e9phanoise<\/a> en octobre 2024.<\/p>\n<p>La s\u00e9rie diffus\u00e9e tous les samedis soirs sur France 2<\/p>\n<p>Les t\u00e9l\u00e9spectateurs pourront de nouveau retrouver les personnages de Mehdi, William, Myriam, Charlotte, Ondine, Jean-Marc, Maurice et d&rsquo;autres encore.<\/p>\n<p>Certains sont jeunes, d&rsquo;autres seniors, certains valides, d&rsquo;autres porteurs d&rsquo;un handicap. L&rsquo;objectif de la s\u00e9rie est simple : \u00ab\u00a0faire rigoler, sourire, s&rsquo;amuser\u00a0\u00bb.<\/p>\n<p><b>\u00ab\u00a0Immeuble Partag\u00e9\u00a0\u00bb<\/b> est compos\u00e9e de <b>46 \u00e9pisodes de deux minutes<\/b> et vient remplacer la s\u00e9rie<b>\u00a0<\/b>\u00ab\u00a0<a class=\"url\" href=\"https:\/\/www.france.tv\/france-2\/vestiaires\/\" target=\"_blank\" rel=\"noopener\">Vestiaire<\/a>\u00ab\u00a0. <\/p>\n<p>En attendant la saison 2, retrouvez tous les \u00e9pisodes de la s\u00e9rie tous les\u00a0<b>samedis \u00e0 21h<\/b>\u00a0sur France 2 ou en replay sur <a class=\"url\" href=\"https:\/\/www.france.tv\/france-2\/immeuble-partage\/\" target=\"_blank\" rel=\"noopener\">France.tv<\/a>.<\/p>\n<p><img loading=\"lazy\" decoding=\"async\" src=\"https:\/\/www.europesays.com\/fr\/wp-content\/uploads\/2025\/10\/1759895720_37_img\" width=\"350\" height=\"200\" border=\"0\" title=\"Le mus\u00c3\u00a9e de la mine - Vue du Chevalement et des crassiers\"\/><\/p>\n<p>\u25baSciences<\/p>\n<p style=\"font-size: 22px;\"><b>Saint-\u00c9tienne : quand le mus\u00e9e de la mine devient \u00ab\u00a0un manoir de la recherche\u00a0\u00bb<\/b><\/p>\n<p>Le mus\u00e9e de la mine accueille, ce vendredi 3 octobre,&#8230;<\/p>\n<p><\/p>\n","protected":false},"excerpt":{"rendered":"La s\u00e9rie \u00ab\u00a0Immeuble partag\u00e9\u00a0\u00bb diffus\u00e9e sur France 2 aura droit \u00e0 une saison 2. Comme pour la premi\u00e8re,&hellip;\n","protected":false},"author":2,"featured_media":446558,"comment_status":"","ping_status":"","sticky":false,"template":"","format":"standard","meta":{"footnotes":""},"categories":[9653],"tags":[1111,11,2430,1777,674,1011,27,594,51624,12,25,9920,4001,57268],"class_list":{"0":"post-446557","1":"post","2":"type-post","3":"status-publish","4":"format-standard","5":"has-post-thumbnail","7":"category-saint-etienne","8":"tag-actu","9":"tag-actualites","10":"tag-auvergne-rhone-alpes","11":"tag-eu","12":"tag-europe","13":"tag-fr","14":"tag-france","15":"tag-france-2","16":"tag-immeuble-partag","17":"tag-news","18":"tag-republique-francaise","19":"tag-saint-tienne","20":"tag-saint-etienne","21":"tag-tho-curin"},"share_on_mastodon":{"url":"https:\/\/pubeurope.com\/@fr\/115336533180047720","error":""},"_links":{"self":[{"href":"https:\/\/www.europesays.com\/fr\/wp-json\/wp\/v2\/posts\/446557","targetHints":{"allow":["GET"]}}],"collection":[{"href":"https:\/\/www.europesays.com\/fr\/wp-json\/wp\/v2\/posts"}],"about":[{"href":"https:\/\/www.europesays.com\/fr\/wp-json\/wp\/v2\/types\/post"}],"author":[{"embeddable":true,"href":"https:\/\/www.europesays.com\/fr\/wp-json\/wp\/v2\/users\/2"}],"replies":[{"embeddable":true,"href":"https:\/\/www.europesays.com\/fr\/wp-json\/wp\/v2\/comments?post=446557"}],"version-history":[{"count":0,"href":"https:\/\/www.europesays.com\/fr\/wp-json\/wp\/v2\/posts\/446557\/revisions"}],"wp:featuredmedia":[{"embeddable":true,"href":"https:\/\/www.europesays.com\/fr\/wp-json\/wp\/v2\/media\/446558"}],"wp:attachment":[{"href":"https:\/\/www.europesays.com\/fr\/wp-json\/wp\/v2\/media?parent=446557"}],"wp:term":[{"taxonomy":"category","embeddable":true,"href":"https:\/\/www.europesays.com\/fr\/wp-json\/wp\/v2\/categories?post=446557"},{"taxonomy":"post_tag","embeddable":true,"href":"https:\/\/www.europesays.com\/fr\/wp-json\/wp\/v2\/tags?post=446557"}],"curies":[{"name":"wp","href":"https:\/\/api.w.org\/{rel}","templated":true}]}}