{"id":446564,"date":"2025-10-08T04:00:10","date_gmt":"2025-10-08T04:00:10","guid":{"rendered":"https:\/\/www.europesays.com\/fr\/446564\/"},"modified":"2025-10-08T04:00:10","modified_gmt":"2025-10-08T04:00:10","slug":"vous-passez-par-le-centre-de-montpellier-voici-les-fermetures-a-connaitre-des-aujourdhui","status":"publish","type":"post","link":"https:\/\/www.europesays.com\/fr\/446564\/","title":{"rendered":"Vous passez par le centre de Montpellier ? Voici les fermetures \u00e0 conna\u00eetre d\u00e8s aujourd&rsquo;hui"},"content":{"rendered":"<p>            Par<br \/>\n        <strong><br \/>\n            <a href=\"https:\/\/actu.fr\/auteur\/metropoop\" title=\"Consulter tous les articles de R\u00e9daction M\u00e9tropolitain\" rel=\"nofollow noopener\" target=\"_blank\">R\u00e9daction M\u00e9tropolitain<\/a><br \/>\n        <\/strong><\/p>\n<p>        Publi\u00e9 le<\/p>\n<p>            8 oct. 2025 \u00e0 5h08        <\/p>\n<p><a href=\"https:\/\/actu.fr\/occitanie\/montpellier_34172\/montpellier-l-acces-au-parking-de-la-comedie-par-la-rue-victor-hugo-sera-ferme-plusieurs-mois_62713932.html\" rel=\"nofollow noopener\" target=\"_blank\">Sous la place de la Com\u00e9die, les travaux battent leur plein.<\/a> Le futur am\u00e9nagement pr\u00e9voit une galerie cyclable et la modernisation du parking existant. Apr\u00e8s plusieurs mois d\u2019intervention, la fin du chantier approche. La mise en service est pr\u00e9vue <strong>pour le 27 novembre prochain<\/strong>, marquant une nouvelle \u00e9tape dans la transformation du centre-ville.<\/p>\n<p>    <a href=\"https:\/\/www.google.com\/maps\/embed?pb=!1m18!1m12!1m3!1d23114.090373704526!2d3.8338559999999995!3d43.6011008!2m3!1f0!2f0!3f0!3m2!1i1024!2i768!4f13.1!3m3!1m2!1s0x12b6afa73c64b9ed%3A0xaa592f351e697ee8!2sPl.%20de%20la%20Com%C3%A9die%2C%2034000%20Montpellier!5e0!3m2!1sen!2sfr!4v1759856642220!5m2!1sen!2sfr\" title=\"Ouvrie le lien\" rel=\"nofollow noopener\" target=\"_blank\">Cliquez ici pour visualiser le contenu<\/a><\/p>\n<p>Fermeture des sorties ce mercredi 8 octobre<\/p>\n<p class=\" wall-content\">Pour permettre la poursuite des am\u00e9nagements, les sorties du parking situ\u00e9es rue du Jeu de Ballon et rue Michelet seront ferm\u00e9es <strong>ce mercredi 8 octobre 2025<\/strong>, de 7h \u00e0 17h. Durant cette p\u00e9riode, les automobilistes devront utiliser l\u2019ancienne sortie du boulevard Sarrail.\u00a0<\/p>\n<p class=\" wall-content\">Une nouvelle \u00e9tape du chantier aura lieu la semaine suivante. L\u2019entr\u00e9e du parking donnant sur l\u2019avenue Fr\u00e9d\u00e9ric Mistral sera ferm\u00e9e <strong>dans la nuit du mardi 14 au mercredi 15 octobre<\/strong>, entre 22h et 6h du matin. Aucune autre entr\u00e9e ne sera accessible pendant ces huit heures d\u2019intervention. Les automobilistes souhaitant se garer en centre-ville devront alors se reporter vers le parking du Corum, accessible durant toute la dur\u00e9e de la fermeture. Les sorties du Jeu du Ballon et de Michelet resteront, elles, ouvertes.<\/p>\n<p class=\" wall-content\">\n<p class=\" wall-content\">Personnalisez votre actualit\u00e9 en ajoutant vos villes et m\u00e9dias en favori avec <a href=\"https:\/\/moncompte.actu.fr\" title=\"D\u00e9couvez Mon Actu\" rel=\"nofollow noopener\" data-trk=\"{&quot;cta&quot;:{&quot;action&quot;:&quot;https:\\\/\\\/moncompte.actu.fr&quot;,&quot;category&quot;:&quot;mon compte&quot;,&quot;from&quot;:&quot;article footer&quot;,&quot;name&quot;:&quot;Mon actu&quot;,&quot;type&quot;:&quot;cta&quot;}}\" target=\"_blank\">Mon Actu<\/a>.<\/p>\n","protected":false},"excerpt":{"rendered":"Par R\u00e9daction M\u00e9tropolitain Publi\u00e9 le 8 oct. 2025 \u00e0 5h08 Sous la place de la Com\u00e9die, les travaux&hellip;\n","protected":false},"author":2,"featured_media":446565,"comment_status":"","ping_status":"","sticky":false,"template":"","format":"standard","meta":{"footnotes":""},"categories":[9599],"tags":[1111,11,3542,1777,674,1011,27,2208,12,2680,25,104,2803,2086],"class_list":{"0":"post-446564","1":"post","2":"type-post","3":"status-publish","4":"format-standard","5":"has-post-thumbnail","7":"category-montpellier","8":"tag-actu","9":"tag-actualites","10":"tag-circulation","11":"tag-eu","12":"tag-europe","13":"tag-fr","14":"tag-france","15":"tag-montpellier","16":"tag-news","17":"tag-occitanie","18":"tag-republique-francaise","19":"tag-societe","20":"tag-transport","21":"tag-travaux"},"share_on_mastodon":{"url":"https:\/\/pubeurope.com\/@fr\/115336552359611382","error":""},"_links":{"self":[{"href":"https:\/\/www.europesays.com\/fr\/wp-json\/wp\/v2\/posts\/446564","targetHints":{"allow":["GET"]}}],"collection":[{"href":"https:\/\/www.europesays.com\/fr\/wp-json\/wp\/v2\/posts"}],"about":[{"href":"https:\/\/www.europesays.com\/fr\/wp-json\/wp\/v2\/types\/post"}],"author":[{"embeddable":true,"href":"https:\/\/www.europesays.com\/fr\/wp-json\/wp\/v2\/users\/2"}],"replies":[{"embeddable":true,"href":"https:\/\/www.europesays.com\/fr\/wp-json\/wp\/v2\/comments?post=446564"}],"version-history":[{"count":0,"href":"https:\/\/www.europesays.com\/fr\/wp-json\/wp\/v2\/posts\/446564\/revisions"}],"wp:featuredmedia":[{"embeddable":true,"href":"https:\/\/www.europesays.com\/fr\/wp-json\/wp\/v2\/media\/446565"}],"wp:attachment":[{"href":"https:\/\/www.europesays.com\/fr\/wp-json\/wp\/v2\/media?parent=446564"}],"wp:term":[{"taxonomy":"category","embeddable":true,"href":"https:\/\/www.europesays.com\/fr\/wp-json\/wp\/v2\/categories?post=446564"},{"taxonomy":"post_tag","embeddable":true,"href":"https:\/\/www.europesays.com\/fr\/wp-json\/wp\/v2\/tags?post=446564"}],"curies":[{"name":"wp","href":"https:\/\/api.w.org\/{rel}","templated":true}]}}