{"id":446566,"date":"2025-10-08T04:01:14","date_gmt":"2025-10-08T04:01:14","guid":{"rendered":"https:\/\/www.europesays.com\/fr\/446566\/"},"modified":"2025-10-08T04:01:14","modified_gmt":"2025-10-08T04:01:14","slug":"un-centre-international-venu-du-sud-debarque-au-mhr","status":"publish","type":"post","link":"https:\/\/www.europesays.com\/fr\/446566\/","title":{"rendered":"Un centre international venu du Sud d\u00e9barque au MHR"},"content":{"rendered":"<p>Le MHR enregistre cette semaine l\u2019arriv\u00e9e d\u2019un centre international argentin de 23 ans, comptant d\u00e9j\u00e0 neuf s\u00e9lections avec les Pumas. Recrut\u00e9 durant l\u2019\u00e9t\u00e9, Justo Piccardo n\u2019avait pas encore rejoint l\u2019effectif montpelli\u00e9rain. Il avait \u00e9t\u00e9 retenu par ses engagements avec la s\u00e9lection nationale. Son arriv\u00e9e marque une \u00e9tape importante dans le renforcement du secteur offensif du club h\u00e9raultais.<\/p>\n<p>\u00a0<\/p>\n<p>Une arriv\u00e9e \u00e0 Montpellier sous condition<\/p>\n<p>Le centre argentin a pos\u00e9 ses valises en d\u00e9but de semaine dans l\u2019H\u00e9rault, mais son s\u00e9jour pourrait \u00eatre de courte dur\u00e9e. Les tests internationaux de novembre approchent et une nouvelle convocation avec les Pumas n\u2019est pas \u00e0 exclure pour Justo Piccardo. Le MHR, actuellement 8e du Top 14, devra composer avec cette incertitude tout en int\u00e9grant progressivement sa recrue dans la rotation.<\/p>\n<p>\u00a0<\/p>\n<p>Outre ce renfort venu du Sud, Montpellier attend \u00e9galement l\u2019arriv\u00e9e d\u2019un troisi\u00e8me-ligne australien. \u00c2g\u00e9 de 24 ans et fort de 18 s\u00e9lections, Langi Gleeson est attendu dans les prochaines semaines pour \u00e9toffer l\u2019effectif. Le club h\u00e9raultais est en qu\u00eate de stabilit\u00e9 et de profondeur. Ce qui l&rsquo;am\u00e8ne \u00e0 miser sur ces profils internationaux pour relancer sa dynamique en championnat.<\/p>\n<p>Partagez cette info avec vos amis et vos proches en cliquant ici<br \/>Pour r\u00e9sumer<\/p>\n<p>Le MHR int\u00e8gre un centre argentin de 23 ans, fort de neuf s\u00e9lections avec les Pumas. Arriv\u00e9 cette semaine, il pourrait repartir d\u00e8s novembre pour les tests internationaux. Le club mise aussi sur l\u2019arriv\u00e9e prochaine du troisi\u00e8me-ligne australien Langi Gleeson.<\/p>\n<p> <img decoding=\"async\" width=\"76\" height=\"76\" loading=\"lazy\" src=\"https:\/\/www.europesays.com\/fr\/wp-content\/uploads\/2025\/04\/avatar-quinze.png\" alt=\"Voldi Fr\u00e9jus\u00a0Hounvio\"\/><\/p>\n","protected":false},"excerpt":{"rendered":"Le MHR enregistre cette semaine l\u2019arriv\u00e9e d\u2019un centre international argentin de 23 ans, comptant d\u00e9j\u00e0 neuf s\u00e9lections avec&hellip;\n","protected":false},"author":2,"featured_media":446567,"comment_status":"","ping_status":"","sticky":false,"template":"","format":"standard","meta":{"footnotes":""},"categories":[9599],"tags":[1111,11,1777,674,1011,27,2208,12,2680,25],"class_list":{"0":"post-446566","1":"post","2":"type-post","3":"status-publish","4":"format-standard","5":"has-post-thumbnail","7":"category-montpellier","8":"tag-actu","9":"tag-actualites","10":"tag-eu","11":"tag-europe","12":"tag-fr","13":"tag-france","14":"tag-montpellier","15":"tag-news","16":"tag-occitanie","17":"tag-republique-francaise"},"share_on_mastodon":{"url":"https:\/\/pubeurope.com\/@fr\/115336556311755297","error":""},"_links":{"self":[{"href":"https:\/\/www.europesays.com\/fr\/wp-json\/wp\/v2\/posts\/446566","targetHints":{"allow":["GET"]}}],"collection":[{"href":"https:\/\/www.europesays.com\/fr\/wp-json\/wp\/v2\/posts"}],"about":[{"href":"https:\/\/www.europesays.com\/fr\/wp-json\/wp\/v2\/types\/post"}],"author":[{"embeddable":true,"href":"https:\/\/www.europesays.com\/fr\/wp-json\/wp\/v2\/users\/2"}],"replies":[{"embeddable":true,"href":"https:\/\/www.europesays.com\/fr\/wp-json\/wp\/v2\/comments?post=446566"}],"version-history":[{"count":0,"href":"https:\/\/www.europesays.com\/fr\/wp-json\/wp\/v2\/posts\/446566\/revisions"}],"wp:featuredmedia":[{"embeddable":true,"href":"https:\/\/www.europesays.com\/fr\/wp-json\/wp\/v2\/media\/446567"}],"wp:attachment":[{"href":"https:\/\/www.europesays.com\/fr\/wp-json\/wp\/v2\/media?parent=446566"}],"wp:term":[{"taxonomy":"category","embeddable":true,"href":"https:\/\/www.europesays.com\/fr\/wp-json\/wp\/v2\/categories?post=446566"},{"taxonomy":"post_tag","embeddable":true,"href":"https:\/\/www.europesays.com\/fr\/wp-json\/wp\/v2\/tags?post=446566"}],"curies":[{"name":"wp","href":"https:\/\/api.w.org\/{rel}","templated":true}]}}