{"id":446578,"date":"2025-10-08T04:11:14","date_gmt":"2025-10-08T04:11:14","guid":{"rendered":"https:\/\/www.europesays.com\/fr\/446578\/"},"modified":"2025-10-08T04:11:14","modified_gmt":"2025-10-08T04:11:14","slug":"cest-contraignant-pour-tous-les-habitants","status":"publish","type":"post","link":"https:\/\/www.europesays.com\/fr\/446578\/","title":{"rendered":"C&rsquo;est contraignant pour tous les habitants\u00a0"},"content":{"rendered":"<p>            Par<br \/>\n        <strong><br \/>\n            <a href=\"https:\/\/actu.fr\/auteur\/ugo-maillard\" title=\"Consulter tous les articles de Ugo Maillard\" target=\"_blank\" rel=\"noopener\">Ugo Maillard<\/a><br \/>\n        <\/strong><\/p>\n<p>        Publi\u00e9 le<\/p>\n<p>            7 oct. 2025 \u00e0 9h53<br \/>\n        ; mis \u00e0 jour le 7 oct. 2025 \u00e0 9h54    <\/p>\n<p>Des tarifs qui ont un impact direct sur la vie des habitants de ce quartier. Depuis l\u2019\u00e9t\u00e9 2025, la grille tarifaire de nombreux parkings Indigo a \u00e9volu\u00e9. C\u2019est le cas \u00e0 <a href=\"https:\/\/actu.fr\/nice\/\" target=\"_blank\" rel=\"noopener\">Nice<\/a> (<a href=\"https:\/\/actu.fr\/provence-alpes-cote-d-azur\/alpes-maritimes_06\" target=\"_blank\" rel=\"noopener\">Alpes-Maritimes<\/a>), en particulier dans le parking M\u00e9ridia \u00e0 l\u2019ouest de la ville, dans lequel l\u2019abonnement mensuel est affich\u00e9 \u00e0 <strong>199\u00a0euros par mois<\/strong>, avec engagement. Une somme consid\u00e9rable qui vient compliquer la vie de nombreux riverains, dans ce secteur de Nice en plein d\u00e9veloppement.<\/p>\n<p class=\" wall-content\">C\u2019est le cas d\u2019Axel, 26 ans, qui vient d\u2019acheter un appartement dans le quartier et qui redoute de ne pas pouvoir se garer. Il t\u00e9moigne.<\/p>\n<p>Axel d\u00e9nonce les prix\u00a0<\/p>\n<p class=\" wall-content\">En quittant son logement de Saint-Isidore suite \u00e0 l\u2019achat d\u2019un appartement \u00e0 M\u00e9ridia, Axel comptait s\u2019installer dans un quartier en plein d\u00e9veloppement. Sur ce secteur de Nice ouest, de <strong>nombreux b\u00e2timents voient le jour<\/strong>, dont un grand nombre de logements sociaux.<\/p>\n<p>    <a href=\"https:\/\/www.google.com\/maps\/embed?pb=!1m18!1m12!1m3!1d12585.554135823242!2d7.195369039042519!3d43.68454480193481!2m3!1f0!2f0!3f0!3m2!1i1024!2i768!4f13.1!3m3!1m2!1s0x12cdd1a229cd5b9d%3A0xc883bfeda7add412!2zTcOpcmlkaWE!5e0!3m2!1sfr!2sfr!4v1759764626362!5m2!1sfr!2sfr\" title=\"Ouvrie le lien\" target=\"_blank\" rel=\"noopener\">Cliquez ici pour visualiser le contenu<\/a><\/p>\n<p class=\" wall-content\">Une croissance XXL qui vient avec son lot de complications pour les riverains. \u00ab\u2009Il s\u2019agit du seul parking sous-terrain du quartier, sinon c\u2019est la voie publique. Mais pour trouver une place le soir, il faut tourner de tr\u00e8s longues minutes\u2009\u00bb, d\u00e9taille Axel.<\/p>\n<p class=\" wall-content\">Ce jeune ni\u00e7ois regrette les tarifs \u00ab\u2009exorbitants\u2009\u00bb qui sont contraignants pour tous les habitants. \u00ab\u2009Il n\u2019existe pas d\u2019abonnements pour les r\u00e9sidents, mais je n\u2019ai pas les moyens de payer 200\u00a0euros par mois.\u2009\u00bb<\/p>\n<p>Un \u00e9change avec Indigo<\/p>\n<p class=\" wall-content\">Ce parking sous-terrain du quartier M\u00e9ridia est g\u00e9r\u00e9 par Indigo. Le propri\u00e9taire du site a \u00e9t\u00e9 contact\u00e9 par Axel, en vain. \u00ab\u2009Ils m\u2019ont expliqu\u00e9 que les prix n\u2019allaient pas changer, car ils s\u2019inscrivent dans la politique tarifaire du groupe\u2009\u00bb, d\u00e9plore le primo-acc\u00e9dant.<\/p>\n<p>Votre r\u00e9gion, votre actu !<\/p>\n<p>Recevez chaque jour les infos qui comptent pour vous.<\/p>\n<p>\t<a href=\"https:\/\/actu.fr\/newsletter\" class=\"ac-btn ac-btn--corner ac-btn--medium ac-btn--blue800\" target=\"_blank\" rel=\"noopener\">S&rsquo;incrire<\/a><\/p>\n<blockquote class=\"ac-article-quote wall-content\">\n<p>J&rsquo;esp\u00e8re qu&rsquo;Indigo va revenir \u00e0 la raison et que nous serons aid\u00e9s par la mairie et\/ou les bailleurs. L&rsquo;objectif serait d&rsquo;avoir un tarif mensuel divis\u00e9 par deux.<\/p>\n<p>    <strong>Axel<\/strong><br \/>\n        Habitant du quartier M\u00e9ridia de Nice    <\/p><\/blockquote>\n<p class=\" wall-content\">\u00ab\u2009C\u2019est un nouveau quartier, il faut faire venir les gens avec des logements sociaux et au final, on ne peut pas se garer\u2009\u00bb, peste le Ni\u00e7ois de 26\u00a0ans.<\/p>\n<p class=\" wall-content\">Sollicit\u00e9e par la r\u00e9daction d\u2019actu Nice, la soci\u00e9t\u00e9 Indigo n\u2019a pas r\u00e9pondu.<\/p>\n<p>Indigo doit rencontrer la mairie<\/p>\n<p class=\" wall-content\">Les services de la M\u00e9tropole de Nice C\u00f4te d\u2019Azur ont annonc\u00e9 qu\u2019un<strong> rendez-vous<\/strong> avec Indigo devait avoir lieu en ce d\u00e9but de mois d\u2019octobre\u00a02025 pour \u00e9voquer les conditions tarifaires dans les parkings de <a href=\"https:\/\/actu.fr\/nice\/\" target=\"_blank\" rel=\"noopener\">Nice<\/a>.<\/p>\n<p class=\" wall-content\">\u00ab\u2009Ils sont en pleine propri\u00e9t\u00e9, ils ont achet\u00e9 le terrain et construit le parking. On ne peut pas leur imposer des tarifs, m\u00eame si je partage l\u2019avis des riverains\u2009: le tarif est excessif et nous allons le leur dire\u2009!\u2009\u00bb, explique Ga\u00ebl Nofri, adjoint au maire et vice-pr\u00e9sident de la M\u00e9tropole Nice C\u00f4te d\u2019Azur, \u00e0 <a href=\"https:\/\/nicepresse.com\/les-riverains-denoncent-un-parking-hors-de-prix-gere-par-indigo-a-nice-la-metropole-va-recevoir-le-gestionnaire\/\" target=\"_blank\" rel=\"noopener\">Nice-Presse<\/a>.<\/p>\n<p class=\" wall-content\">Personnalisez votre actualit\u00e9 en ajoutant vos villes et m\u00e9dias en favori avec <a href=\"https:\/\/moncompte.actu.fr\" title=\"D\u00e9couvez Mon Actu\" rel=\"nofollow noopener\" data-trk=\"{&quot;cta&quot;:{&quot;action&quot;:&quot;https:\\\/\\\/moncompte.actu.fr&quot;,&quot;category&quot;:&quot;mon compte&quot;,&quot;from&quot;:&quot;article footer&quot;,&quot;name&quot;:&quot;Mon actu&quot;,&quot;type&quot;:&quot;cta&quot;}}\" target=\"_blank\">Mon Actu<\/a>.<\/p>\n","protected":false},"excerpt":{"rendered":"Par Ugo Maillard Publi\u00e9 le 7 oct. 2025 \u00e0 9h53 ; mis \u00e0 jour le 7 oct. 2025&hellip;\n","protected":false},"author":2,"featured_media":446579,"comment_status":"","ping_status":"","sticky":false,"template":"","format":"standard","meta":{"footnotes":""},"categories":[2819],"tags":[1111,11,1777,674,1011,27,12,2401,882,25,104,6173],"class_list":{"0":"post-446578","1":"post","2":"type-post","3":"status-publish","4":"format-standard","5":"has-post-thumbnail","7":"category-nice","8":"tag-actu","9":"tag-actualites","10":"tag-eu","11":"tag-europe","12":"tag-fr","13":"tag-france","14":"tag-news","15":"tag-nice","16":"tag-provence-alpes-cote-dazur","17":"tag-republique-francaise","18":"tag-societe","19":"tag-stationnement"},"share_on_mastodon":{"url":"https:\/\/pubeurope.com\/@fr\/115336595781899429","error":""},"_links":{"self":[{"href":"https:\/\/www.europesays.com\/fr\/wp-json\/wp\/v2\/posts\/446578","targetHints":{"allow":["GET"]}}],"collection":[{"href":"https:\/\/www.europesays.com\/fr\/wp-json\/wp\/v2\/posts"}],"about":[{"href":"https:\/\/www.europesays.com\/fr\/wp-json\/wp\/v2\/types\/post"}],"author":[{"embeddable":true,"href":"https:\/\/www.europesays.com\/fr\/wp-json\/wp\/v2\/users\/2"}],"replies":[{"embeddable":true,"href":"https:\/\/www.europesays.com\/fr\/wp-json\/wp\/v2\/comments?post=446578"}],"version-history":[{"count":0,"href":"https:\/\/www.europesays.com\/fr\/wp-json\/wp\/v2\/posts\/446578\/revisions"}],"wp:featuredmedia":[{"embeddable":true,"href":"https:\/\/www.europesays.com\/fr\/wp-json\/wp\/v2\/media\/446579"}],"wp:attachment":[{"href":"https:\/\/www.europesays.com\/fr\/wp-json\/wp\/v2\/media?parent=446578"}],"wp:term":[{"taxonomy":"category","embeddable":true,"href":"https:\/\/www.europesays.com\/fr\/wp-json\/wp\/v2\/categories?post=446578"},{"taxonomy":"post_tag","embeddable":true,"href":"https:\/\/www.europesays.com\/fr\/wp-json\/wp\/v2\/tags?post=446578"}],"curies":[{"name":"wp","href":"https:\/\/api.w.org\/{rel}","templated":true}]}}