{"id":446602,"date":"2025-10-08T04:26:16","date_gmt":"2025-10-08T04:26:16","guid":{"rendered":"https:\/\/www.europesays.com\/fr\/446602\/"},"modified":"2025-10-08T04:26:16","modified_gmt":"2025-10-08T04:26:16","slug":"metropole-de-lyon-avez-vous-vu-frankie-a-corbas-la-marraine-de-cette-cigogne-allemande-lance-un-appel-a-temoins","status":"publish","type":"post","link":"https:\/\/www.europesays.com\/fr\/446602\/","title":{"rendered":"M\u00e9tropole de Lyon. Avez-vous vu Frankie \u00e0 Corbas\u00a0? La marraine de cette cigogne allemande lance un appel \u00e0 t\u00e9moins"},"content":{"rendered":"<p>L\u2019histoire commence il y a quelques semaines. Lors du week-end des Journ\u00e9es du patrimoine, \u00e0 Corbas, de nombreux automobilistes stoppent leur v\u00e9hicule le long de l\u2019avenue des Taillis. Ils prennent le temps de photographier la troupe de cigognes qui profitent du soleil, au beau milieu d\u2019un champ labour\u00e9.<\/p>\n<p>\u00ab\u00a0Elles sont exactement 192\u00a0\u00bb, affirme Vincent Gaget au Progr\u00e8s. Cet observateur naturaliste, qui les identifie en lisant leurs bagues, remarque que ces cigognes \u00ab\u00a0vont plut\u00f4t se nourrir dans des champs bio, de vers de terre et de mulots, l\u00e0 o\u00f9 il y a de la vie\u00a0\u00bb.<\/p>\n<p>  Frankie s\u2019est pos\u00e9 deux jours \u00e0 Corbas<\/p>\n<p>\u00c0 la suite de cette halte remarqu\u00e9e dans la commune, un message venant de Freiburg, en Allemagne, nous alerte. Frankie, une cigogne bagu\u00e9e mais aussi \u00e9quip\u00e9e d\u2019un GPS, est pass\u00e9e dans le secteur. Elle s\u2019est m\u00eame pos\u00e9e deux jours \u00e0 Corbas avec ses cong\u00e9n\u00e8res\u00a0! Le contact est \u00e9tabli avec Iris Scholz, membre de <a href=\"https:\/\/www.weissstorch-breisgau.de\/startseite.html\" target=\"_blank\" rel=\"noopener\">l\u2019association Wei\u00dfstorch Breisgau<\/a> qui collabore avec l\u2019observatoire ornithologique de Radolfzell.<\/p>\n<p>Tr\u00e8s impliqu\u00e9e aupr\u00e8s de ses prot\u00e9g\u00e9s, Iris Scholz les suit \u00e0 chaque instant de leur parcours. Pr\u00eate \u00e0 les secourir si besoin. Elle a 1\u00a0000 histoires \u00e0 nous raconter, dont celle de Frankie.<\/p>\n<p>  De retour du Mali, la cigogne a retrouv\u00e9 son nid familial<\/p>\n<p>\u00ab\u00a0Frankie a \u00e9clos en juin\u00a02024, avec Maxi et Gabo, sa fratrie.\u00a0\u00bb C\u2019\u00e9tait dans un nid \u00e0 Kirchzarten, commune du sud-ouest de l\u2019Allemagne, situ\u00e9e \u00e0 60 kilom\u00e8tres de Colmar. Malheureusement, lors d\u2019un premier p\u00e9riple cens\u00e9 les mener jusqu\u2019en Afrique, Maxi a \u00e9t\u00e9 victime d\u2019un accident dans le sud espagnol et Gabo est tomb\u00e9 au Maroc il y a quelques mois. Seul Frankie a poursuivi sa route vers le Sud, avant de passer l\u2019hiver au Mali.<\/p>\n<p>\u00c0 l\u2019\u00e9t\u00e9 2025, quelle surprise\u00a0! La cigogne a rejoint le nid familial sur l\u2019\u00e9glise de Kirchzarten. Frankie a renou\u00e9 avec les habitudes du groupe pour se nourrir puis s\u2019est install\u00e9 dans un autre nid sur la tour de la caserne des pompiers.<\/p>\n<p>  18\u00a0000 kilom\u00e8tres de vol au compteur<\/p>\n<p>Le 17\u00a0septembre, Frankie est reparti vers les pays chauds. Il a \u00ab\u00a0travers\u00e9 le Rhin, pass\u00e9 la trou\u00e9e de Belfort, la Sa\u00f4ne et la Dombes. Avant de se poser dans les champs de Corbas\u00a0\u00bb, o\u00f9 il comptabilisait, au total, 18\u00a0000 kilom\u00e8tres de vol. On raconte que lors de son passage \u00e0 Corbas, il n\u2019y avait aucun vent ascendant. Tr\u00e8s g\u00eanant pour les planeurs mais aussi pour les cigognes qui ont probablement d\u00fb d\u00e9caler leur d\u00e9part. Frankie \u00ab\u00a0a ensuite rejoint le d\u00e9troit de Gibraltar et le Grand sud\u00a0\u00bb, retrace Iris Scholz.<\/p>\n<p>        &#13;<br \/>\n          <a href=\"https:\/\/cdn-s-www.leprogres.fr\/images\/a9f85925-ece6-474b-a65b-f5040cc4550c\/NW_raw\/la-cartographie-des-trajets-de-frankie-qui-totalise-deja-18-000-km-de-vol-visuel-fourni-par-mpi-for-animal-behavior-1759857568.jpg\" title=\"La cartographie des trajets de Frankie, qui totalise d\u00e9j\u00e0 18\u00a0000\u00a0km de vol. Visuel fourni par MPI for Animal Behavior\" class=\"chocolat-image GA-tracking\" data-ga_type=\"click\" data-ga_category=\"D\u00e9tail\" data-ga_action=\"zoomer\" data-ga_label=\"agrandir image\" target=\"_blank\" rel=\"noopener\">&#13;<br \/>\n            <img loading=\"lazy\" decoding=\"async\" src=\"https:\/\/www.europesays.com\/fr\/wp-content\/uploads\/2025\/10\/la-cartographie-des-trajets-de-frankie-qui-totalise-deja-18-000-km-de-vol-visuel-fourni-par-mpi-for-.jpeg\" alt=\"La cartographie des trajets de Frankie, qui totalise d\u00e9j\u00e0 18\u00a0000\u00a0km de vol. Visuel fourni par MPI for Animal Behavior\"\/>&#13;<br \/>\n          <\/a>&#13;<br \/>\n          &#13;<\/p>\n<p class=\"insetTitle\">Rep\u00e8res<\/p>\n<p>L\u2019association Wei\u00dfstorch Breisgau e.V. rel\u00e8ve les voyages de Frankie. Un trajet plein de dangers\u00a0! Cette cigogne a atteint Corbas, depuis l\u2019Allemagne, en trois jours. Trois jours durant lesquels elle a parcouru 435\u00a0km.<\/p>\n<p>Pour suivre les parcours et les aventures des cigognes suivies par cette association, on peut se rendre sur leur site internet.<\/p>\n<p>L\u2019association collabore avec l\u2019observatoire ornithologique de Radolfzell. Cet observatoire accompagnait deux couples de cigognes en 1985. Maintenant, il en accompagne 270. Parmi eux, 180 cigognes peuvent \u00eatre suivies en temps r\u00e9el via <a href=\"https:\/\/www.movebank.org\" target=\"_blank\" rel=\"noopener\">l\u2019application Animal tracker<\/a>.<\/p>\n","protected":false},"excerpt":{"rendered":"L\u2019histoire commence il y a quelques semaines. Lors du week-end des Journ\u00e9es du patrimoine, \u00e0 Corbas, de nombreux&hellip;\n","protected":false},"author":2,"featured_media":446603,"comment_status":"","ping_status":"","sticky":false,"template":"","format":"standard","meta":{"footnotes":""},"categories":[1889],"tags":[1111,11,1867,2430,24503,3152,436,1777,674,107,1011,27,1757,2428,12,32309,18283,25,2429,3151,104],"class_list":{"0":"post-446602","1":"post","2":"type-post","3":"status-publish","4":"format-standard","5":"has-post-thumbnail","7":"category-lyon","8":"tag-actu","9":"tag-actualites","10":"tag-animaux","11":"tag-auvergne-rhone-alpes","12":"tag-corbas","13":"tag-edition-est-lyonnais","14":"tag-environnement","15":"tag-eu","16":"tag-europe","17":"tag-fil-info","18":"tag-fr","19":"tag-france","20":"tag-insolite","21":"tag-lyon","22":"tag-news","23":"tag-oiseaux-de-bonheur","24":"tag-plaine-de-lest","25":"tag-republique-francaise","26":"tag-rhone","27":"tag-selection-de-la-redaction-69","28":"tag-societe"},"share_on_mastodon":{"url":"https:\/\/pubeurope.com\/@fr\/115336654579102471","error":""},"_links":{"self":[{"href":"https:\/\/www.europesays.com\/fr\/wp-json\/wp\/v2\/posts\/446602","targetHints":{"allow":["GET"]}}],"collection":[{"href":"https:\/\/www.europesays.com\/fr\/wp-json\/wp\/v2\/posts"}],"about":[{"href":"https:\/\/www.europesays.com\/fr\/wp-json\/wp\/v2\/types\/post"}],"author":[{"embeddable":true,"href":"https:\/\/www.europesays.com\/fr\/wp-json\/wp\/v2\/users\/2"}],"replies":[{"embeddable":true,"href":"https:\/\/www.europesays.com\/fr\/wp-json\/wp\/v2\/comments?post=446602"}],"version-history":[{"count":0,"href":"https:\/\/www.europesays.com\/fr\/wp-json\/wp\/v2\/posts\/446602\/revisions"}],"wp:featuredmedia":[{"embeddable":true,"href":"https:\/\/www.europesays.com\/fr\/wp-json\/wp\/v2\/media\/446603"}],"wp:attachment":[{"href":"https:\/\/www.europesays.com\/fr\/wp-json\/wp\/v2\/media?parent=446602"}],"wp:term":[{"taxonomy":"category","embeddable":true,"href":"https:\/\/www.europesays.com\/fr\/wp-json\/wp\/v2\/categories?post=446602"},{"taxonomy":"post_tag","embeddable":true,"href":"https:\/\/www.europesays.com\/fr\/wp-json\/wp\/v2\/tags?post=446602"}],"curies":[{"name":"wp","href":"https:\/\/api.w.org\/{rel}","templated":true}]}}