{"id":446606,"date":"2025-10-08T04:29:12","date_gmt":"2025-10-08T04:29:12","guid":{"rendered":"https:\/\/www.europesays.com\/fr\/446606\/"},"modified":"2025-10-08T04:29:12","modified_gmt":"2025-10-08T04:29:12","slug":"au-proces-de-frederic-pechier-seul-contre-tous-laccuse-plie-mais-ne-rompt-pas","status":"publish","type":"post","link":"https:\/\/www.europesays.com\/fr\/446606\/","title":{"rendered":"Au proc\u00e8s de Fr\u00e9d\u00e9ric P\u00e9chier, seul contre tous, l\u2019accus\u00e9 plie mais ne rompt pas"},"content":{"rendered":"<p>                         <img loading=\"lazy\" decoding=\"async\" src=\"https:\/\/www.europesays.com\/fr\/wp-content\/uploads\/2025\/10\/53f9c65_ftp-import-images-1-wxr77veowbgx-5934276-01-06.jpg\" alt=\"Fr\u00e9d\u00e9ric P\u00e9chier arrive au tribunal de Besan\u00e7on, le 9\u00a0septembre\u00a02025.\"   width=\"664\" height=\"443\"\/>    Fr\u00e9d\u00e9ric P\u00e9chier arrive au tribunal de Besan\u00e7on, le 9\u00a0septembre\u00a02025.  SEBASTIEN BOZON\/AFP                 <\/p>\n<p class=\"article__paragraph  \">\u00ab\u00a0Des humains tir\u00e9s au sort pour mourir\u00a0\u00bb\u2026 Les mots d\u2019Amandine Iehlen, prononc\u00e9s avec \u00ab\u00a0d\u00e9go\u00fbt\u00a0\u00bb il y a quelques jours \u00e0 la barre, semblent incrust\u00e9s dans les boiseries de la v\u00e9n\u00e9rable salle d\u2019assises de Besan\u00e7on. Depuis le 8\u00a0septembre, Fr\u00e9d\u00e9ric P\u00e9chier y affronte de vertigineuses accusations\u00a0: cet anesth\u00e9siste a-t-il empoisonn\u00e9 30\u00a0patients, dont 12\u00a0mortellement, pour mieux affaiblir les confr\u00e8res cens\u00e9s s\u2019en occuper\u00a0?<\/p>\n<p class=\"article__paragraph  \">Premi\u00e8re certitude, admise par la d\u00e9fense\u00a0elle-m\u00eame\u00a0: seringues \u00e0 la main, un \u00ab\u00a0orf\u00e8vre de la mort\u00a0\u00bb a bien s\u00e9vi durant une d\u00e9cennie \u00e0 la clinique Saint-Vincent, transformant des poches de<br \/>perfusion en \u00ab\u00a0armes du crime\u00a0\u00bb. Autre certitude, Damien Iehlen, le p\u00e8re d\u2019Amandine, a \u00e9t\u00e9 assassin\u00e9 le 10\u00a0octobre\u00a02008 lors d\u2019une op\u00e9ration du rein, \u00e0 la suite d\u2019une injection malveillante de lidoca\u00efne\u2026 Cet homme de 53\u00a0ans est, d\u2019un point de vue chronologique, la premi\u00e8re victime officielle de l\u2019affaire P\u00e9chier.<\/p>\n<p class=\"article__paragraph  \">Depuis une semaine, la cour d\u2019assises du Doubs se d\u00e9porte virtuellement \u00e0 la Polyclinique de Besan\u00e7on, autre \u00e9tablissement de soins de la ville, pour suivre une piste accablante. L\u2019accus\u00e9 est-il le \u00ab\u00a0d\u00e9nominateur commun\u00a0\u00bb d\u2019une s\u00e9rie d\u2019empoisonnements suppos\u00e9s \u00e9tal\u00e9s sur deux sites diff\u00e9rents\u00a0? Parti f\u00e2ch\u00e9 de la clinique Saint-Vincent, Fr\u00e9d\u00e9ric P\u00e9chier a pos\u00e9 sa mallette \u00e0 la Polyclinique en janvier\u00a02009, avant d\u2019en claquer la porte six mois plus tard, pour retourner \u00e0 la case d\u00e9part. Entre-temps, l\u2019\u00e9tablissement a subi trois \u00e9v\u00e9nements ind\u00e9sirables graves (EIG) cardiaques\u2026 Ce qui n\u2019\u00e9tait jamais arriv\u00e9 et n\u2019arrivera plus jamais.<\/p>\n<p class=\"reading-mode-only \"><strong>Il vous reste 65.96% de cet article \u00e0 lire. La suite est r\u00e9serv\u00e9e aux abonn\u00e9s.<\/strong><\/p>\n","protected":false},"excerpt":{"rendered":"Fr\u00e9d\u00e9ric P\u00e9chier arrive au tribunal de Besan\u00e7on, le 9\u00a0septembre\u00a02025. SEBASTIEN BOZON\/AFP \u00ab\u00a0Des humains tir\u00e9s au sort pour mourir\u00a0\u00bb\u2026&hellip;\n","protected":false},"author":2,"featured_media":446607,"comment_status":"","ping_status":"","sticky":false,"template":"","format":"standard","meta":{"footnotes":""},"categories":[1888],"tags":[1111,1928,11,1927,1777,674,1011,27,12,1926,626,1925,25],"class_list":{"0":"post-446606","1":"post","2":"type-post","3":"status-publish","4":"format-standard","5":"has-post-thumbnail","7":"category-paris","8":"tag-actu","9":"tag-actu-paris","10":"tag-actualites","11":"tag-actualites-paris","12":"tag-eu","13":"tag-europe","14":"tag-fr","15":"tag-france","16":"tag-news","17":"tag-news-paris","18":"tag-paris","19":"tag-paris-news","20":"tag-republique-francaise"},"share_on_mastodon":{"url":"https:\/\/pubeurope.com\/@fr\/115336666423177701","error":""},"_links":{"self":[{"href":"https:\/\/www.europesays.com\/fr\/wp-json\/wp\/v2\/posts\/446606","targetHints":{"allow":["GET"]}}],"collection":[{"href":"https:\/\/www.europesays.com\/fr\/wp-json\/wp\/v2\/posts"}],"about":[{"href":"https:\/\/www.europesays.com\/fr\/wp-json\/wp\/v2\/types\/post"}],"author":[{"embeddable":true,"href":"https:\/\/www.europesays.com\/fr\/wp-json\/wp\/v2\/users\/2"}],"replies":[{"embeddable":true,"href":"https:\/\/www.europesays.com\/fr\/wp-json\/wp\/v2\/comments?post=446606"}],"version-history":[{"count":0,"href":"https:\/\/www.europesays.com\/fr\/wp-json\/wp\/v2\/posts\/446606\/revisions"}],"wp:featuredmedia":[{"embeddable":true,"href":"https:\/\/www.europesays.com\/fr\/wp-json\/wp\/v2\/media\/446607"}],"wp:attachment":[{"href":"https:\/\/www.europesays.com\/fr\/wp-json\/wp\/v2\/media?parent=446606"}],"wp:term":[{"taxonomy":"category","embeddable":true,"href":"https:\/\/www.europesays.com\/fr\/wp-json\/wp\/v2\/categories?post=446606"},{"taxonomy":"post_tag","embeddable":true,"href":"https:\/\/www.europesays.com\/fr\/wp-json\/wp\/v2\/tags?post=446606"}],"curies":[{"name":"wp","href":"https:\/\/api.w.org\/{rel}","templated":true}]}}