{"id":446608,"date":"2025-10-08T04:30:24","date_gmt":"2025-10-08T04:30:24","guid":{"rendered":"https:\/\/www.europesays.com\/fr\/446608\/"},"modified":"2025-10-08T04:30:24","modified_gmt":"2025-10-08T04:30:24","slug":"cest-un-phenomene-qui-est-jeanne-dhauteserre-la-maire-qui-remercie-ses-concitoyens-de-lui-payer-sa-garde-robe","status":"publish","type":"post","link":"https:\/\/www.europesays.com\/fr\/446608\/","title":{"rendered":"\u00ab\u00a0C\u2019est un ph\u00e9nom\u00e8ne \u00bb\u00a0: qui est Jeanne d\u2019Hauteserre, la maire qui remercie ses concitoyens de lui payer sa garde-robe"},"content":{"rendered":"<p class=\"paragraph text_align_left lp-f-body-02\">Mais ce week-end, sur le plateau de la cha\u00eene d\u2019info, l\u2019exercice de communication a tourn\u00e9 au naufrage. Samedi soir, la r\u00e9daction de BFMTV a tout le mal du monde \u00e0 faire venir sur son plateau un maire d\u2019arrondissement pour revenir sur la pol\u00e9mique du moment : les notes de frais des \u00e9lus. \u00ab Tout le monde a refus\u00e9 \u00e0 part moi, souffle Jeanne d\u2019Hauteserre. En arrivant sur place, on m\u2019a dit : Vous au moins, vous \u00eates courageuse ! \u00bb<\/p>\n","protected":false},"excerpt":{"rendered":"Mais ce week-end, sur le plateau de la cha\u00eene d\u2019info, l\u2019exercice de communication a tourn\u00e9 au naufrage. Samedi&hellip;\n","protected":false},"author":2,"featured_media":446609,"comment_status":"","ping_status":"","sticky":false,"template":"","format":"standard","meta":{"footnotes":""},"categories":[1888],"tags":[1111,1928,11,1927,1777,674,1011,27,1944,12,1926,626,1925,316,25],"class_list":{"0":"post-446608","1":"post","2":"type-post","3":"status-publish","4":"format-standard","5":"has-post-thumbnail","7":"category-paris","8":"tag-actu","9":"tag-actu-paris","10":"tag-actualites","11":"tag-actualites-paris","12":"tag-eu","13":"tag-europe","14":"tag-fr","15":"tag-france","16":"tag-ma-ville","17":"tag-news","18":"tag-news-paris","19":"tag-paris","20":"tag-paris-news","21":"tag-politique","22":"tag-republique-francaise"},"share_on_mastodon":{"url":"https:\/\/pubeurope.com\/@fr\/115336670324469405","error":""},"_links":{"self":[{"href":"https:\/\/www.europesays.com\/fr\/wp-json\/wp\/v2\/posts\/446608","targetHints":{"allow":["GET"]}}],"collection":[{"href":"https:\/\/www.europesays.com\/fr\/wp-json\/wp\/v2\/posts"}],"about":[{"href":"https:\/\/www.europesays.com\/fr\/wp-json\/wp\/v2\/types\/post"}],"author":[{"embeddable":true,"href":"https:\/\/www.europesays.com\/fr\/wp-json\/wp\/v2\/users\/2"}],"replies":[{"embeddable":true,"href":"https:\/\/www.europesays.com\/fr\/wp-json\/wp\/v2\/comments?post=446608"}],"version-history":[{"count":0,"href":"https:\/\/www.europesays.com\/fr\/wp-json\/wp\/v2\/posts\/446608\/revisions"}],"wp:featuredmedia":[{"embeddable":true,"href":"https:\/\/www.europesays.com\/fr\/wp-json\/wp\/v2\/media\/446609"}],"wp:attachment":[{"href":"https:\/\/www.europesays.com\/fr\/wp-json\/wp\/v2\/media?parent=446608"}],"wp:term":[{"taxonomy":"category","embeddable":true,"href":"https:\/\/www.europesays.com\/fr\/wp-json\/wp\/v2\/categories?post=446608"},{"taxonomy":"post_tag","embeddable":true,"href":"https:\/\/www.europesays.com\/fr\/wp-json\/wp\/v2\/tags?post=446608"}],"curies":[{"name":"wp","href":"https:\/\/api.w.org\/{rel}","templated":true}]}}