{"id":446616,"date":"2025-10-08T04:34:22","date_gmt":"2025-10-08T04:34:22","guid":{"rendered":"https:\/\/www.europesays.com\/fr\/446616\/"},"modified":"2025-10-08T04:34:22","modified_gmt":"2025-10-08T04:34:22","slug":"a-lonu-les-etats-unis-accentuent-la-pression-diplomatique-pour-maintenir-le-blocus-a-cuba","status":"publish","type":"post","link":"https:\/\/www.europesays.com\/fr\/446616\/","title":{"rendered":"\u00c0 l\u2019ONU, les \u00c9tats-Unis accentuent la pression diplomatique pour maintenir le blocus \u00e0 Cuba"},"content":{"rendered":"<p>Pour la trente-troisi\u00e8me ann\u00e9e cons\u00e9cutive, les \u00c9tats-Unis vont de nouveau se retrouver sur le banc des accus\u00e9s dans l\u2019organe central des Nations unies\u00a0: son Assembl\u00e9e g\u00e9n\u00e9rale. Le 29\u00a0octobre doit en effet se tenir le prochain vote port\u00e9 par Cuba depuis 1992 pour adopter la r\u00e9solution demandant la lev\u00e9e du blocus \u00e9conomique, commercial et financier impos\u00e9 \u00e0 l\u2019\u00eele par les \u00c9tats-Unis, depuis maintenant plus de soixante ans&#8230;.<\/p>\n","protected":false},"excerpt":{"rendered":"Pour la trente-troisi\u00e8me ann\u00e9e cons\u00e9cutive, les \u00c9tats-Unis vont de nouveau se retrouver sur le banc des accus\u00e9s dans&hellip;\n","protected":false},"author":2,"featured_media":446617,"comment_status":"","ping_status":"","sticky":false,"template":"","format":"standard","meta":{"footnotes":""},"categories":[1590],"tags":[11,42828,54010,19551,1777,674,12,3521,770,220],"class_list":{"0":"post-446616","1":"post","2":"type-post","3":"status-publish","4":"format-standard","5":"has-post-thumbnail","7":"category-ukraine","8":"tag-actualites","9":"tag-amu00e9rique-latine","10":"tag-blocus-de-cuba","11":"tag-cuba","12":"tag-eu","13":"tag-europe","14":"tag-news","15":"tag-onu","16":"tag-u00e9tats-unis","17":"tag-ukraine"},"share_on_mastodon":{"url":"https:\/\/pubeurope.com\/@fr\/115336686053704733","error":""},"_links":{"self":[{"href":"https:\/\/www.europesays.com\/fr\/wp-json\/wp\/v2\/posts\/446616","targetHints":{"allow":["GET"]}}],"collection":[{"href":"https:\/\/www.europesays.com\/fr\/wp-json\/wp\/v2\/posts"}],"about":[{"href":"https:\/\/www.europesays.com\/fr\/wp-json\/wp\/v2\/types\/post"}],"author":[{"embeddable":true,"href":"https:\/\/www.europesays.com\/fr\/wp-json\/wp\/v2\/users\/2"}],"replies":[{"embeddable":true,"href":"https:\/\/www.europesays.com\/fr\/wp-json\/wp\/v2\/comments?post=446616"}],"version-history":[{"count":0,"href":"https:\/\/www.europesays.com\/fr\/wp-json\/wp\/v2\/posts\/446616\/revisions"}],"wp:featuredmedia":[{"embeddable":true,"href":"https:\/\/www.europesays.com\/fr\/wp-json\/wp\/v2\/media\/446617"}],"wp:attachment":[{"href":"https:\/\/www.europesays.com\/fr\/wp-json\/wp\/v2\/media?parent=446616"}],"wp:term":[{"taxonomy":"category","embeddable":true,"href":"https:\/\/www.europesays.com\/fr\/wp-json\/wp\/v2\/categories?post=446616"},{"taxonomy":"post_tag","embeddable":true,"href":"https:\/\/www.europesays.com\/fr\/wp-json\/wp\/v2\/tags?post=446616"}],"curies":[{"name":"wp","href":"https:\/\/api.w.org\/{rel}","templated":true}]}}