{"id":446630,"date":"2025-10-08T04:41:15","date_gmt":"2025-10-08T04:41:15","guid":{"rendered":"https:\/\/www.europesays.com\/fr\/446630\/"},"modified":"2025-10-08T04:41:15","modified_gmt":"2025-10-08T04:41:15","slug":"moins-detrangers-en-france-que-dans-lue-en-moyenne-les-vrais-chiffres-de-limmigration-selon-linsee","status":"publish","type":"post","link":"https:\/\/www.europesays.com\/fr\/446630\/","title":{"rendered":"Moins d\u2019\u00e9trangers en France que dans l\u2019UE en moyenne\u2026 Les vrais chiffres de l\u2019immigration (selon l\u2019Insee)"},"content":{"rendered":"<p>On est loin du <a href=\"https:\/\/www.20minutes.fr\/monde\/4079719-20240305-delirante-raciste-these-grand-remplacement-incite-violence-selon-onu\" class=\"c-link c-link--is-underlined\" rel=\"nofollow noopener\" target=\"_blank\">raz-de-mar\u00e9<\/a>e que certains \u00e9voquent. Ce mardi, l\u2019Insee a publi\u00e9 une \u00e9tude sur les \u00e9trangers en France. Selon cette \u00e9tude, six millions <a href=\"https:\/\/www.20minutes.fr\/dossier\/etranger\" class=\"c-link c-link--is-underlined\" rel=\"nofollow noopener\" target=\"_blank\">d\u2019\u00e9trangers<\/a> vivent dans notre pays. Ils repr\u00e9sentaient 8,8\u00a0% de la population vivant en France en\u00a02024, \u00ab\u00a0une part inf\u00e9rieure \u00e0 la moyenne de l\u2019<a href=\"https:\/\/www.20minutes.fr\/dossier\/ue\" class=\"c-link c-link--is-underlined\" rel=\"nofollow noopener\" target=\"_blank\">Union europ\u00e9enne<\/a> (UE)\u00a0\u00bb. Une majorit\u00e9 d\u2019entre elles (5,1\u00a0millions) sont n\u00e9es \u00e0 l\u2019\u00e9tranger et 900.000, principalement des mineurs, sont n\u00e9es en France.<\/p>\n<p>Ainsi, leur proportion est inf\u00e9rieure \u00e0 la moyenne europ\u00e9enne (9,6\u00a0%), \u00e0 celle de l\u2019<a href=\"https:\/\/www.20minutes.fr\/dossier\/italie\" class=\"c-link c-link--is-underlined\" rel=\"nofollow noopener\" target=\"_blank\">Italie<\/a> (8,9\u00a0%), l\u2019Espagne (13,4\u00a0%), la <a href=\"https:\/\/www.20minutes.fr\/dossier\/belgique\" class=\"c-link c-link--is-underlined\" rel=\"nofollow noopener\" target=\"_blank\">Belgique<\/a> (13,8\u00a0%) et l\u2019Allemagne (14,5\u00a0%), explique l\u2019Insee, dont l\u2019enqu\u00eate repose sur des donn\u00e9es de l\u2019Agence europ\u00e9enne de la statistique Eurostat.<\/p>\n<p>Une diversification des nationalit\u00e9s au fil du temps<\/p>\n<p>Selon les m\u00eames sources, la France compte aussi moins d\u2019\u00e9trangers extra-europ\u00e9ens\u00a0: 2,3\u00a0% de la population, contre 2,4\u00a0% en Italie, 5,3\u00a0% en Allemagne, 8,4\u00a0% en Belgique.<\/p>\n<\/p>\n<p>\u00ab\u00a0Les nationalit\u00e9s des personnes \u00e9trang\u00e8res vivant en France se sont diversifi\u00e9es au fil du temps\u00a0\u00bb, observe \u00e9galement <a href=\"https:\/\/www.20minutes.fr\/economie\/insee\/\" class=\"c-link c-link--is-underlined\" rel=\"nofollow noopener\" target=\"_blank\">l\u2019Institut national de la statistique et des \u00e9tudes \u00e9conomiques<\/a>.<\/p>\n<p>En\u00a01968, pr\u00e8s de trois \u00e9trangers vivant en France sur quatre poss\u00e9daient la nationalit\u00e9 d\u2019un pays europ\u00e9en, et un sur quatre avait une nationalit\u00e9 africaine. En\u00a02024, pr\u00e8s de la moiti\u00e9 des \u00e9trangers vivant en France ont la nationalit\u00e9 d\u2019un pays africain et un tiers d\u2019un pays europ\u00e9en.<\/p>\n<p>7,7\u00a0millions d\u2019immigr\u00e9s en France en\u00a02024<\/p>\n<p>Parmi les personnes de nationalit\u00e9 \u00e9trang\u00e8re vivant en France en\u00a02024, 46\u00a0% poss\u00e8dent la nationalit\u00e9 d\u2019un pays d\u2019Afrique, 35\u00a0% d\u2019un pays europ\u00e9en et 13\u00a0% d\u2019un pays d\u2019Asie.<\/p>\n<p>Dans une classification diff\u00e9rente et propre \u00e0 la France, l\u2019Insee s\u2019est int\u00e9ress\u00e9e aux immigr\u00e9s, c\u2019est-\u00e0-dire aux personnes n\u00e9es \u00e9trang\u00e8res \u00e0 l\u2019\u00e9tranger. Elles \u00e9taient 7,7\u00a0millions en France en\u00a02024, et parmi elles 2,6\u00a0millions ont acquis la nationalit\u00e9 fran\u00e7aise.<\/p>\n<p>Depuis la fin des ann\u00e9es\u00a02000, le nombre annuel d\u2019acquisitions de la nationalit\u00e9 fran\u00e7aise, parmi les Europ\u00e9ens, baisse significativement. La proportion est plus \u00e9lev\u00e9e pour les personnes originaires d\u2019Afrique (37\u00a0%) ou d\u2019Asie (35\u00a0%).<\/p>\n","protected":false},"excerpt":{"rendered":"On est loin du raz-de-mar\u00e9e que certains \u00e9voquent. Ce mardi, l\u2019Insee a publi\u00e9 une \u00e9tude sur les \u00e9trangers&hellip;\n","protected":false},"author":2,"featured_media":446631,"comment_status":"","ping_status":"","sticky":false,"template":"","format":"standard","meta":{"footnotes":""},"categories":[2],"tags":[47,11,18087,1011,27,1061,2066,12,25,104,47790],"class_list":{"0":"post-446630","1":"post","2":"type-post","3":"status-publish","4":"format-standard","5":"has-post-thumbnail","7":"category-actualites","8":"tag-actualite","9":"tag-actualites","10":"tag-etranger","11":"tag-fr","12":"tag-france","13":"tag-immigration","14":"tag-insee","15":"tag-news","16":"tag-republique-francaise","17":"tag-societe","18":"tag-sociologie"},"share_on_mastodon":{"url":"https:\/\/pubeurope.com\/@fr\/115336713655416127","error":""},"_links":{"self":[{"href":"https:\/\/www.europesays.com\/fr\/wp-json\/wp\/v2\/posts\/446630","targetHints":{"allow":["GET"]}}],"collection":[{"href":"https:\/\/www.europesays.com\/fr\/wp-json\/wp\/v2\/posts"}],"about":[{"href":"https:\/\/www.europesays.com\/fr\/wp-json\/wp\/v2\/types\/post"}],"author":[{"embeddable":true,"href":"https:\/\/www.europesays.com\/fr\/wp-json\/wp\/v2\/users\/2"}],"replies":[{"embeddable":true,"href":"https:\/\/www.europesays.com\/fr\/wp-json\/wp\/v2\/comments?post=446630"}],"version-history":[{"count":0,"href":"https:\/\/www.europesays.com\/fr\/wp-json\/wp\/v2\/posts\/446630\/revisions"}],"wp:featuredmedia":[{"embeddable":true,"href":"https:\/\/www.europesays.com\/fr\/wp-json\/wp\/v2\/media\/446631"}],"wp:attachment":[{"href":"https:\/\/www.europesays.com\/fr\/wp-json\/wp\/v2\/media?parent=446630"}],"wp:term":[{"taxonomy":"category","embeddable":true,"href":"https:\/\/www.europesays.com\/fr\/wp-json\/wp\/v2\/categories?post=446630"},{"taxonomy":"post_tag","embeddable":true,"href":"https:\/\/www.europesays.com\/fr\/wp-json\/wp\/v2\/tags?post=446630"}],"curies":[{"name":"wp","href":"https:\/\/api.w.org\/{rel}","templated":true}]}}