{"id":446640,"date":"2025-10-08T04:49:09","date_gmt":"2025-10-08T04:49:09","guid":{"rendered":"https:\/\/www.europesays.com\/fr\/446640\/"},"modified":"2025-10-08T04:49:09","modified_gmt":"2025-10-08T04:49:09","slug":"un-tyran-condamne-pour-violences-en-sarthe","status":"publish","type":"post","link":"https:\/\/www.europesays.com\/fr\/446640\/","title":{"rendered":"un tyran condamn\u00e9 pour violences en Sarthe"},"content":{"rendered":"<p>            Par<br \/>\n        <strong><br \/>\n            <a href=\"https:\/\/actu.fr\/auteur\/journaliste-echosarthois\" title=\"Consulter tous les articles de R\u00e9daction Echo Sarthois\" target=\"_blank\" rel=\"noopener\">R\u00e9daction Echo Sarthois<\/a><br \/>\n        <\/strong><\/p>\n<p>        Publi\u00e9 le<\/p>\n<p>            8 oct. 2025 \u00e0 5h58        <\/p>\n<p>Grand, mince, les cheveux gris coup\u00e9s courts, v\u00eatu d\u2019une veste de pilote de Formule 1 et d\u2019un jean, le pr\u00e9venu se tient droit, presque fig\u00e9, dans le box du tribunal du Mans (Sarthe).\u00a0Sous son apparence soign\u00e9e, se cache un homme dont <b>la violence ordinaire<\/b> a marqu\u00e9 plusieurs vies. Sa compagne, la s\u0153ur de celle-ci et leur m\u00e8re ont v\u00e9cu sous son emprise de septembre 2024 \u00e0 septembre 2025, dans la peur, les cris et les humiliations \u00e0 <a href=\"https:\/\/actu.fr\/pays-de-la-loire\/lavare_72158\" target=\"_blank\" rel=\"noopener\">Lavar\u00e9<\/a> \u00e0 l\u2019est du Mans (Sarthe).<\/p>\n<p class=\" wall-content\">La pr\u00e9sidente du tribunal ne cache pas son \u00e9tonnement devant la froideur du quinquag\u00e9naire. Elle s\u2019adresse \u00e0 lui d\u2019un ton sec : \u00ab\u00a0Vous tapez sur tout le monde\u00a0\u00bb L\u2019homme reste de marbre.<\/p>\n<p>Une enqu\u00eate d\u00e9clench\u00e9e par l\u2019h\u00f4pital de Saint-Calais face \u00e0 la maigreur extr\u00eame et le mutisme de l\u2019ex-compagne<\/p>\n<p class=\" wall-content\">C\u2019est \u00e0 l\u2019h\u00f4pital de Saint-Calais que tout a commenc\u00e9. Le personnel m\u00e9dical s\u2019inqui\u00e8te de la maigreur extr\u00eame et du mutisme d\u2019une patiente de 25 ans. Les m\u00e9decins soup\u00e7onnent des maltraitances. L\u2019enqu\u00eate r\u00e9v\u00e8le vite un encha\u00eenement de violences. La jeune femme explique qu\u2019elle \u00e9tait r\u00e9guli\u00e8rement frapp\u00e9e, gifl\u00e9e, insult\u00e9e. Un jour, elle a re\u00e7u un coup de massue sur le flanc.<\/p>\n<p class=\" wall-content\">Sa m\u00e8re, elle aussi victime, raconte les nuits sans sommeil, les cris, les disputes. Elle se souvient d\u2019une sc\u00e8ne o\u00f9 son ancien gendre, en pleine rage, tra\u00eenait sa fille Laura par les cheveux \u00e0 travers le salon. \u00ab\u00a0C\u2019est quelqu\u2019un de dur, de m\u00e9chant\u00a0\u00bb, dit-elle simplement.<\/p>\n<p>Des nuits enti\u00e8res sur une chaise<\/p>\n<p class=\" wall-content\">Laura, la compagne du pr\u00e9venu, vivait sous une surveillance constante. Il lisait ses messages, lui interdisait de regarder la t\u00e9l\u00e9vision, d\u00e9cidait de l\u2019heure \u00e0 laquelle elle pouvait aller dormir.<\/p>\n<p class=\" wall-content\">Certaines nuits, il l\u2019obligeait \u00e0 rester assise sur une chaise, sans bouger. Devant le tribunal, il s\u2019explique sans \u00e9motion : \u00ab\u00a0Des fois, je n\u2019en voulais pas dans mon lit.\u00a0\u00bb<\/p>\n<p class=\" wall-content\">Une phrase gla\u00e7ante, prononc\u00e9e <b>sans remords<\/b>. Les juges notent \u00e9galement les menaces quotidiennes prof\u00e9r\u00e9es contre ses victimes : \u00ab\u00a0Je vais te tuer\u00a0\u00bb.<\/p>\n<p>Votre r\u00e9gion, votre actu !<\/p>\n<p>Recevez chaque jour les infos qui comptent pour vous.<\/p>\n<p>\t<a href=\"https:\/\/actu.fr\/newsletter\" class=\"ac-btn ac-btn--corner ac-btn--medium ac-btn--blue800\" target=\"_blank\" rel=\"noopener\">S&rsquo;incrire<\/a><br \/>\n\u00ab\u00a0Je pr\u00e9f\u00e8re encore vivre seul avec mon chien\u00a0\u00bb<\/p>\n<p class=\" wall-content\">\u00c0 la barre, l\u2019homme tente de se justifier : \u00ab\u00a0J\u2019\u00e9tais le seul \u00e0 travailler. Et puis, quand je buvais, \u00e7a partait\u00a0\u00bb, l\u00e2che-t-il d\u2019une voix lasse.<\/p>\n<p class=\" wall-content\">Avant de conclure : \u00ab\u00a0Je pr\u00e9f\u00e8re encore vivre seul avec mon chien que d\u2019avoir des histoires comme \u00e7a.\u00a0<\/p>\n<p class=\" wall-content\">Pour l\u2019avocate des parties civiles, \u00ab\u00a0ces trois femmes vivent dans la peur de le revoir dehors\u00a0\u00bb. Me Marine Flosseau, pour la d\u00e9fense, \u00e9voque les \u00ab\u00a0d\u00e9faillances\u00a0\u00bb du suivi judiciaire, rappelant que les gendarmes \u00e9taient d\u00e9j\u00e0 intervenus \u00e0 plusieurs reprises, notamment en novembre 2024, sans suite donn\u00e9e.<\/p>\n<p class=\" wall-content\">Reconnu coupable, le pr\u00e9venu a \u00e9t\u00e9 condamn\u00e9 \u00e0 18 mois d\u2019emprisonnement, dont 8 mois assortis d\u2019un sursis probatoire. Le pr\u00e9venu restera incarc\u00e9r\u00e9 pendant dix mois.<\/p>\n<p class=\" wall-content\">Personnalisez votre actualit\u00e9 en ajoutant vos villes et m\u00e9dias en favori avec <a href=\"https:\/\/moncompte.actu.fr\" title=\"D\u00e9couvez Mon Actu\" rel=\"nofollow noopener\" data-trk=\"{&quot;cta&quot;:{&quot;action&quot;:&quot;https:\\\/\\\/moncompte.actu.fr&quot;,&quot;category&quot;:&quot;mon compte&quot;,&quot;from&quot;:&quot;article footer&quot;,&quot;name&quot;:&quot;Mon actu&quot;,&quot;type&quot;:&quot;cta&quot;}}\" target=\"_blank\">Mon Actu<\/a>.<\/p>\n","protected":false},"excerpt":{"rendered":"Par R\u00e9daction Echo Sarthois Publi\u00e9 le 8 oct. 2025 \u00e0 5h58 Grand, mince, les cheveux gris coup\u00e9s courts,&hellip;\n","protected":false},"author":2,"featured_media":446641,"comment_status":"","ping_status":"","sticky":false,"template":"","format":"standard","meta":{"footnotes":""},"categories":[1412],"tags":[1451,118,1452,1453,1454,1455,1011,27,3381,60,3977,798],"class_list":{"0":"post-446640","1":"post","2":"type-post","3":"status-publish","4":"format-standard","5":"has-post-thumbnail","7":"category-f1","8":"tag-f1","9":"tag-faits-divers","10":"tag-formula-1","11":"tag-formula1","12":"tag-formule-1","13":"tag-formule1","14":"tag-fr","15":"tag-france","16":"tag-gendarmerie","17":"tag-sports","18":"tag-tribunal-du-mans","19":"tag-violences-conjugales"},"share_on_mastodon":{"url":"https:\/\/pubeurope.com\/@fr\/115336745016853916","error":""},"_links":{"self":[{"href":"https:\/\/www.europesays.com\/fr\/wp-json\/wp\/v2\/posts\/446640","targetHints":{"allow":["GET"]}}],"collection":[{"href":"https:\/\/www.europesays.com\/fr\/wp-json\/wp\/v2\/posts"}],"about":[{"href":"https:\/\/www.europesays.com\/fr\/wp-json\/wp\/v2\/types\/post"}],"author":[{"embeddable":true,"href":"https:\/\/www.europesays.com\/fr\/wp-json\/wp\/v2\/users\/2"}],"replies":[{"embeddable":true,"href":"https:\/\/www.europesays.com\/fr\/wp-json\/wp\/v2\/comments?post=446640"}],"version-history":[{"count":0,"href":"https:\/\/www.europesays.com\/fr\/wp-json\/wp\/v2\/posts\/446640\/revisions"}],"wp:featuredmedia":[{"embeddable":true,"href":"https:\/\/www.europesays.com\/fr\/wp-json\/wp\/v2\/media\/446641"}],"wp:attachment":[{"href":"https:\/\/www.europesays.com\/fr\/wp-json\/wp\/v2\/media?parent=446640"}],"wp:term":[{"taxonomy":"category","embeddable":true,"href":"https:\/\/www.europesays.com\/fr\/wp-json\/wp\/v2\/categories?post=446640"},{"taxonomy":"post_tag","embeddable":true,"href":"https:\/\/www.europesays.com\/fr\/wp-json\/wp\/v2\/tags?post=446640"}],"curies":[{"name":"wp","href":"https:\/\/api.w.org\/{rel}","templated":true}]}}