{"id":446652,"date":"2025-10-08T04:55:14","date_gmt":"2025-10-08T04:55:14","guid":{"rendered":"https:\/\/www.europesays.com\/fr\/446652\/"},"modified":"2025-10-08T04:55:14","modified_gmt":"2025-10-08T04:55:14","slug":"7-octobre-le-traumatisme-et-lespoir-en-replay-c-ce-soir","status":"publish","type":"post","link":"https:\/\/www.europesays.com\/fr\/446652\/","title":{"rendered":"7 Octobre : Le traumatisme et l\u2019espoir en replay &#8211; C ce soir"},"content":{"rendered":"<p class=\"kPgwkc gYsEFt\"><b style=\"font-weight:normal\" id=\"docs-internal-guid-9111d764-7fff-4bbb-1e1a-28e0a383fd3f\">Nous sommes le 7 octobre et il y a des dates comme celle-ci qui ne seront plus jamais les m\u00eames\u2026 C\u2019\u00e9tait il y a deux ans jour pour jour, les terroristes du Hamas commettaient le pire massacre de l\u2019histoire d\u2019Isra\u00ebl : plus de 1200 morts, 250 otages, des civils pour la plupart, un traumatisme qui hante une soci\u00e9t\u00e9 toujours en \u00e9tat de choc deux ans apr\u00e8s\u2026 Nous sommes le 7 octobre et nous sommes aussi la veille du 8, d\u00e9but d\u2019une guerre sanglante qui a plong\u00e9 la bande de Gaza dans le chaos le plus total et fait \u00e0 ce jour plus de 65000 morts palestiniens, des civils, femmes et enfants, pour une grande majorit\u00e9 d\u2019entre eux\u2026 Deux ans de drame, de douleurs, de d\u00e9chirures\u2026 et depuis quelques jours, l\u2019espoir que les armes finissent par se taire, que les Gazaouis sortent de l\u2019enfer et que les derniers otages rentrent chez eux\u2026 Une comm\u00e9moration dans un moment politique qui pourrait \u00eatre d\u00e9terminant pour l\u2019avenir de la r\u00e9gion. On en parle avec nos invit\u00e9s :\u00a0<\/b><\/p>\n<p class=\"kPgwkc gYsEFt\">\u25b6\ufe0e Yara EL-GHADBAN Romanci\u00e8re, \u00e9ditrice, anthropologue, co-autrice de \u00ab Sur cette terre, il y a ce qui m\u00e9rite vie. 17 \u00e9crivains pour la Palestine\u00bb aux \u00e9ditions du Seuil (03.10.25)<\/p>\n<p class=\"kPgwkc gYsEFt\">\u25b6\ufe0e Val\u00e9rie ZENATTI \u00c9crivaine, traductrice, autrice de \u00ab \u00ab La surprise. Une innocence renouvel\u00e9e \u00bb aux \u00e9ditions Autrement (01.10.25)<\/p>\n<p class=\"kPgwkc gYsEFt\">\u25b6\ufe0e Hanna ASSOULINE Fondatrice de l&rsquo;association Les guerri\u00e8res de la paix nomm\u00e9e pour le prix Nobel de la paix 2025, fondatrice du Forum Mondial des femmes pour la Paix, r\u00e9alisatrice, film documentaire \u00ab R\u00e9sister pour la paix \u00bb (2024)<\/p>\n<p class=\"kPgwkc gYsEFt\">\u25b6\ufe0e Selim NASSIB \u00c9crivain, auteur de \u00ab Le g\u00e9nie de Beyrouth : Rue de la fortune de Dieu \u00bb aux \u00e9ditions Dargaud (07.02.25)<\/p>\n<p class=\"kPgwkc gYsEFt\">\u25b6\ufe0e Alain DIECKHOFF Sociologue, directeur de recherche au CNRS, professeur au CERI Sciences po, auteur de \u00ab Radicalit\u00e9s religieuses. Au coeur d\u2019une mutation mondiale \u00bb aux \u00e9ditions Albin Michel (09.10.25)<\/p>\n<p><br class=\"Apple-interchange-newline\"\/><\/p>\n","protected":false},"excerpt":{"rendered":"Nous sommes le 7 octobre et il y a des dates comme celle-ci qui ne seront plus jamais&hellip;\n","protected":false},"author":2,"featured_media":446653,"comment_status":"","ping_status":"","sticky":false,"template":"","format":"standard","meta":{"footnotes":""},"categories":[1356],"tags":[58,59,1011,27,252,1364],"class_list":{"0":"post-446652","1":"post","2":"type-post","3":"status-publish","4":"format-standard","5":"has-post-thumbnail","7":"category-television","8":"tag-divertissement","9":"tag-entertainment","10":"tag-fr","11":"tag-france","12":"tag-television","13":"tag-tv"},"share_on_mastodon":{"url":"https:\/\/pubeurope.com\/@fr\/115336768672415806","error":""},"_links":{"self":[{"href":"https:\/\/www.europesays.com\/fr\/wp-json\/wp\/v2\/posts\/446652","targetHints":{"allow":["GET"]}}],"collection":[{"href":"https:\/\/www.europesays.com\/fr\/wp-json\/wp\/v2\/posts"}],"about":[{"href":"https:\/\/www.europesays.com\/fr\/wp-json\/wp\/v2\/types\/post"}],"author":[{"embeddable":true,"href":"https:\/\/www.europesays.com\/fr\/wp-json\/wp\/v2\/users\/2"}],"replies":[{"embeddable":true,"href":"https:\/\/www.europesays.com\/fr\/wp-json\/wp\/v2\/comments?post=446652"}],"version-history":[{"count":0,"href":"https:\/\/www.europesays.com\/fr\/wp-json\/wp\/v2\/posts\/446652\/revisions"}],"wp:featuredmedia":[{"embeddable":true,"href":"https:\/\/www.europesays.com\/fr\/wp-json\/wp\/v2\/media\/446653"}],"wp:attachment":[{"href":"https:\/\/www.europesays.com\/fr\/wp-json\/wp\/v2\/media?parent=446652"}],"wp:term":[{"taxonomy":"category","embeddable":true,"href":"https:\/\/www.europesays.com\/fr\/wp-json\/wp\/v2\/categories?post=446652"},{"taxonomy":"post_tag","embeddable":true,"href":"https:\/\/www.europesays.com\/fr\/wp-json\/wp\/v2\/tags?post=446652"}],"curies":[{"name":"wp","href":"https:\/\/api.w.org\/{rel}","templated":true}]}}