{"id":446654,"date":"2025-10-08T04:56:11","date_gmt":"2025-10-08T04:56:11","guid":{"rendered":"https:\/\/www.europesays.com\/fr\/446654\/"},"modified":"2025-10-08T04:56:11","modified_gmt":"2025-10-08T04:56:11","slug":"lorie-genee-par-les-images-de-sa-toute-premiere-tele-a-15-ans-video","status":"publish","type":"post","link":"https:\/\/www.europesays.com\/fr\/446654\/","title":{"rendered":"Lorie g\u00ean\u00e9e par les images de sa toute premi\u00e8re t\u00e9l\u00e9 \u00e0 15 ans (VIDEO)"},"content":{"rendered":"<p><img decoding=\"async\" src=\"https:\/\/www.europesays.com\/fr\/wp-content\/uploads\/2025\/10\/photo_1759844008.jpg\" class=\"textcenter img-content\" loading=\"lazy\"\/>Montage Purecharts<br \/>\n<br \/>\nLorie signe un retour aussi surprenant que triomphal. 25 ans apr\u00e8s son tout premier tube <a href=\"https:\/\/www.chartsinfrance.net\/Lorie\/news-119936.html\" target=\"_blank\" class=\"spip_out\" rel=\"nofollow noopener\">\u00ab\u00a0Pr\u00e8s de moi\u00a0\u00bb<\/a>, la chanteuse a annonc\u00e9 une tourn\u00e9e nostalgique qui a fait le plein <a href=\"https:\/\/www.chartsinfrance.net\/Lorie\/news-130838.html\" target=\"_blank\" class=\"spip_out\" rel=\"nofollow noopener\">en trois minutes seulement<\/a>. Face au succ\u00e8s, celle qui a connu <a href=\"https:\/\/www.chartsinfrance.net\/Lorie\/news-131283.html\" target=\"_blank\" class=\"spip_out\" rel=\"nofollow noopener\">une travers\u00e9e du d\u00e9sert<\/a> a ajout\u00e9 de nombreuses dates dans les Z\u00e9nith, dont deux \u00e0 Paris en 2026. Et le coup d&rsquo;envoi vient d&rsquo;avoir lieu, pour le plus grand bonheur des spectateurs, heureux de chanter \u00ab\u00a0\u00c0 20 ans\u00a0\u00bb, <a href=\"https:\/\/www.chartsinfrance.net\/Lorie\/news-124617.html\" target=\"_blank\" class=\"spip_out\" rel=\"nofollow noopener\">\u00ab\u00a0J&rsquo;ai besoin d&rsquo;amour\u00a0\u00bb<\/a>, <a href=\"https:\/\/www.chartsinfrance.net\/Lorie\/news-129531.html\" target=\"_blank\" class=\"spip_out\" rel=\"nofollow noopener\">\u00ab\u00a0Sur un air latino\u00a0\u00bb<\/a> ou \u00ab\u00a0Je vais vite\u00a0\u00bb comme \u00e0 la belle \u00e9poque. En parall\u00e8le, Lorie s&rsquo;est lanc\u00e9 <a href=\"https:\/\/www.chartsinfrance.net\/Lorie\/news-132045.html\" target=\"_blank\" class=\"spip_out\" rel=\"nofollow noopener\">un nouveau d\u00e9fi en tant que r\u00e9alisatrice<\/a>, et elle \u00e9tait d&rsquo;ailleurs l&rsquo;invit\u00e9e de \u00ab\u00a0La bo\u00eete \u00e0 secrets\u00a0\u00bb sur France 3 il y a quelques jours. Entour\u00e9e de Kamel Ouali, qui a <a href=\"https:\/\/www.chartsinfrance.net\/Le-Roi-Soleil\/news-134014.html\" target=\"_blank\" class=\"spip_out\" rel=\"nofollow noopener\">fondu en larmes face \u00e0 Emmanuel Moire<\/a>, ou Mich\u00e8le Torr, l&rsquo;ancienne idole des jeunes a elle aussi eu droit \u00e0 de nombreuses surprises. <\/p>\n<p>Le player Dailymotion est en train de se charger&#8230;<\/p>\n<p>\u00ab\u00a0J&rsquo;ai une choucroute comme \u00e7a sur la t\u00eate !\u00a0\u00bb<br \/>\nEntre la venue de Coeur de pirate, S\u00e9verine Ferrer ou Jean-Luc Reichmann, Lorie a \u00e9t\u00e9 l\u00e9g\u00e8rement mal \u00e0 l&rsquo;aise quand l&rsquo;animatrice Faustine Bollaert lui a reparl\u00e9 de ses tout d\u00e9buts. \u00ab Mon p\u00e8re travaillait \u00e0 RTL, et il avait rencontr\u00e9 Charly et Lulu (du \u00ab\u00a0Hit Machine\u00a0\u00bb sur M6, ndlr). J&rsquo;avais enregistr\u00e9 un premier single. Dans leur \u00e9mission, sur une autre cha\u00eene, ils avaient un petit moment o\u00f9 ils laissaient des jeunes chanteurs pas connus chanter leurs chansons \u00bb a-t-elle rappel\u00e9, avant que Faustine Bollaert lui annonce une mauvaise nouvelle : \u00ab Et on a les images ! \u00bb \u00ab Oh non ! \u00bb lui a r\u00e9pondu Lorie, \u00e0 la fois amus\u00e9e et g\u00ean\u00e9e \u00e0 l&rsquo;id\u00e9e de revoir cette s\u00e9quence o\u00f9 elle n&rsquo;avait que 15 ans. \u00ab J&rsquo;ai une choucroute comme \u00e7a sur la t\u00eate ! \u00bb a-t-elle pr\u00e9venu. Et Faustine Bollaert de confirmer avec malice : \u00ab Je comprends pourquoi vous dites \u00ab\u00a0Oh non !\u00a0\u00bb. J&rsquo;avoue qu&rsquo;en les d\u00e9couvrant, je me suis dit : \u00ab\u00a0Elle va \u00eatre hyper contente de revoir ces images\u00a0\u00bb \u00bb.<\/p>\n<p>L&rsquo;extrait montre ainsi Lorie, 15 ans, en petit top bleu et pantalon orange, interpr\u00e9ter son tout premier titre \u00ab\u00a0Ecoute ton coeur\u00a0\u00bb, entour\u00e9e de deux danseuses et choristes, tout en offrant une chor\u00e9graphie en public sur le plateau du \u00ab\u00a0Hit Machine\u00a0\u00bb. Celles qui l&rsquo;entouraient alors ? \u00ab Des copines du coll\u00e8ge que j&rsquo;avais recrut\u00e9es comme \u00e7a : \u00ab\u00a0Allez venez on va faire une t\u00e9l\u00e9\u00a0\u00bb \u00bb a fait savoir Lorie, qui a eu droit ensuite \u00e0 un message surprise de Charly et Lulu : \u00ab Bonsoir Lorie ! On voulait te faire un petit coucou parce que tu fais partie des artistes embl\u00e9matiques du \u00ab\u00a0Hit Machine\u00a0\u00bb car Lorie a fait tous ses singles au \u00ab\u00a0Hit Machine\u00a0\u00bb. On l&rsquo;a connue toute petite \u00bb. Un beau moment !<\/p>\n","protected":false},"excerpt":{"rendered":"Montage Purecharts Lorie signe un retour aussi surprenant que triomphal. 25 ans apr\u00e8s son tout premier tube \u00ab\u00a0Pr\u00e8s&hellip;\n","protected":false},"author":2,"featured_media":446655,"comment_status":"","ping_status":"","sticky":false,"template":"","format":"standard","meta":{"footnotes":""},"categories":[1355],"tags":[58,59,1011,27,1361,873],"class_list":{"0":"post-446654","1":"post","2":"type-post","3":"status-publish","4":"format-standard","5":"has-post-thumbnail","7":"category-musique","8":"tag-divertissement","9":"tag-entertainment","10":"tag-fr","11":"tag-france","12":"tag-music","13":"tag-musique"},"share_on_mastodon":{"url":"https:\/\/pubeurope.com\/@fr\/115336772993342372","error":""},"_links":{"self":[{"href":"https:\/\/www.europesays.com\/fr\/wp-json\/wp\/v2\/posts\/446654","targetHints":{"allow":["GET"]}}],"collection":[{"href":"https:\/\/www.europesays.com\/fr\/wp-json\/wp\/v2\/posts"}],"about":[{"href":"https:\/\/www.europesays.com\/fr\/wp-json\/wp\/v2\/types\/post"}],"author":[{"embeddable":true,"href":"https:\/\/www.europesays.com\/fr\/wp-json\/wp\/v2\/users\/2"}],"replies":[{"embeddable":true,"href":"https:\/\/www.europesays.com\/fr\/wp-json\/wp\/v2\/comments?post=446654"}],"version-history":[{"count":0,"href":"https:\/\/www.europesays.com\/fr\/wp-json\/wp\/v2\/posts\/446654\/revisions"}],"wp:featuredmedia":[{"embeddable":true,"href":"https:\/\/www.europesays.com\/fr\/wp-json\/wp\/v2\/media\/446655"}],"wp:attachment":[{"href":"https:\/\/www.europesays.com\/fr\/wp-json\/wp\/v2\/media?parent=446654"}],"wp:term":[{"taxonomy":"category","embeddable":true,"href":"https:\/\/www.europesays.com\/fr\/wp-json\/wp\/v2\/categories?post=446654"},{"taxonomy":"post_tag","embeddable":true,"href":"https:\/\/www.europesays.com\/fr\/wp-json\/wp\/v2\/tags?post=446654"}],"curies":[{"name":"wp","href":"https:\/\/api.w.org\/{rel}","templated":true}]}}