{"id":446656,"date":"2025-10-08T04:57:10","date_gmt":"2025-10-08T04:57:10","guid":{"rendered":"https:\/\/www.europesays.com\/fr\/446656\/"},"modified":"2025-10-08T04:57:10","modified_gmt":"2025-10-08T04:57:10","slug":"les-films-a-laffiche-nouvelle-vague-hors-service-linvasion-meteors-le-monde-fr","status":"publish","type":"post","link":"https:\/\/www.europesays.com\/fr\/446656\/","title":{"rendered":"Les films \u00e0 l\u2019affiche : \u00ab Nouvelle Vague \u00bb, \u00ab Hors service \u00bb, \u00ab L\u2019Invasion \u00bb, \u00ab M\u00e9t\u00e9ors \u00bb\u2026 &#8211; Le Monde.fr"},"content":{"rendered":"<ol>\n<li><a href=\"https:\/\/news.google.com\/rss\/articles\/CBMi0AFBVV95cUxOTUE2NV9KM3pPcGNaOHg1SmpUMG9lNVVoSVk2ZWNxbXBWSks2M0hfa2w3RFVLNnBZcUl5SFFKLUZNX3hraEpsZWk3bUdtZGEtQ0ctMm8yN3NYRUVRNkFaTTl3cHdPQlJlMHRvbHFMb2l6bHBseXh0Y21oUkRvMks5VDVjNFdGS1hueS1QTUgyblNBTzNLN3FYNk9abmd1SE9falcxdTh5VGNKU2hkcS1BOFdISWtQcW8wd1FMend3TVZUd2JZbDFWdmpiVTQ0MUdm?oc=5\" target=\"_blank\" rel=\"nofollow noopener\">Les films \u00e0 l\u2019affiche : \u00ab Nouvelle Vague \u00bb, \u00ab Hors service \u00bb, \u00ab L\u2019Invasion \u00bb, \u00ab M\u00e9t\u00e9ors \u00bb\u2026<\/a>&nbsp;&nbsp;Le Monde.fr<\/li>\n<li><a href=\"https:\/\/news.google.com\/rss\/articles\/CBMikwFBVV95cUxNX2Z2dlBGNHg3aVM2TmIyMGtaaWZTMW1XY0Jld2stczdyZmZYakRZLXNIb1FXX2N6R2NDMzJKbGRzRGR2cmJ0MHJhWUs0MUZFT2ZrN2tzT2UyZUZrRlM0RV9ReHJkcWVtSmtIb0RqSlhoekhXN19QcjA5cFdEZGZManpONDE5WUFHUkhTR2FZR1hybE0?oc=5\" target=\"_blank\" rel=\"nofollow noopener\">\u00ab Nouvelle Vague \u00bb : un Am\u00e9ricain \u00e0 Paris<\/a>&nbsp;&nbsp;Les Echos<\/li>\n<li><a href=\"https:\/\/news.google.com\/rss\/articles\/CBMi2gFBVV95cUxQLUJEbmZJN3RoZXBWRWIxdHR6SUVoRWJPNWlWR1hjQU56SzUxcjFESjFTWDF5b29PdDJZNVBieHFsR2I5SExiNTc3Y2pXNGU4N1lMbDZUZWJsc0tXTlFidzBzNnN6WU9ndnBZekc1NlZRZ0JJVWdTUGp5UUdnb1hTaTVJdVVCaHRsam5PVFFLVG5DNVRacVRzdE1NWnpMNTRmVnUwTEtvdHREcDZvYWI3Q3JIMlFacWVlcDZwUHpZUHl1ZTdDZW5leWNTUmVWa3BRMUpPX19VM284Zw?oc=5\" target=\"_blank\" rel=\"nofollow noopener\">Richard Linklater nous offre une \u00ab Nouvelle vague \u00bb de bonheur nostalgique<\/a>&nbsp;&nbsp;Ouest-France<\/li>\n<li><a href=\"https:\/\/news.google.com\/rss\/articles\/CBMi2gFBVV95cUxOLXVIN1RXd0tNWUIxUmx4bVZnb2hMb3JoVGFqTE5yZWp4Vi1UN0ZVdEtBbk8wRVcyQkd1YnhURldvUGtDQl9PTWtLWTR0dWdReWt2SlFISEFUQW43c0p5OEozTTh6c0RHTGxqVFBPTF8zaUt6VHJObk5GczBIS3VJVGhsaTR6NkIwbV9GZzFuX0ppREhiVjlGVlZtRzBmLW11MllsRDk2aVZmMWVKSW9jYjhwbldQX0w0RVFFRklsdHBObi1na2twRlBmUzJzdWlmWFZETUxTcWVCZw?oc=5\" target=\"_blank\" rel=\"nofollow noopener\">BELMONDO : \u00ab A l\u2019\u00e9poque, personne ne pensait que ce film terminerait dans les cin\u00e9math\u00e8ques \u00bb<\/a>&nbsp;&nbsp;europe1.fr<\/li>\n<li><a href=\"https:\/\/news.google.com\/rss\/articles\/CBMixAFBVV95cUxQck9NUlhkQklVSnpOZHBQNW9LNlFYRzI3bTNCNUxDOHlGTmtxOFROVzlzY084MUtqWW1uTlRDTkE1N3owV1Ftb182WVFFRTdfYVlIMEl0M1RGaGFHM0lvRmlsZDl6cm9maE9OUmp1ZXBaNnVzQ1k0OHJ6RXltVzB0d3NaaGFHeV85UzktS3V6aUEyUDlxUGdMWXJLZUxQb1RNdllZNmM4ZmJTdWhlMlBicmNzaDFvaktqX3l5Xy1fQklSQkZy?oc=5\" target=\"_blank\" rel=\"nofollow noopener\">Nouvelle vague, Berlinguer M\u00e9t\u00e9ors, Tron: Ares &#8230; Les films \u00e0 voir et \u00e0 \u00e9viter cette semaine<\/a>&nbsp;&nbsp;Le Figaro<\/li>\n<\/ol>\n","protected":false},"excerpt":{"rendered":"Les films \u00e0 l\u2019affiche : \u00ab Nouvelle Vague \u00bb, \u00ab Hors service \u00bb, \u00ab L\u2019Invasion \u00bb, \u00ab M\u00e9t\u00e9ors&hellip;\n","protected":false},"author":2,"featured_media":446657,"comment_status":"","ping_status":"","sticky":false,"template":"","format":"standard","meta":{"footnotes":""},"categories":[1354],"tags":[58,59,1346,1011,27,1360],"class_list":{"0":"post-446656","1":"post","2":"type-post","3":"status-publish","4":"format-standard","5":"has-post-thumbnail","7":"category-films","8":"tag-divertissement","9":"tag-entertainment","10":"tag-films","11":"tag-fr","12":"tag-france","13":"tag-movies"},"share_on_mastodon":{"url":"https:\/\/pubeurope.com\/@fr\/115336776506787760","error":""},"_links":{"self":[{"href":"https:\/\/www.europesays.com\/fr\/wp-json\/wp\/v2\/posts\/446656","targetHints":{"allow":["GET"]}}],"collection":[{"href":"https:\/\/www.europesays.com\/fr\/wp-json\/wp\/v2\/posts"}],"about":[{"href":"https:\/\/www.europesays.com\/fr\/wp-json\/wp\/v2\/types\/post"}],"author":[{"embeddable":true,"href":"https:\/\/www.europesays.com\/fr\/wp-json\/wp\/v2\/users\/2"}],"replies":[{"embeddable":true,"href":"https:\/\/www.europesays.com\/fr\/wp-json\/wp\/v2\/comments?post=446656"}],"version-history":[{"count":0,"href":"https:\/\/www.europesays.com\/fr\/wp-json\/wp\/v2\/posts\/446656\/revisions"}],"wp:featuredmedia":[{"embeddable":true,"href":"https:\/\/www.europesays.com\/fr\/wp-json\/wp\/v2\/media\/446657"}],"wp:attachment":[{"href":"https:\/\/www.europesays.com\/fr\/wp-json\/wp\/v2\/media?parent=446656"}],"wp:term":[{"taxonomy":"category","embeddable":true,"href":"https:\/\/www.europesays.com\/fr\/wp-json\/wp\/v2\/categories?post=446656"},{"taxonomy":"post_tag","embeddable":true,"href":"https:\/\/www.europesays.com\/fr\/wp-json\/wp\/v2\/tags?post=446656"}],"curies":[{"name":"wp","href":"https:\/\/api.w.org\/{rel}","templated":true}]}}