{"id":446658,"date":"2025-10-08T04:58:11","date_gmt":"2025-10-08T04:58:11","guid":{"rendered":"https:\/\/www.europesays.com\/fr\/446658\/"},"modified":"2025-10-08T04:58:11","modified_gmt":"2025-10-08T04:58:11","slug":"une-operation-de-demoustication-en-centre-ville-les-rues-concernees","status":"publish","type":"post","link":"https:\/\/www.europesays.com\/fr\/446658\/","title":{"rendered":"une op\u00e9ration de d\u00e9moustication en centre-ville, les rues concern\u00e9es"},"content":{"rendered":"<p>            Par<br \/>\n        <strong><br \/>\n            <a href=\"https:\/\/actu.fr\/auteur\/guillaume-laurens\" title=\"Consulter tous les articles de Guillaume Laurens\" target=\"_blank\" rel=\"noopener\">Guillaume Laurens<\/a><br \/>\n        <\/strong><\/p>\n<p>        Publi\u00e9 le<\/p>\n<p>            7 oct. 2025 \u00e0 12h21        <\/p>\n<p>Une <strong>campagne de d\u00e9moustication<\/strong> va \u00eatre men\u00e9e dans la nuit du mardi\u00a07 au mercredi 8\u00a0octobre 2025, en plein <strong>centre-ville<\/strong> de<a href=\"https:\/\/actu.fr\/occitanie\/saint-gaudens_31483\" target=\"_blank\" rel=\"noopener\"> <strong>Saint-Gaudens<\/strong><\/a> (Haute-Garonne), sur directive de l\u2019Agence r\u00e9gionale de sant\u00e9 (ARS) Occitanie.<\/p>\n<p>Un cas de dengue, import\u00e9 d\u2019Afrique<\/p>\n<p class=\" wall-content\">D\u2019apr\u00e8s nos informations, cette campagne a \u00e9t\u00e9 mandat\u00e9e par l\u2019autorit\u00e9 de sant\u00e9 en raison d\u2019un cas<strong> import\u00e9 de <a href=\"https:\/\/actu.fr\/occitanie\/fonsorbes_31187\/un-premier-cas-autochtone-de-dengue-detecte-en-haute-garonne-une-commune-en-alerte-pres-de-toulouse_63132690.html\" target=\"_blank\" rel=\"noopener\">dengue<\/a>,<\/strong> la victime \u00e9tant de retour d\u2019un <strong>s\u00e9jour en Afrique<\/strong>. C\u2019est autour de son <strong>lieu de r\u00e9sidence<\/strong>, dans l\u2019hypercentre de Saint-Gaudens, que cette op\u00e9ration de d\u00e9moustication va \u00eatre men\u00e9e, afin \u00ab\u00a0d\u2019\u00e9viter une cha\u00eene de transmission locale\u00a0\u00bb de la maladie\u00a0\u00bb, annonce l\u2019ARS dans un courrier diffus\u00e9 aux habitants et qu\u2019Actu Toulouse a pu consulter.<\/p>\n<p>D\u00e9moustication essentiellement en pick-up<\/p>\n<p class=\" wall-content\">Une \u00e9quipe d\u2019<strong>Altopictus<\/strong> va sillonner les rues de la sous-pr\u00e9fecture de la Haute-Garonne <strong>\u00ab\u2009essentiellement en pick-up\u2009\u00bb<\/strong> et parfois \u00e0 pied, pr\u00e9cise <strong>Renaud Chevalier<\/strong>, responsable technique de cette soci\u00e9t\u00e9, en charge des op\u00e9rations antivectorielles dans toute la r\u00e9gion.<\/p>\n<p>La liste des rues concern\u00e9es<\/p>\n<p class=\" wall-content\">Ce traitement insecticide, dont la dur\u00e9e th\u00e9orique est d<strong>\u2019environ une heure<\/strong>, aura lieu \u00ab\u2009entre 23 heures et 6 heures du matin\u2009\u00bb, pr\u00e9cise l\u2019ARS.<\/p>\n<p>Vid\u00e9os : en ce moment sur Actu<\/p>\n<p class=\" wall-content\">D\u2019apr\u00e8s le d\u00e9tail fourni par <strong>la mairie<\/strong> de Saint-Gaudens, la d\u00e9moustication<strong> concernera\u00a0les rues suivantes\u2009<\/strong>: boulevard Charles-de-Gaulle, rue de la R\u00e9publique, avenue de l\u2019Isle, rue du Pradet, rue du Moulat, rue de l\u2019Union, rue des Remparts, rue Math\u00e9, place du Foirail, place Mar\u00e9chal Juin, place Hippolyte Ducos, rue de l\u2019Avenir.<\/p>\n<p>    <a href=\"https:\/\/www.google.com\/maps\/embed?pb=!1m18!1m12!1m3!1d2912.8169848807247!2d0.7187737337993978!3d43.108360896475!2m3!1f0!2f0!3f0!3m2!1i1024!2i768!4f13.1!3m3!1m2!1s0x12a8fc8e3ef67589%3A0x37369157bccd9510!2sRue%20de%20la%20R%C3%A9publique%2C%2031800%20Saint-Gaudens!5e0!3m2!1sfr!2sfr!4v1759828242230!5m2!1sfr!2sfr\" title=\"Ouvrie le lien\" target=\"_blank\" rel=\"noopener\">Cliquez ici pour visualiser le contenu<\/a><\/p>\n<p>Votre r\u00e9gion, votre actu !<\/p>\n<p>Recevez chaque jour les infos qui comptent pour vous.<\/p>\n<p>\t<a href=\"https:\/\/actu.fr\/newsletter\" class=\"ac-btn ac-btn--corner ac-btn--medium ac-btn--blue800\" target=\"_blank\" rel=\"noopener\">S&rsquo;incrire<\/a><\/p>\n<p class=\" wall-content\">La municipalit\u00e9 appelle ses administr\u00e9s \u00e0 <strong>fermer les fen\u00eatres, rentrer les animaux<\/strong> et bien \u00e9videmment<strong> \u00ab<\/strong><strong>\u2009\u00e9viter les zones de traitement<\/strong> pendant l\u2019op\u00e9ration\u2009\u00bb.<\/p>\n<p class=\" wall-content\">Personnalisez votre actualit\u00e9 en ajoutant vos villes et m\u00e9dias en favori avec <a href=\"https:\/\/moncompte.actu.fr\" title=\"D\u00e9couvez Mon Actu\" rel=\"nofollow noopener\" data-trk=\"{&quot;cta&quot;:{&quot;action&quot;:&quot;https:\\\/\\\/moncompte.actu.fr&quot;,&quot;category&quot;:&quot;mon compte&quot;,&quot;from&quot;:&quot;article footer&quot;,&quot;name&quot;:&quot;Mon actu&quot;,&quot;type&quot;:&quot;cta&quot;}}\" target=\"_blank\">Mon Actu<\/a>.<\/p>\n","protected":false},"excerpt":{"rendered":"Par Guillaume Laurens Publi\u00e9 le 7 oct. 2025 \u00e0 12h21 Une campagne de d\u00e9moustication va \u00eatre men\u00e9e dans&hellip;\n","protected":false},"author":2,"featured_media":446659,"comment_status":"","ping_status":"","sticky":false,"template":"","format":"standard","meta":{"footnotes":""},"categories":[10],"tags":[1011,27,72,2856,71,104],"class_list":{"0":"post-446658","1":"post","2":"type-post","3":"status-publish","4":"format-standard","5":"has-post-thumbnail","7":"category-sante","8":"tag-fr","9":"tag-france","10":"tag-health","11":"tag-moustique-tigre","12":"tag-sante","13":"tag-societe"},"share_on_mastodon":{"url":"https:\/\/pubeurope.com\/@fr\/115336780451283707","error":""},"_links":{"self":[{"href":"https:\/\/www.europesays.com\/fr\/wp-json\/wp\/v2\/posts\/446658","targetHints":{"allow":["GET"]}}],"collection":[{"href":"https:\/\/www.europesays.com\/fr\/wp-json\/wp\/v2\/posts"}],"about":[{"href":"https:\/\/www.europesays.com\/fr\/wp-json\/wp\/v2\/types\/post"}],"author":[{"embeddable":true,"href":"https:\/\/www.europesays.com\/fr\/wp-json\/wp\/v2\/users\/2"}],"replies":[{"embeddable":true,"href":"https:\/\/www.europesays.com\/fr\/wp-json\/wp\/v2\/comments?post=446658"}],"version-history":[{"count":0,"href":"https:\/\/www.europesays.com\/fr\/wp-json\/wp\/v2\/posts\/446658\/revisions"}],"wp:featuredmedia":[{"embeddable":true,"href":"https:\/\/www.europesays.com\/fr\/wp-json\/wp\/v2\/media\/446659"}],"wp:attachment":[{"href":"https:\/\/www.europesays.com\/fr\/wp-json\/wp\/v2\/media?parent=446658"}],"wp:term":[{"taxonomy":"category","embeddable":true,"href":"https:\/\/www.europesays.com\/fr\/wp-json\/wp\/v2\/categories?post=446658"},{"taxonomy":"post_tag","embeddable":true,"href":"https:\/\/www.europesays.com\/fr\/wp-json\/wp\/v2\/tags?post=446658"}],"curies":[{"name":"wp","href":"https:\/\/api.w.org\/{rel}","templated":true}]}}