{"id":446662,"date":"2025-10-08T05:00:12","date_gmt":"2025-10-08T05:00:12","guid":{"rendered":"https:\/\/www.europesays.com\/fr\/446662\/"},"modified":"2025-10-08T05:00:12","modified_gmt":"2025-10-08T05:00:12","slug":"lhumoriste-nawell-madani-accusee-dagression-un-enfant-de-6-ans-blesse-apres-un-coup-de-pied-dans-le-thorax","status":"publish","type":"post","link":"https:\/\/www.europesays.com\/fr\/446662\/","title":{"rendered":"L\u2019humoriste Nawell Madani accus\u00e9e d\u2019agression\u00a0: un enfant de 6\u00a0ans bless\u00e9 apr\u00e8s un \u00ab\u00a0coup de pied dans le thorax\u00a0\u00bb"},"content":{"rendered":"<p class=\"paragraph text_align_left lp-f-body-02\">Une soir\u00e9e familiale qui tourne au drame, lundi vers 22h30, sur les Champs-\u00c9lys\u00e9es (VIIIe). <a href=\"https:\/\/www.leparisien.fr\/culture-loisirs\/humour\/la-vie-dma-mere-je-ne-suis-pas-agressive-lhumoriste-nawell-madani-fait-un-retour-tonitruant-sur-scene-03-11-2024-C7632YE62VDNTAEQIVRYW7ZA74.php\" target=\"_blank\" rel=\"noreferrer nofollow noopener\">L\u2019humoriste Nawell Madani<\/a> est accus\u00e9e d\u2019avoir agress\u00e9 Djulian, un petit gar\u00e7on de 6 ans qui voulait \u00ab simplement prendre une photo avec elle \u00bb, selon la famille et des t\u00e9moins de l\u2019incident. La sc\u00e8ne, film\u00e9e par un habitant de l\u2019avenue, s\u2019est sold\u00e9e par l\u2019hospitalisation de l\u2019enfant \u00e0 Necker.<\/p>\n<p class=\"paragraph text_align_left lp-f-body-02\">D\u2019apr\u00e8s nos informations, Nawell Madani s\u2019est pr\u00e9sent\u00e9e d\u2019elle-m\u00eame au commissariat du VIIIe dans la soir\u00e9e. Selon le parquet de Paris, elle a expliqu\u00e9 \u00ab avoir \u00e9t\u00e9 approch\u00e9e par des enfants, avoir eu peur d\u2019un vol et avoir port\u00e9 un coup \u00e0 un enfant \u00bb. Une enqu\u00eate pour \u00ab <a href=\"https:\/\/www.leparisien.fr\/faits-divers\/ca-fait-peur-a-paris-les-signalements-pour-agression-sexuelle-dans-le-periscolaire-explosent-02-10-2025-JQA3ZPQ66VFSJGIBWTTKNPPTPA.php\" target=\"_blank\" rel=\"noreferrer nofollow noopener\">violence sur mineur<\/a> de moins de 15 ans \u00bb a \u00e9t\u00e9 ouverte.<\/p>\n<p class=\"paragraph text_align_left lp-f-body-02\">Tout commence par une sortie ordinaire. Bebethan, p\u00e8re c\u00e9libataire qui \u00e9l\u00e8ve seul ses quatre fils \u00e2g\u00e9s de 6 \u00e0 13 ans, quitte un restaurant des <a href=\"https:\/\/www.leparisien.fr\/paris-75\/champs-elysees\/\" target=\"_blank\" rel=\"noreferrer nofollow noopener\">Champs-\u00c9lys\u00e9es<\/a>. \u00ab On venait de d\u00eener quand on a crois\u00e9 Sofian* (le pr\u00e9nom \u00e0 \u00e9t\u00e9 modifi\u00e9), un habitant du quartier qui nous conna\u00eet gr\u00e2ce aux r\u00e9seaux sociaux \u00bb, raconte le p\u00e8re. Car les quatre fr\u00e8res ne passent pas inaper\u00e7us : ins\u00e9parables sosies qui s\u2019habillent \u00e0 l\u2019identique, ils cartonnent sur TikTok avec leurs vid\u00e9os bon enfant et comptent plus de 10 000 abonn\u00e9s.<\/p>\n<p>La rencontre avec Nawell Madani<\/p>\n<p class=\"paragraph text_align_left lp-f-body-02\">C\u2019est en pleine discussion que Nawell Madani passe pr\u00e8s du groupe. Sofian, ancien figurant sur un tournage de l\u2019actrice, la salue poliment quand il la reconna\u00eet. Djulian, curieux, interroge son p\u00e8re : qui est cette femme ? Quand Sofian lui explique qu\u2019il s\u2019agit d\u2019une actrice connue, l\u2019enfant demande s\u2019il peut aller prendre une photo avec elle. \u00ab Je lui ai dit oui \u00bb, confie Bebethan, habitu\u00e9 \u00e0 ce type de demande de la part de ses enfants. \u00ab Ils prennent souvent des photos avec des influenceurs, \u00e0 des \u00e9v\u00e9nements, des concerts, dans la rue\u2026 \u00c7a s\u2019est toujours bien pass\u00e9 \u00bb, assure-t-il.<\/p>\n<p class=\"paragraph text_align_left lp-f-body-02\">Les trois a\u00een\u00e9s se dirigent en courant vers l\u2019humoriste, talonn\u00e9s par Djulian. Mais l\u2019accueil est glacial, affirme l\u2019un des fr\u00e8res plus \u00e2g\u00e9s. \u00ab Elle s\u2019est \u00e9nerv\u00e9e contre nous, puis elle a dit : \u2018Restez derri\u00e8re\u2019\u00bb, dit-il se souvenir. \u00ab Les grands se sont arr\u00eat\u00e9s net, retrace Bebethan. Mais Djulian \u00e9tait d\u00e9j\u00e0 lanc\u00e9 et comme il n\u2019a pas entendu, il a continu\u00e9 \u00e0 courir vers elle. \u00bb<\/p>\n<p class=\"paragraph text_align_left lp-f-body-02\">Le petit de 6 ans, \u00ab toujours souriant et joyeux \u00bb d\u00e9crit fi\u00e8rement son p\u00e8re, aper\u00e7oit alors le sac de l\u2019actrice d\u2019o\u00f9 d\u00e9passe un petit chien. \u00ab Il a voulu le caresser, comme n\u2019importe quel enfant l\u2019aurait fait \u00bb, explique-t-il.<\/p>\n<p>\u00ab Un \u00e9norme coup de pied dans le thorax \u00bb<\/p>\n<p class=\"paragraph text_align_left lp-f-body-02\">En quelques secondes, l\u2019ambiance bascule. \u00ab Elle se retourne et lui met un \u00e9norme coup de pied dans le thorax, t\u00e9moigne Sofian, encore sous le choc. Le gamin vole et s\u2019\u00e9crase au sol. Pendant qu\u2019il \u00e9tait \u00e0 terre, je l\u2019ai entendue dire \u00e0 l\u2019enfant : \u2018Maintenant tu vas me respecter\u2019 \u00bb, assure-t-il. Choqu\u00e9, Djulian se serait relev\u00e9 en pleurant avant de courir se r\u00e9fugier dans les bras de son p\u00e8re en hurlant.<\/p>\n<p class=\"paragraph text_align_left lp-f-body-02\">\u00ab Heureusement, le p\u00e8re a gard\u00e9 son sang-froid \u00bb, souligne Sofian. \u00ab J\u2019\u00e9tais tellement furieux et je lui ai dit qu\u2019elle n\u2019avait pas \u00e0 frapper un enfant de 6 ans \u00bb, explique Bebethan, qui est rapidement parti rassurer son enfant. Face \u00e0 l\u2019agitation, Nawell Madani aurait d\u00e9gain\u00e9 son t\u00e9l\u00e9phone et film\u00e9 Sofian qui tentait de la mettre face \u00e0 ces actes, comme le montre sa vid\u00e9o transmise au Parisien. \u00ab Je pense qu\u2019elle s\u2019est rendu compte de son erreur et a commenc\u00e9 \u00e0 nous traiter de tous les noms, accusant les enfants d\u2019avoir voulu la voler et les traitant de voyous et de racailles \u00bb, rapporte Sofian, encore indign\u00e9.<\/p>\n<p class=\"paragraph text_align_left lp-f-body-02\">Les pompiers, alert\u00e9s par le p\u00e8re, d\u00e9barquent rapidement et emm\u00e8nent Djulian \u00e0 l\u2019h\u00f4pital Necker. \u00ab Vous auriez entendu les pleurs et les r\u00e2les du petit, je n\u2019ai pas ferm\u00e9 l\u2019\u0153il de la nuit \u00bb, confie Sofian. Pendant ce temps, l\u2019humoriste aurait quitt\u00e9 les lieux avant l\u2019arriv\u00e9e des secours. \u00ab Elle a trac\u00e9 son chemin sans m\u00eame s\u2019inqui\u00e9ter de l\u2019\u00e9tat de Djulian \u00bb, s\u2019insurge Bebethan.<\/p>\n<p>Il \u00e9tait \u00ab choqu\u00e9 et souffrait \u00bb du thorax<\/p>\n<p class=\"paragraph text_align_left lp-f-body-02\">\u00c0 l\u2019h\u00f4pital, le diagnostic est rassurant : pas de l\u00e9sion visible. \u00ab Djulian \u00e9tait surtout choqu\u00e9 et souffrait au niveau de l\u2019impact \u00bb, pr\u00e9cise son p\u00e8re qui, apr\u00e8s avoir \u00e9t\u00e9 renvoy\u00e9 chez eux, est all\u00e9 porter plainte au commissariat du XVIIe entre minuit et 1 heure.<\/p>\n<p class=\"paragraph text_align_left lp-f-body-02\">La famille est retourn\u00e9e \u00e0 l\u2019h\u00f4pital ce mardi pour mener des examens compl\u00e9mentaires car Djulian \u00ab continuait de se plaindre de douleur au thorax \u00bb, ajoute Bebethan.<\/p>\n<p class=\"paragraph text_align_left lp-f-body-02\">Contact\u00e9e, Nawell Madani n\u2019a pas r\u00e9pondu \u00e0 nos sollicitations. \u00c0 44 ans, l\u2019humoriste s\u2019est impos\u00e9e depuis sa r\u00e9v\u00e9lation au <a href=\"https:\/\/www.leparisien.fr\/culture-loisirs\/humour\/la-troupe-du-comedy-club-au-dome-de-paris-mais-quel-plaisir-de-revoir-jamel-debbouze-sur-scene-22-03-2025-J7AFRNM6SZERHMR2BZLJHMCZ6I.php\" target=\"_blank\" rel=\"noreferrer nofollow noopener\">Jamel Comedy Club<\/a> en 2012. Actrice et r\u00e9alisatrice, elle est actuellement en tourn\u00e9e avec son nouveau spectacle \u00ab Tout Court \u00bb et \u00e9tait encore r\u00e9cemment jur\u00e9e de Miss France 2025.<\/p>\n","protected":false},"excerpt":{"rendered":"Une soir\u00e9e familiale qui tourne au drame, lundi vers 22h30, sur les Champs-\u00c9lys\u00e9es (VIIIe). L\u2019humoriste Nawell Madani est&hellip;\n","protected":false},"author":2,"featured_media":446663,"comment_status":"","ping_status":"","sticky":false,"template":"","format":"standard","meta":{"footnotes":""},"categories":[8],"tags":[58,59,118,1011,27,1944,626],"class_list":{"0":"post-446662","1":"post","2":"type-post","3":"status-publish","4":"format-standard","5":"has-post-thumbnail","7":"category-divertissement","8":"tag-divertissement","9":"tag-entertainment","10":"tag-faits-divers","11":"tag-fr","12":"tag-france","13":"tag-ma-ville","14":"tag-paris"},"share_on_mastodon":{"url":"https:\/\/pubeurope.com\/@fr\/115336788335452405","error":""},"_links":{"self":[{"href":"https:\/\/www.europesays.com\/fr\/wp-json\/wp\/v2\/posts\/446662","targetHints":{"allow":["GET"]}}],"collection":[{"href":"https:\/\/www.europesays.com\/fr\/wp-json\/wp\/v2\/posts"}],"about":[{"href":"https:\/\/www.europesays.com\/fr\/wp-json\/wp\/v2\/types\/post"}],"author":[{"embeddable":true,"href":"https:\/\/www.europesays.com\/fr\/wp-json\/wp\/v2\/users\/2"}],"replies":[{"embeddable":true,"href":"https:\/\/www.europesays.com\/fr\/wp-json\/wp\/v2\/comments?post=446662"}],"version-history":[{"count":0,"href":"https:\/\/www.europesays.com\/fr\/wp-json\/wp\/v2\/posts\/446662\/revisions"}],"wp:featuredmedia":[{"embeddable":true,"href":"https:\/\/www.europesays.com\/fr\/wp-json\/wp\/v2\/media\/446663"}],"wp:attachment":[{"href":"https:\/\/www.europesays.com\/fr\/wp-json\/wp\/v2\/media?parent=446662"}],"wp:term":[{"taxonomy":"category","embeddable":true,"href":"https:\/\/www.europesays.com\/fr\/wp-json\/wp\/v2\/categories?post=446662"},{"taxonomy":"post_tag","embeddable":true,"href":"https:\/\/www.europesays.com\/fr\/wp-json\/wp\/v2\/tags?post=446662"}],"curies":[{"name":"wp","href":"https:\/\/api.w.org\/{rel}","templated":true}]}}