{"id":446666,"date":"2025-10-08T05:02:13","date_gmt":"2025-10-08T05:02:13","guid":{"rendered":"https:\/\/www.europesays.com\/fr\/446666\/"},"modified":"2025-10-08T05:02:13","modified_gmt":"2025-10-08T05:02:13","slug":"comment-des-mairies-trichent-pour-sauver-leurs-ordinateurs","status":"publish","type":"post","link":"https:\/\/www.europesays.com\/fr\/446666\/","title":{"rendered":"comment des mairies \u00ab\u2009trichent\u2009\u00bb pour sauver leurs ordinateurs"},"content":{"rendered":"<p>La date fatidique approche, et les solutions manquent toujours. Alors que <a href=\"https:\/\/www.latribune.fr\/article\/tech\/informatique\/87093664157841\/souverainete-numerique-l-ile-de-france-remplace-microsoft-par-des-solutions-francaises-pour-centraliser-les-donnees-des-lyceens\" target=\"_blank\" rel=\"noopener\">Microsoft <\/a>maintient la fin de vie de Windows 10 au 14 octobre 2025, la transition vers Windows 11 plonge les collectivit\u00e9s publiques dans la tourmente. Selon le cabinet d\u2019analyse Canalys, pr\u00e8s de 240 millions de PC dans le monde risquent de devenir pr\u00e9matur\u00e9ment obsol\u00e8tes, incapables de satisfaire les exigences techniques impos\u00e9es par le nouveau syst\u00e8me.<\/p>\n<p>Aucun chiffrage pr\u00e9cis n\u2019a encore \u00e9t\u00e9 \u00e9tabli pour la France, mais, selon La Gazette des communes, la facture pourrait atteindre plusieurs millions d\u2019euros pour certaines administrations.<a href=\"https:\/\/www.latribune.fr\/strategie\/2025-07-09\/ces-villes-francaises-qui-font-le-pari-des-logiciels-libres-a-la-place-de-microsoft-1029226.html\" target=\"_blank\" rel=\"noopener\"> Les collectivit\u00e9s<\/a> doivent choisir entre abandonner des milliers d\u2019ordinateurs fonctionnels ou payer le sursis d\u2019un an propos\u00e9 \u00e0 un tarif de 61 euros par Microsoft, pour rester sur Windows 10.<\/p>\n","protected":false},"excerpt":{"rendered":"La date fatidique approche, et les solutions manquent toujours. Alors que Microsoft maintient la fin de vie de&hellip;\n","protected":false},"author":2,"featured_media":446667,"comment_status":"","ping_status":"","sticky":false,"template":"","format":"standard","meta":{"footnotes":""},"categories":[6],"tags":[17,35,20,154,33,34,25101,1011,27,34835,57271,6481,13703,32088],"class_list":{"0":"post-446666","1":"post","2":"type-post","3":"status-publish","4":"format-standard","5":"has-post-thumbnail","7":"category-economie","8":"tag-17","9":"tag-business","10":"tag-comment","11":"tag-des","12":"tag-economie","13":"tag-economy","14":"tag-forcee","15":"tag-fr","16":"tag-france","17":"tag-mairies","18":"tag-tech-ia","19":"tag-transition","20":"tag-vers","21":"tag-windows"},"share_on_mastodon":{"url":"https:\/\/pubeurope.com\/@fr\/115336796233987438","error":""},"_links":{"self":[{"href":"https:\/\/www.europesays.com\/fr\/wp-json\/wp\/v2\/posts\/446666","targetHints":{"allow":["GET"]}}],"collection":[{"href":"https:\/\/www.europesays.com\/fr\/wp-json\/wp\/v2\/posts"}],"about":[{"href":"https:\/\/www.europesays.com\/fr\/wp-json\/wp\/v2\/types\/post"}],"author":[{"embeddable":true,"href":"https:\/\/www.europesays.com\/fr\/wp-json\/wp\/v2\/users\/2"}],"replies":[{"embeddable":true,"href":"https:\/\/www.europesays.com\/fr\/wp-json\/wp\/v2\/comments?post=446666"}],"version-history":[{"count":0,"href":"https:\/\/www.europesays.com\/fr\/wp-json\/wp\/v2\/posts\/446666\/revisions"}],"wp:featuredmedia":[{"embeddable":true,"href":"https:\/\/www.europesays.com\/fr\/wp-json\/wp\/v2\/media\/446667"}],"wp:attachment":[{"href":"https:\/\/www.europesays.com\/fr\/wp-json\/wp\/v2\/media?parent=446666"}],"wp:term":[{"taxonomy":"category","embeddable":true,"href":"https:\/\/www.europesays.com\/fr\/wp-json\/wp\/v2\/categories?post=446666"},{"taxonomy":"post_tag","embeddable":true,"href":"https:\/\/www.europesays.com\/fr\/wp-json\/wp\/v2\/tags?post=446666"}],"curies":[{"name":"wp","href":"https:\/\/api.w.org\/{rel}","templated":true}]}}