{"id":446670,"date":"2025-10-08T05:04:11","date_gmt":"2025-10-08T05:04:11","guid":{"rendered":"https:\/\/www.europesays.com\/fr\/446670\/"},"modified":"2025-10-08T05:04:11","modified_gmt":"2025-10-08T05:04:11","slug":"cest-quand-meme-tres-genant-face-au-rn-retailleau-seme-le-trouble-avec-son-pas-une-voix-pour-la-gauche","status":"publish","type":"post","link":"https:\/\/www.europesays.com\/fr\/446670\/","title":{"rendered":"\u00ab\u00a0C\u2019est quand m\u00eame tr\u00e8s g\u00eanant\u00a0\u00bb\u00a0: face au RN, Retailleau s\u00e8me le trouble avec son \u00ab\u00a0pas une voix pour la gauche\u00a0\u00bb"},"content":{"rendered":"<p class=\"paragraph text_align_left lp-f-body-02\">C\u2019est un d\u00e9part d\u2019incendie qui aurait fait plus de bruit si la semaine n\u2019\u00e9tait pas d\u00e9j\u00e0 agit\u00e9e par les m\u00e9gafeux. C\u2019est <a href=\"https:\/\/www.leparisien.fr\/politique\/bruno-retailleau\/\" target=\"_blank\" rel=\"noreferrer nofollow noopener\">Bruno Retailleau<\/a> qui a craqu\u00e9 l\u2019allumette, ce mardi 7 octobre sur CNews-Europe 1. Il \u00e9tait interrog\u00e9 sur la consigne que donneraient Les R\u00e9publicains concernant le second tour de la l\u00e9gislative partielle du Tarn-et-Garonne, opposant un candidat PS \u00e0 un \u00e9lu du parti ciottiste UDR, alli\u00e9 <a href=\"https:\/\/www.leparisien.fr\/politique\/rn\/\" target=\"_blank\" rel=\"noreferrer nofollow noopener\">du Rassemblement national<\/a> (RN).<\/p>\n<p class=\"paragraph text_align_left lp-f-body-02\">\u00ab Pas une voix pour la gauche (\u2026), c\u2019est notre ligne \u00bb, a r\u00e9p\u00e9t\u00e9 le pr\u00e9sident du parti de droite apr\u00e8s quelques t\u00e2tonnements. Pause de l\u2019intervieweuse, qui r\u00e9it\u00e8re sa question afin de souligner le solennel dans ce qui pourrait para\u00eetre anecdotique, voyant l\u00e0 un arrimage de la droite sur sa voisine extr\u00eame.<\/p>\n","protected":false},"excerpt":{"rendered":"C\u2019est un d\u00e9part d\u2019incendie qui aurait fait plus de bruit si la semaine n\u2019\u00e9tait pas d\u00e9j\u00e0 agit\u00e9e par&hellip;\n","protected":false},"author":2,"featured_media":446671,"comment_status":"","ping_status":"","sticky":false,"template":"","format":"standard","meta":{"footnotes":""},"categories":[4],"tags":[11,459,1011,27,12,316,25],"class_list":{"0":"post-446670","1":"post","2":"type-post","3":"status-publish","4":"format-standard","5":"has-post-thumbnail","7":"category-france","8":"tag-actualites","9":"tag-departements-horsidfo","10":"tag-fr","11":"tag-france","12":"tag-news","13":"tag-politique","14":"tag-republique-francaise"},"share_on_mastodon":{"url":"https:\/\/pubeurope.com\/@fr\/115336804098265187","error":""},"_links":{"self":[{"href":"https:\/\/www.europesays.com\/fr\/wp-json\/wp\/v2\/posts\/446670","targetHints":{"allow":["GET"]}}],"collection":[{"href":"https:\/\/www.europesays.com\/fr\/wp-json\/wp\/v2\/posts"}],"about":[{"href":"https:\/\/www.europesays.com\/fr\/wp-json\/wp\/v2\/types\/post"}],"author":[{"embeddable":true,"href":"https:\/\/www.europesays.com\/fr\/wp-json\/wp\/v2\/users\/2"}],"replies":[{"embeddable":true,"href":"https:\/\/www.europesays.com\/fr\/wp-json\/wp\/v2\/comments?post=446670"}],"version-history":[{"count":0,"href":"https:\/\/www.europesays.com\/fr\/wp-json\/wp\/v2\/posts\/446670\/revisions"}],"wp:featuredmedia":[{"embeddable":true,"href":"https:\/\/www.europesays.com\/fr\/wp-json\/wp\/v2\/media\/446671"}],"wp:attachment":[{"href":"https:\/\/www.europesays.com\/fr\/wp-json\/wp\/v2\/media?parent=446670"}],"wp:term":[{"taxonomy":"category","embeddable":true,"href":"https:\/\/www.europesays.com\/fr\/wp-json\/wp\/v2\/categories?post=446670"},{"taxonomy":"post_tag","embeddable":true,"href":"https:\/\/www.europesays.com\/fr\/wp-json\/wp\/v2\/tags?post=446670"}],"curies":[{"name":"wp","href":"https:\/\/api.w.org\/{rel}","templated":true}]}}