{"id":446681,"date":"2025-10-08T05:11:39","date_gmt":"2025-10-08T05:11:39","guid":{"rendered":"https:\/\/www.europesays.com\/fr\/446681\/"},"modified":"2025-10-08T05:11:39","modified_gmt":"2025-10-08T05:11:39","slug":"a-toulon-un-nouvel-iut-signe-corinne-vezzoni-et-associes","status":"publish","type":"post","link":"https:\/\/www.europesays.com\/fr\/446681\/","title":{"rendered":"\u00c0 Toulon, un nouvel IUT sign\u00e9 Corinne Vezzoni et Associ\u00e9s"},"content":{"rendered":"<p><a href=\"https:\/\/www.europesays.com\/fr\/wp-content\/uploads\/2025\/10\/01-IUT-Toulon-@-Corinne-Vezzoni-Associes-by-Landsim.jpg\"><img loading=\"lazy\" decoding=\"async\" width=\"563\" height=\"750\" src=\"https:\/\/www.europesays.com\/fr\/wp-content\/uploads\/2025\/10\/01-IUT-Toulon-@-Corinne-Vezzoni-Associes-by-Landsim.jpg\" alt=\" IUT Toulon\" class=\"wp-image-79989\"  \/><\/a> @ Corinne Vezzoni &amp; Associ\u00e9s by Landsim<\/p>\n<p><strong>\u00c0 Toulon (Var), pour l\u2019Universit\u00e9 de Toulon ma\u00eetre d\u2019ouvrage, l\u2019agence Corinne Vezzoni et Associ\u00e9s a livr\u00e9 en 2024 un nouveau b\u00e2timent d\u2019enseignement sup\u00e9rieur destin\u00e9 aux d\u00e9partements G\u00e9nie Industriel et Maintenance (GIM) et G\u00e9nie \u00c9lectrique et Informatique Industrielle (GEII). Surface\u00a0: 5\u00a0371 m\u00b2. Montant des travaux\u00a0: 11,80\u00a0M\u20ac. Communiqu\u00e9.<\/strong><\/p>\n<p><strong>Un marqueur architectural et paysager<\/strong><\/p>\n<p>Implant\u00e9 en t\u00eate du site universitaire, le nouveau b\u00e2timent s\u2019impose comme un rep\u00e8re urbain et symbolique. Sa fa\u00e7ade principale, tourn\u00e9e vers la rue de l\u2019Universit\u00e9, affirme la visibilit\u00e9 de l\u2019\u00e9tablissement depuis l\u2019espace public. Compact et \u00e9lanc\u00e9, le projet lib\u00e8re de vastes surfaces de pleine terre et s\u2019ouvre g\u00e9n\u00e9reusement sur le paysage collinaire environnant.<\/p>\n<p>Au c\u0153ur du dispositif architectural imagin\u00e9 par Corinne Vezzoni, un patio v\u00e9g\u00e9talis\u00e9 structure la vie de l\u2019\u00e9tablissement et prolonge les espaces int\u00e9rieurs par un th\u00e9\u00e2tre de verdure et des cheminements vers les r\u00e9sidences \u00e9tudiantes. Cette organisation favorise les \u00e9changes et la convivialit\u00e9, tout en tout en reliant harmonieusement le b\u00e2timent \u00e0 son environnement naturel.<\/p>\n<p><strong>Une architecture durable et exemplaire<\/strong><\/p>\n<p>R\u00e9solument tourn\u00e9e vers l\u2019avenir, l\u2019op\u00e9ration conjugue innovation p\u00e9dagogique et engagement \u00e9cologique, avec une conception bas carbone int\u00e9grant des toitures v\u00e9g\u00e9talis\u00e9es, des panneaux photovolta\u00efques, un raccordement \u00e0 une chaudi\u00e8re biomasse, une gestion optimis\u00e9e des eaux pluviales ainsi que la cr\u00e9ation d\u2019\u00eelots de fra\u00eecheur renfor\u00e7ant la biodiversit\u00e9. Cette d\u00e9marche exemplaire a valu \u00e0 l\u2019Universit\u00e9 de Toulon le Prix d\u2019excellence de la planification \u00e9cologique 2024.<\/p>\n<p>\u00ab Avec ce projet, nous avons voulu offrir aux \u00e9tudiants un lieu d\u2019apprentissage qui soit \u00e0 la fois rep\u00e8re urbain, \u00e9crin paysager et outil p\u00e9dagogique durable. L\u2019enjeu \u00e9tait de cr\u00e9er un b\u00e2timent compact tout en ouvrant ses espaces int\u00e9rieurs sur la nature environnante, afin de renforcer la convivialit\u00e9 et le bien-\u00eatre au c\u0153ur du campus\u00a0\u00bb, commente Corinne Vezzoni, architecte.<\/p>\n<p><a href=\"https:\/\/www.europesays.com\/fr\/wp-content\/uploads\/2025\/10\/02-IUT-Toulon-@-Corinne-Vezzoni-Associes-by-Landsim.jpg\"><img loading=\"lazy\" decoding=\"async\" width=\"563\" height=\"750\" src=\"https:\/\/www.europesays.com\/fr\/wp-content\/uploads\/2025\/10\/02-IUT-Toulon-@-Corinne-Vezzoni-Associes-by-Landsim.jpg\" alt=\" IUT Toulon \" class=\"wp-image-79990\"  \/><\/a>@ Corinne Vezzoni &amp; Associ\u00e9s by Landsim<\/p>\n<p><strong>Un \u00e9tablissement au service des \u00e9tudiants et du territoire<\/strong><\/p>\n<p>D\u2019une surface de 5\u00a0371 m\u00b2, l\u2019IUT accueille d\u00e9sormais pr\u00e8s de 800 \u00e9tudiants dans des conditions id\u00e9ales. Organis\u00e9 sur plusieurs niveaux, il regroupe salles banalis\u00e9es, ateliers scientifiques, bureaux de recherche et locaux associatifs. Sa trame constructive (10\u00a0m) et sa structure poteaux-poutres assurent une grande flexibilit\u00e9 pour accompagner l\u2019\u00e9volution des dispositifs p\u00e9dagogiques. En regroupant les deux d\u00e9partements GIM et GEII, le projet t\u00e9moigne de la volont\u00e9 de l\u2019Universit\u00e9 de Toulon de mutualiser les espaces et de cr\u00e9er une synergie durable entre les fili\u00e8res.<\/p>\n","protected":false},"excerpt":{"rendered":"@ Corinne Vezzoni &amp; Associ\u00e9s by Landsim \u00c0 Toulon (Var), pour l\u2019Universit\u00e9 de Toulon ma\u00eetre d\u2019ouvrage, l\u2019agence Corinne&hellip;\n","protected":false},"author":2,"featured_media":446682,"comment_status":"","ping_status":"","sticky":false,"template":"","format":"standard","meta":{"footnotes":""},"categories":[9619],"tags":[1111,11,13701,54733,9614,1777,674,1011,27,12,882,25,2310,7506],"class_list":{"0":"post-446681","1":"post","2":"type-post","3":"status-publish","4":"format-standard","5":"has-post-thumbnail","7":"category-toulon","8":"tag-actu","9":"tag-actualites","10":"tag-campus","11":"tag-corinne-vezzoni","12":"tag-enseignement","13":"tag-eu","14":"tag-europe","15":"tag-fr","16":"tag-france","17":"tag-news","18":"tag-provence-alpes-cote-dazur","19":"tag-republique-francaise","20":"tag-toulon","21":"tag-var"},"share_on_mastodon":{"url":"https:\/\/pubeurope.com\/@fr\/115336832054668951","error":""},"_links":{"self":[{"href":"https:\/\/www.europesays.com\/fr\/wp-json\/wp\/v2\/posts\/446681","targetHints":{"allow":["GET"]}}],"collection":[{"href":"https:\/\/www.europesays.com\/fr\/wp-json\/wp\/v2\/posts"}],"about":[{"href":"https:\/\/www.europesays.com\/fr\/wp-json\/wp\/v2\/types\/post"}],"author":[{"embeddable":true,"href":"https:\/\/www.europesays.com\/fr\/wp-json\/wp\/v2\/users\/2"}],"replies":[{"embeddable":true,"href":"https:\/\/www.europesays.com\/fr\/wp-json\/wp\/v2\/comments?post=446681"}],"version-history":[{"count":0,"href":"https:\/\/www.europesays.com\/fr\/wp-json\/wp\/v2\/posts\/446681\/revisions"}],"wp:featuredmedia":[{"embeddable":true,"href":"https:\/\/www.europesays.com\/fr\/wp-json\/wp\/v2\/media\/446682"}],"wp:attachment":[{"href":"https:\/\/www.europesays.com\/fr\/wp-json\/wp\/v2\/media?parent=446681"}],"wp:term":[{"taxonomy":"category","embeddable":true,"href":"https:\/\/www.europesays.com\/fr\/wp-json\/wp\/v2\/categories?post=446681"},{"taxonomy":"post_tag","embeddable":true,"href":"https:\/\/www.europesays.com\/fr\/wp-json\/wp\/v2\/tags?post=446681"}],"curies":[{"name":"wp","href":"https:\/\/api.w.org\/{rel}","templated":true}]}}