{"id":446683,"date":"2025-10-08T05:12:26","date_gmt":"2025-10-08T05:12:26","guid":{"rendered":"https:\/\/www.europesays.com\/fr\/446683\/"},"modified":"2025-10-08T05:12:26","modified_gmt":"2025-10-08T05:12:26","slug":"apres-lacolyte-a-montpellier-thibaut-ouvre-la-brasserie-laccolade-ce-midi-aux-cuves-gourmandes","status":"publish","type":"post","link":"https:\/\/www.europesays.com\/fr\/446683\/","title":{"rendered":"Apr\u00e8s l\u2019Acolyte \u00e0 Montpellier, Thibaut ouvre la brasserie l\u2019Accolade ce midi aux Cuves gourmandes"},"content":{"rendered":"<p>\n                                                                Un nouveau venu parmi les 25 restaurateurs qui occupent un \u00ab\u00a0cuve truck\u00a0\u00bb au sein de l\u2019ancien chai viticole du Domaine Pailletrice \u00e0 P\u00e9rols.\n                            <\/p>\n<p>Les <a href=\"https:\/\/www.midilibre.fr\/2025\/09\/03\/les-cuves-gourmandes-nouveau-temple-de-la-street-food-et-du-vin-ouvre-aux-portes-de-montpellier-12908305.php\" target=\"_blank\" rel=\"nofollow noopener\">Cuves gourmandes \u00e0 P\u00e9rols<\/a> accueillent une nouvelle enseigne ce mardi 7\u00a0octobre. Son nom\u00a0: L\u2019Accolade. Cette brasserie, pilot\u00e9e par le patron de l\u2019Acolyte dans l\u2019Ecusson, occupera trois cuves. L\u2019une est d\u00e9di\u00e9e \u00e0 une s\u00e9lection de bi\u00e8res et vins de l\u2019H\u00e9rault, l\u2019autre abrite une salle de restauration \u00e0 la parisienne et la troisi\u00e8me un bar \u00e0 tapas \u00e0 la fran\u00e7aise. Nicolas M\u00e9ot, ancien chef de la paillotte Bonaventure, a concoct\u00e9 la carte \u00e0 base de produits frais et faits minute.<\/p>\n<p>Tartare de boeuf, chaussons au comt\u00e9\u2026<\/p>\n<p>Histoire de vous faire saliver avant de vous attabler, voici ce que vous trouverez dans votre assiette\u00a0: tartare de boeuf \u00e0 d\u00e9guster avec les doigts, chaussons au comt\u00e9, beignets de crabes, toasts truff\u00e9s \u00e0 l\u2019emmental, sardinettes, brandade de morue revisit\u00e9e ou moules \u00e0 la s\u00e9toise.<\/p>\n<p>Avis aux \u00e9picuriens, l\u2019ouverture est pr\u00e9vue ce mardi midi\u2026<\/p>\n","protected":false},"excerpt":{"rendered":"Un nouveau venu parmi les 25 restaurateurs qui occupent un \u00ab\u00a0cuve truck\u00a0\u00bb au sein de l\u2019ancien chai viticole&hellip;\n","protected":false},"author":2,"featured_media":446684,"comment_status":"","ping_status":"","sticky":false,"template":"","format":"standard","meta":{"footnotes":""},"categories":[9599],"tags":[1111,11,1777,674,1011,27,2208,12,2680,25],"class_list":{"0":"post-446683","1":"post","2":"type-post","3":"status-publish","4":"format-standard","5":"has-post-thumbnail","7":"category-montpellier","8":"tag-actu","9":"tag-actualites","10":"tag-eu","11":"tag-europe","12":"tag-fr","13":"tag-france","14":"tag-montpellier","15":"tag-news","16":"tag-occitanie","17":"tag-republique-francaise"},"share_on_mastodon":{"url":"https:\/\/pubeurope.com\/@fr\/115336835547284912","error":""},"_links":{"self":[{"href":"https:\/\/www.europesays.com\/fr\/wp-json\/wp\/v2\/posts\/446683","targetHints":{"allow":["GET"]}}],"collection":[{"href":"https:\/\/www.europesays.com\/fr\/wp-json\/wp\/v2\/posts"}],"about":[{"href":"https:\/\/www.europesays.com\/fr\/wp-json\/wp\/v2\/types\/post"}],"author":[{"embeddable":true,"href":"https:\/\/www.europesays.com\/fr\/wp-json\/wp\/v2\/users\/2"}],"replies":[{"embeddable":true,"href":"https:\/\/www.europesays.com\/fr\/wp-json\/wp\/v2\/comments?post=446683"}],"version-history":[{"count":0,"href":"https:\/\/www.europesays.com\/fr\/wp-json\/wp\/v2\/posts\/446683\/revisions"}],"wp:featuredmedia":[{"embeddable":true,"href":"https:\/\/www.europesays.com\/fr\/wp-json\/wp\/v2\/media\/446684"}],"wp:attachment":[{"href":"https:\/\/www.europesays.com\/fr\/wp-json\/wp\/v2\/media?parent=446683"}],"wp:term":[{"taxonomy":"category","embeddable":true,"href":"https:\/\/www.europesays.com\/fr\/wp-json\/wp\/v2\/categories?post=446683"},{"taxonomy":"post_tag","embeddable":true,"href":"https:\/\/www.europesays.com\/fr\/wp-json\/wp\/v2\/tags?post=446683"}],"curies":[{"name":"wp","href":"https:\/\/api.w.org\/{rel}","templated":true}]}}