{"id":446687,"date":"2025-10-08T05:14:12","date_gmt":"2025-10-08T05:14:12","guid":{"rendered":"https:\/\/www.europesays.com\/fr\/446687\/"},"modified":"2025-10-08T05:14:12","modified_gmt":"2025-10-08T05:14:12","slug":"a-rouen-noemie-se-bat-pour-que-son-fils-trisomique-beneficie-dune-aide-a-lecole","status":"publish","type":"post","link":"https:\/\/www.europesays.com\/fr\/446687\/","title":{"rendered":"\u00e0 Rouen, No\u00e9mie se bat pour que son fils trisomique b\u00e9n\u00e9ficie d&rsquo;une aide \u00e0 l&rsquo;\u00e9cole"},"content":{"rendered":"<p>            Par<br \/>\n        <strong><br \/>\n            <a href=\"https:\/\/actu.fr\/auteur\/yann-rivallan\" title=\"Consulter tous les articles de Yann Rivallan\" rel=\"nofollow noopener\" target=\"_blank\">Yann Rivallan<\/a><br \/>\n        <\/strong><\/p>\n<p>        Publi\u00e9 le<\/p>\n<p>            8 oct. 2025 \u00e0 7h06        <\/p>\n<p>Elle pleure \u00e0 chaudes larmes \u00e0 la barre du <a href=\"https:\/\/actu.fr\/tag\/tribunal-de-rouen\" rel=\"nofollow noopener\" target=\"_blank\">tribunal de Rouen<\/a>. Il faut dire qu\u2019elle ne pensait pas en arriver l\u00e0. Mais l\u2019instant d\u2019apr\u00e8s, No\u00e9mie Lemoine se ressaisit et raconte son impuissance devant <strong>la froideur de l\u2019administration<\/strong>. Maman de cinq enfants, elle bataille depuis plusieurs mois pour sauver l\u2019avenir de son petit dernier, Alexis, atteint <strong>de trisomie 21<\/strong>.<\/p>\n<p>\u00ab\u2009Il a besoin d\u2019une aide constante\u2009\u00bb<\/p>\n<p class=\" wall-content\">Depuis la naissance de son fils, cette m\u00e8re de famille install\u00e9e au Trait a \u00e9t\u00e9 <strong>plus que pr\u00e9voyante<\/strong> pour lui donner un maximum de chances.<\/p>\n<blockquote class=\"ac-article-quote wall-content\">\n<p>J&rsquo;ai pr\u00e9venu l&rsquo;\u00e9cole [maternelle] en d\u00e9cembre 2024 pour leur dire \u00ab\u00a0attention, [Alexis] arrive \u00e0 la rentr\u00e9e de septembre 2025\u00a0\u00bb.<\/p>\n<p>    <strong>No\u00e9mie Lemoine<\/strong><br \/>\n        Maman d&rsquo;Alexis, jeune gar\u00e7on trisomique    <\/p><\/blockquote>\n<p class=\" wall-content\">Dans la foul\u00e9e, elle pr\u00e9pare<strong> son dossier \u00e0 la MDPH<\/strong>, la maison du handicap de Seine-Maritime, pour obtenir une aide financi\u00e8re, mais surtout, un AESH, un accompagnant des \u00e9l\u00e8ves en situation de handicap, pour pr\u00eater main-forte \u00e0 son fils tout au long de ses journ\u00e9es d\u2019\u00e9cole.<\/p>\n<p class=\" wall-content\">Une aide humaine qui para\u00eet indispensable au vu du handicap de son fils. D\u2019ailleurs, tous les professionnels de sant\u00e9 qu\u2019il a rencontr\u00e9 l\u2019ont pr\u00e9conis\u00e9.<\/p>\n<p class=\" wall-content\">Devant le tribunal de Rouen, l\u2019avocate de No\u00e9mie, Me Marie Leroux, est claire\u2009: \u00ab<strong>\u2009Il a besoin d\u2019une aide constante<\/strong>. C\u2019est un enfant qui \u00e9prouve des lenteurs d\u2019ex\u00e9cution, il a besoin qu\u2019on lui reformule des consignes, qu\u2019on l\u2019accompagne dans toutes ses t\u00e2ches et qu\u2019on l\u2019aide dans sa gestion \u00e9motionnelle.\u2009\u00bb<\/p>\n<p class=\" wall-content\">Du haut de ses 3 ans et demi, <strong>Alexis \u00ab\u2009n\u2019est pas encore propre\u2009\u00bb<\/strong> et peut \u00ab\u2009prendre la fuite\u2009\u00bb en classe lorsqu\u2019il n\u2019est pas surveill\u00e9, appuie-t-elle. Autant de contraintes qui compliquent grandement la vie de sa ma\u00eetresse. Elle doit \u00e9galement s\u2019occuper d\u2019une vingtaine d\u2019enfants en bas \u00e2ge.<\/p>\n<p>Votre r\u00e9gion, votre actu !<\/p>\n<p>Recevez chaque jour les infos qui comptent pour vous.<\/p>\n<p>\t<a href=\"https:\/\/actu.fr\/newsletter\" class=\"ac-btn ac-btn--corner ac-btn--medium ac-btn--blue800\" rel=\"nofollow noopener\" target=\"_blank\">S&rsquo;incrire<\/a><br \/>\nLa maison du handicap refuse sa demande d\u2019AESH<\/p>\n<p class=\" wall-content\">Mais si No\u00e9mie s\u2019est retrouv\u00e9e devant le tribunal de Rouen, mardi 7\u00a0octobre 2025, c\u2019est parce que la maison du handicap a <strong>refus\u00e9 cat\u00e9goriquement sa demande d\u2019AESH<\/strong>, arguant qu\u2019Alexis \u00e9tait \u00ab\u2009suffisamment autonome\u2009\u00bb.<\/p>\n<p class=\" wall-content\">L\u2019administration g\u00e9r\u00e9e par le D\u00e9partement de la Seine-Maritime n\u2019a m\u00eame pas pris la peine de se faire repr\u00e9senter par un avocat lors de cette audience. Face \u00e0 un banc vide, Me Leroux a insist\u00e9 sur \u00ab\u2009l\u2019urgence \u00e9vidente de la situation\u2009\u00bb.<\/p>\n<p class=\" wall-content\">L\u2019avocate a demand\u00e9 au tribunal <strong>d\u2019octroyer provisoirement une AESH<\/strong> au jeune trisomique, dans l\u2019attente d\u2019un proc\u00e8s sur le fond dans plusieurs mois. Car s\u2019il fallait attendre ce \u00ab\u2009vrai\u2009\u00bb proc\u00e8s, l\u2019ann\u00e9e scolaire sera d\u00e9j\u00e0 sur le point de se conclure. \u00ab\u2009On ne peut pas se permettre d\u2019attendre\u2009\u00bb, a assur\u00e9 Me Leroux.<\/p>\n<p>\u00ab\u2009La ma\u00eetresse fait tout son possible\u2009\u00bb mais\u2026<\/p>\n<p class=\" wall-content\">\u00c0 la barre, No\u00e9mie Lemoine raconte les difficult\u00e9s de son fils au quotidien\u2009: \u00ab\u2009Il va \u00e0 l\u2019\u00e9cole trois demi-journ\u00e9es par semaine. Mais avec une AESH, <strong>il pourrait y aller plus<\/strong> et manger \u00e0 la cantine le midi.\u2009\u00bb<\/p>\n<p class=\" wall-content\">En classe, \u00ab\u2009la ma\u00eetresse fait tout son possible\u2009\u00bb, assure la m\u00e8re de famille. Mais face au handicap d\u2019Alexis, \u00ab\u2009elle est oblig\u00e9e de le laisser de c\u00f4t\u00e9 lors des activit\u00e9s avec les autres enfants. Et ensuite, elle les fait avec lui tout seul. <strong>Il est exclu au quotidien<\/strong>\u2009\u00bb.<\/p>\n<p class=\" wall-content\">Une aide humaine lui permettrait de \u00ab\u2009mieux s\u2019int\u00e9grer\u2009\u00bb, imagine-t-elle. Une heure par semaine, une \u00e9ducatrice vient aider le jeune trisomique en classe. \u00ab\u2009Et l\u00e0, \u00e7a se passe beaucoup mieux\u2009\u00bb, fait remarquer la maman du petit gar\u00e7on.<\/p>\n<p>Un fort soutien d\u2019\u00e9lus locaux<\/p>\n<p class=\" wall-content\">Dans son combat, No\u00e9mie n\u2019est pas seule. L\u2019\u00e9quipe municipale du Trait lui a d\u00e9j\u00e0 pr\u00eat\u00e9 main-forte en <strong>finan\u00e7ant du mat\u00e9riel adapt\u00e9<\/strong> \u00e0 la trisomie de son fils. Durant l\u2019audience mardi, le maire de Barentin et conseiller d\u00e9partemental, <strong>Christophe Bouillon<\/strong>, ainsi que Michel Pons, repr\u00e9sentant de la Coordination Handicap Normandie \u00e9taient pr\u00e9sents.<\/p>\n<p class=\" wall-content\">Dans l\u2019attente du d\u00e9lib\u00e9r\u00e9, pr\u00e9vu <strong>le 20\u00a0octobre<\/strong> prochain, la m\u00e8re de famille est loin d\u2019\u00eatre r\u00e9sign\u00e9e\u2009: \u00ab\u2009Peu importe la d\u00e9cision, je ne vais pas l\u00e2cher.\u2009\u00bb<\/p>\n<p>Suivez l\u2019actualit\u00e9 de Rouen sur <a href=\"https:\/\/www.whatsapp.com\/channel\/0029VaKfnf99hXF2ddApFB1D\" rel=\"nofollow noopener\" target=\"_blank\">notre cha\u00eene WhatsApp<\/a> et sur <a href=\"https:\/\/www.tiktok.com\/@76actu.fr?lang=fr\" rel=\"nofollow noopener\" target=\"_blank\">notre compte TikTok<\/a><\/p>\n<p class=\" wall-content\">Personnalisez votre actualit\u00e9 en ajoutant vos villes et m\u00e9dias en favori avec <a href=\"https:\/\/moncompte.actu.fr\" title=\"D\u00e9couvez Mon Actu\" rel=\"nofollow noopener\" data-trk=\"{&quot;cta&quot;:{&quot;action&quot;:&quot;https:\\\/\\\/moncompte.actu.fr&quot;,&quot;category&quot;:&quot;mon compte&quot;,&quot;from&quot;:&quot;article footer&quot;,&quot;name&quot;:&quot;Mon actu&quot;,&quot;type&quot;:&quot;cta&quot;}}\" target=\"_blank\">Mon Actu<\/a>.<\/p>\n<p>                    <script async src=\"\/\/www.tiktok.com\/embed.js\"><\/script><\/p>\n","protected":false},"excerpt":{"rendered":"Par Yann Rivallan Publi\u00e9 le 8 oct. 2025 \u00e0 7h06 Elle pleure \u00e0 chaudes larmes \u00e0 la barre&hellip;\n","protected":false},"author":2,"featured_media":446688,"comment_status":"","ping_status":"","sticky":false,"template":"","format":"standard","meta":{"footnotes":""},"categories":[9587],"tags":[1111,11,1057,1777,674,1011,27,1943,12,5161,25,9590,104,13682],"class_list":{"0":"post-446687","1":"post","2":"type-post","3":"status-publish","4":"format-standard","5":"has-post-thumbnail","7":"category-rouen","8":"tag-actu","9":"tag-actualites","10":"tag-education","11":"tag-eu","12":"tag-europe","13":"tag-fr","14":"tag-france","15":"tag-handicap","16":"tag-news","17":"tag-normandie","18":"tag-republique-francaise","19":"tag-rouen","20":"tag-societe","21":"tag-tribunal-de-rouen"},"share_on_mastodon":{"url":"https:\/\/pubeurope.com\/@fr\/115336843371327186","error":""},"_links":{"self":[{"href":"https:\/\/www.europesays.com\/fr\/wp-json\/wp\/v2\/posts\/446687","targetHints":{"allow":["GET"]}}],"collection":[{"href":"https:\/\/www.europesays.com\/fr\/wp-json\/wp\/v2\/posts"}],"about":[{"href":"https:\/\/www.europesays.com\/fr\/wp-json\/wp\/v2\/types\/post"}],"author":[{"embeddable":true,"href":"https:\/\/www.europesays.com\/fr\/wp-json\/wp\/v2\/users\/2"}],"replies":[{"embeddable":true,"href":"https:\/\/www.europesays.com\/fr\/wp-json\/wp\/v2\/comments?post=446687"}],"version-history":[{"count":0,"href":"https:\/\/www.europesays.com\/fr\/wp-json\/wp\/v2\/posts\/446687\/revisions"}],"wp:featuredmedia":[{"embeddable":true,"href":"https:\/\/www.europesays.com\/fr\/wp-json\/wp\/v2\/media\/446688"}],"wp:attachment":[{"href":"https:\/\/www.europesays.com\/fr\/wp-json\/wp\/v2\/media?parent=446687"}],"wp:term":[{"taxonomy":"category","embeddable":true,"href":"https:\/\/www.europesays.com\/fr\/wp-json\/wp\/v2\/categories?post=446687"},{"taxonomy":"post_tag","embeddable":true,"href":"https:\/\/www.europesays.com\/fr\/wp-json\/wp\/v2\/tags?post=446687"}],"curies":[{"name":"wp","href":"https:\/\/api.w.org\/{rel}","templated":true}]}}