{"id":446693,"date":"2025-10-08T05:18:33","date_gmt":"2025-10-08T05:18:33","guid":{"rendered":"https:\/\/www.europesays.com\/fr\/446693\/"},"modified":"2025-10-08T05:18:33","modified_gmt":"2025-10-08T05:18:33","slug":"grenoble-hip-hop-musique-electronique-et-heritage-mandingue-avec-les-amazones-dafrique","status":"publish","type":"post","link":"https:\/\/www.europesays.com\/fr\/446693\/","title":{"rendered":"Grenoble. Hip-hop, musique \u00e9lectronique et h\u00e9ritage mandingue avec les Amazones d\u2019Afrique"},"content":{"rendered":"<p>Le collectif, fond\u00e9 autour de Mamani Ke\u00efta et Mariam Doumbia (Amadou &amp; Mariam), r\u00e9unit de nombreuses artistes venues de toute l\u2019Afrique et de la diaspora. Un concert puissant, engag\u00e9 et envo\u00fbtant, entre transe \u00e9lectro et h\u00e9ritage mandingue. Le nom de cet ensemble rend hommage aux g\u00e9n\u00e9rations de guerri\u00e8res courageuses et fi\u00e8res avec un son qui n\u2019a cess\u00e9 d\u2019\u00e9voluer au fil des disques. Leur troisi\u00e8me album Musow Danse  se nourrit du hip-hop, de la trap et de la musique \u00e9lectronique.<\/p>\n<p class=\"note\">Vendredi 17\u00a0octobre \u00e0 20 heures \u00e0 la MC2 \u00e0 Grenoble. De 10 \u00e0 33\u00a0\u20ac.<\/p>\n","protected":false},"excerpt":{"rendered":"Le collectif, fond\u00e9 autour de Mamani Ke\u00efta et Mariam Doumbia (Amadou &amp; Mariam), r\u00e9unit de nombreuses artistes venues&hellip;\n","protected":false},"author":2,"featured_media":446694,"comment_status":"","ping_status":"","sticky":false,"template":"","format":"standard","meta":{"footnotes":""},"categories":[9566],"tags":[1111,11,2430,1687,112,1777,674,1011,27,2731,2732,108,12,25,3140],"class_list":{"0":"post-446693","1":"post","2":"type-post","3":"status-publish","4":"format-standard","5":"has-post-thumbnail","7":"category-grenoble","8":"tag-actu","9":"tag-actualites","10":"tag-auvergne-rhone-alpes","11":"tag-culture-loisirs","12":"tag-edition-grenoble-agglomeration","13":"tag-eu","14":"tag-europe","15":"tag-fr","16":"tag-france","17":"tag-grenoble","18":"tag-grenoble-bassin","19":"tag-isere","20":"tag-news","21":"tag-republique-francaise","22":"tag-spectacle"},"share_on_mastodon":{"url":"https:\/\/pubeurope.com\/@fr\/115336859089304255","error":""},"_links":{"self":[{"href":"https:\/\/www.europesays.com\/fr\/wp-json\/wp\/v2\/posts\/446693","targetHints":{"allow":["GET"]}}],"collection":[{"href":"https:\/\/www.europesays.com\/fr\/wp-json\/wp\/v2\/posts"}],"about":[{"href":"https:\/\/www.europesays.com\/fr\/wp-json\/wp\/v2\/types\/post"}],"author":[{"embeddable":true,"href":"https:\/\/www.europesays.com\/fr\/wp-json\/wp\/v2\/users\/2"}],"replies":[{"embeddable":true,"href":"https:\/\/www.europesays.com\/fr\/wp-json\/wp\/v2\/comments?post=446693"}],"version-history":[{"count":0,"href":"https:\/\/www.europesays.com\/fr\/wp-json\/wp\/v2\/posts\/446693\/revisions"}],"wp:featuredmedia":[{"embeddable":true,"href":"https:\/\/www.europesays.com\/fr\/wp-json\/wp\/v2\/media\/446694"}],"wp:attachment":[{"href":"https:\/\/www.europesays.com\/fr\/wp-json\/wp\/v2\/media?parent=446693"}],"wp:term":[{"taxonomy":"category","embeddable":true,"href":"https:\/\/www.europesays.com\/fr\/wp-json\/wp\/v2\/categories?post=446693"},{"taxonomy":"post_tag","embeddable":true,"href":"https:\/\/www.europesays.com\/fr\/wp-json\/wp\/v2\/tags?post=446693"}],"curies":[{"name":"wp","href":"https:\/\/api.w.org\/{rel}","templated":true}]}}