{"id":446703,"date":"2025-10-08T05:23:10","date_gmt":"2025-10-08T05:23:10","guid":{"rendered":"https:\/\/www.europesays.com\/fr\/446703\/"},"modified":"2025-10-08T05:23:10","modified_gmt":"2025-10-08T05:23:10","slug":"nice-une-nouvelle-unite-de-la-gendarmerie-debarque-dans-les-transports-et-frappe-fort","status":"publish","type":"post","link":"https:\/\/www.europesays.com\/fr\/446703\/","title":{"rendered":"Nice. Une nouvelle unit\u00e9 de la gendarmerie d\u00e9barque dans les transports et frappe fort"},"content":{"rendered":"<p>            Par<br \/>\n        <strong><br \/>\n            <a href=\"https:\/\/actu.fr\/auteur\/ugo-maillard\" title=\"Consulter tous les articles de Ugo Maillard\" rel=\"nofollow noopener\" target=\"_blank\">Ugo Maillard<\/a><br \/>\n        <\/strong><\/p>\n<p>        Publi\u00e9 le<\/p>\n<p>            8 oct. 2025 \u00e0 6h46        <\/p>\n<p>Une tr\u00e8s vaste op\u00e9ration de gendarmerie a \u00e9t\u00e9 men\u00e9e sur le territoire des <a href=\"https:\/\/actu.fr\/provence-alpes-cote-d-azur\/alpes-maritimes_06\" rel=\"nofollow noopener\" target=\"_blank\">Alpes-Maritimes<\/a> le lundi 6\u00a0octobre 2025 sur plusieurs points strat\u00e9giques de l\u2019agglom\u00e9ration de <a href=\"https:\/\/actu.fr\/nice\/\" rel=\"nofollow noopener\" target=\"_blank\">Nice<\/a>. Un \u00ab\u2009contr\u00f4le des flux\u2009\u00bb qui s\u2019inscrit dans une volont\u00e9 d\u00e9partementale des forces de l\u2019ordre de lutter<strong> contre l\u2019ins\u00e9curit\u00e9 routi\u00e8re et la d\u00e9linquance<\/strong> sur l\u2019ensemble du territoire maralpin. Des contr\u00f4l\u00e9s ont \u00e9t\u00e9 men\u00e9s sur des sites n\u00e9vralgiques par une <strong>nouvelle unit\u00e9<\/strong>. Nouvelle\u2009? Pas totalement. Depuis le 1er\u00a0octobre 2025, l\u2019Escadron d\u00e9partemental de s\u00e9curit\u00e9 routi\u00e8re (EDSR06) est devenu l\u2019Escadron d\u00e9partemental de contr\u00f4le des flux (EDCF06). Un changement de nom et un changement de secteurs.<\/p>\n<p>Un premier contr\u00f4le d\u2019envergure ce lundi<\/p>\n<p class=\" wall-content\">Selon la gendarmerie des Alpes-Maritimes, \u00ab\u2009un dispositif combin\u00e9 de contr\u00f4les ferroviaire et routier a \u00e9t\u00e9 men\u00e9 \u00e0 l\u2019est de la m\u00e9tropole ni\u00e7oise\u2009\u00bb, le lundi 6\u00a0octobre 2025.\u00a0La <strong>gare de Nice-Ville<\/strong> et ses voyageurs ont notamment \u00e9t\u00e9 cibl\u00e9s.<\/p>\n<p>    <a href=\"https:\/\/www.google.com\/maps\/embed?pb=!1m18!1m12!1m3!1d12950.536242263835!2d7.259124566732975!3d43.702151479320676!2m3!1f0!2f0!3f0!3m2!1i1024!2i768!4f13.1!3m3!1m2!1s0x12cdd00630b6fb9d%3A0x70199f2a745ea0d5!2sNice-Ville!5e0!3m2!1sfr!2sfr!4v1759846955301!5m2!1sfr!2sfr\" title=\"Ouvrie le lien\" rel=\"nofollow noopener\" target=\"_blank\">Cliquez ici pour visualiser le contenu<\/a><\/p>\n<p class=\" wall-content\">L\u2019unit\u00e9 mise en place depuis une semaine est <strong>compos\u00e9e de 105 militaires<\/strong>. Ses actions sont nombreuses\u2009: \u00ab\u2009contr\u00f4les intensifi\u00e9s sur les principaux axes routiers\u2009; la surveillance des transports en commun (trains, bus, tramways) avec le renfort d\u2019\u00e9quipes cynophiles sp\u00e9cialis\u00e9es\u2009; une pr\u00e9sence accrue en mer et dans les ports\u2009; une lutte judiciaire renforc\u00e9e contre les groupes de d\u00e9linquants en mouvement\u2009\u00bb, listent les services d\u00e9partementaux de la gendarmerie.<\/p>\n<p class=\" wall-content\">Lors de l\u2019op\u00e9ration de ce lundi, de nombreuses personnes ont fait <strong>l\u2019objet d\u2019un contr\u00f4le<\/strong>. Voici le bilan\u2009:<\/p>\n<ul class=\" wall-content\">\n<li>11 proc\u00e9dures pour d\u00e9tention de stup\u00e9fiants<\/li>\n<li>1 proc\u00e9dure pour arme blanche dans les transports<\/li>\n<li>2\u00a0personnes inscrites au fichier des personnes recherch\u00e9es interpell\u00e9es<\/li>\n<\/ul>\n<p class=\" wall-content\">Pour la <strong>premi\u00e8re op\u00e9ration d\u2019envergure<\/strong> de l\u2019Escadron d\u00e9partemental de contr\u00f4le des flux, la directrice du cabinet du pr\u00e9fet des Alpes-Maritimes et le procureur de Nice \u00e9taient pr\u00e9sents sur les lieux.<\/p>\n<p>Votre r\u00e9gion, votre actu !<\/p>\n<p>Recevez chaque jour les infos qui comptent pour vous.<\/p>\n<p>\t<a href=\"https:\/\/actu.fr\/newsletter\" class=\"ac-btn ac-btn--corner ac-btn--medium ac-btn--blue800\" rel=\"nofollow noopener\" target=\"_blank\">S&rsquo;incrire<\/a><br \/>\nDes op\u00e9rations sur les r\u00e9seaux de transports<\/p>\n<p class=\" wall-content\">La nouvelle unit\u00e9 de la gendarmerie m\u00e8nera <strong>des op\u00e9rations quotidiennes<\/strong> sur les r\u00e9seaux de transport et l\u2019ensemble du d\u00e9partement.<\/p>\n<p class=\" wall-content\">Personnalisez votre actualit\u00e9 en ajoutant vos villes et m\u00e9dias en favori avec <a href=\"https:\/\/moncompte.actu.fr\" title=\"D\u00e9couvez Mon Actu\" rel=\"nofollow noopener\" data-trk=\"{&quot;cta&quot;:{&quot;action&quot;:&quot;https:\\\/\\\/moncompte.actu.fr&quot;,&quot;category&quot;:&quot;mon compte&quot;,&quot;from&quot;:&quot;article footer&quot;,&quot;name&quot;:&quot;Mon actu&quot;,&quot;type&quot;:&quot;cta&quot;}}\" target=\"_blank\">Mon Actu<\/a>.<\/p>\n","protected":false},"excerpt":{"rendered":"Par Ugo Maillard Publi\u00e9 le 8 oct. 2025 \u00e0 6h46 Une tr\u00e8s vaste op\u00e9ration de gendarmerie a \u00e9t\u00e9&hellip;\n","protected":false},"author":2,"featured_media":446704,"comment_status":"","ping_status":"","sticky":false,"template":"","format":"standard","meta":{"footnotes":""},"categories":[2819],"tags":[1111,11,1777,674,118,1011,27,3381,12,2401,882,25],"class_list":{"0":"post-446703","1":"post","2":"type-post","3":"status-publish","4":"format-standard","5":"has-post-thumbnail","7":"category-nice","8":"tag-actu","9":"tag-actualites","10":"tag-eu","11":"tag-europe","12":"tag-faits-divers","13":"tag-fr","14":"tag-france","15":"tag-gendarmerie","16":"tag-news","17":"tag-nice","18":"tag-provence-alpes-cote-dazur","19":"tag-republique-francaise"},"share_on_mastodon":{"url":"https:\/\/pubeurope.com\/@fr\/115336878785579361","error":""},"_links":{"self":[{"href":"https:\/\/www.europesays.com\/fr\/wp-json\/wp\/v2\/posts\/446703","targetHints":{"allow":["GET"]}}],"collection":[{"href":"https:\/\/www.europesays.com\/fr\/wp-json\/wp\/v2\/posts"}],"about":[{"href":"https:\/\/www.europesays.com\/fr\/wp-json\/wp\/v2\/types\/post"}],"author":[{"embeddable":true,"href":"https:\/\/www.europesays.com\/fr\/wp-json\/wp\/v2\/users\/2"}],"replies":[{"embeddable":true,"href":"https:\/\/www.europesays.com\/fr\/wp-json\/wp\/v2\/comments?post=446703"}],"version-history":[{"count":0,"href":"https:\/\/www.europesays.com\/fr\/wp-json\/wp\/v2\/posts\/446703\/revisions"}],"wp:featuredmedia":[{"embeddable":true,"href":"https:\/\/www.europesays.com\/fr\/wp-json\/wp\/v2\/media\/446704"}],"wp:attachment":[{"href":"https:\/\/www.europesays.com\/fr\/wp-json\/wp\/v2\/media?parent=446703"}],"wp:term":[{"taxonomy":"category","embeddable":true,"href":"https:\/\/www.europesays.com\/fr\/wp-json\/wp\/v2\/categories?post=446703"},{"taxonomy":"post_tag","embeddable":true,"href":"https:\/\/www.europesays.com\/fr\/wp-json\/wp\/v2\/tags?post=446703"}],"curies":[{"name":"wp","href":"https:\/\/api.w.org\/{rel}","templated":true}]}}