{"id":446707,"date":"2025-10-08T05:26:55","date_gmt":"2025-10-08T05:26:55","guid":{"rendered":"https:\/\/www.europesays.com\/fr\/446707\/"},"modified":"2025-10-08T05:26:55","modified_gmt":"2025-10-08T05:26:55","slug":"nantes-un-trentenaire-victime-de-coups-de-couteau-retrouve-mort-chez-lui","status":"publish","type":"post","link":"https:\/\/www.europesays.com\/fr\/446707\/","title":{"rendered":"Nantes\u00a0: un trentenaire victime de coups de couteau retrouv\u00e9 mort chez lui"},"content":{"rendered":"<p class=\"paragraph text_align_left lp-f-body-02\">Un homme de 33 ans a \u00e9t\u00e9 retrouv\u00e9 mort chez lui jeudi \u00e0 son domicile d\u2019Orvault (<a href=\"https:\/\/www.leparisien.fr\/loire-atlantique-44\/3\/\" target=\"_self\" rel=\"nofollow noopener\">Loire-Atlantique<\/a>), \u00e0 une dizaine de kilom\u00e8tres au nord de Nantes, victime de coups de couteau, selon des sources polici\u00e8res et judiciaire \u00e0 l\u2019AFP. L\u2019homme \u00e9tait connu des services de police pour des <a href=\"https:\/\/www.leparisien.fr\/seine-et-marne-77\/sous-lempire-de-stupefiants-il-avait-poignarde-ses-amis-laccuse-considere-comme-irresponsable-penalement-03-09-2025-BELGIOK4FZGWTG3TXD3WSRYOR4.php\" target=\"_self\" rel=\"nofollow noopener\">faits de stup\u00e9fiants<\/a>.<\/p>\n<p class=\"paragraph text_align_left lp-f-body-02\">Alert\u00e9 jeudi en milieu de journ\u00e9e par des proches, le Samu s\u2019\u00e9tait rendu sur place. Les secouristes ont trouv\u00e9 la victime pr\u00e9sum\u00e9e, dont le visage portait des traces de coups et \u00e9tait couvert de sang.<\/p>\n<p>Des plaies \u00e0 diff\u00e9rents endroits du corps<\/p>\n<p class=\"paragraph text_align_left lp-f-body-02\">Le trentenaire pr\u00e9sentait des plaies \u00e0 diff\u00e9rents endroits du corps dont au moins un coup de couteau dans le dos. Mais aussi des blessures au niveau des mains \u00e9voquant de possibles l\u00e9sions de d\u00e9fense, a ajout\u00e9 une des sources polici\u00e8res, en pr\u00e9cisant qu\u2019une autopsie \u00e9tait pr\u00e9vue ce vendredi. L\u2019enqu\u00eate a \u00e9t\u00e9 confi\u00e9e \u00e0 la police judiciaire de Nantes, a indiqu\u00e9 \u00e0 l\u2019AFP le procureur de la R\u00e9publique de Nantes Antoine Leroy.<\/p>\n","protected":false},"excerpt":{"rendered":"Un homme de 33 ans a \u00e9t\u00e9 retrouv\u00e9 mort chez lui jeudi \u00e0 son domicile d\u2019Orvault (Loire-Atlantique), \u00e0&hellip;\n","protected":false},"author":2,"featured_media":446708,"comment_status":"","ping_status":"","sticky":false,"template":"","format":"standard","meta":{"footnotes":""},"categories":[2818],"tags":[1111,11,459,1777,674,118,1011,27,766,12,2636,25],"class_list":{"0":"post-446707","1":"post","2":"type-post","3":"status-publish","4":"format-standard","5":"has-post-thumbnail","7":"category-nantes","8":"tag-actu","9":"tag-actualites","10":"tag-departements-horsidfo","11":"tag-eu","12":"tag-europe","13":"tag-faits-divers","14":"tag-fr","15":"tag-france","16":"tag-nantes","17":"tag-news","18":"tag-pays-de-la-loire","19":"tag-republique-francaise"},"share_on_mastodon":{"url":"https:\/\/pubeurope.com\/@fr\/115336894377717861","error":""},"_links":{"self":[{"href":"https:\/\/www.europesays.com\/fr\/wp-json\/wp\/v2\/posts\/446707","targetHints":{"allow":["GET"]}}],"collection":[{"href":"https:\/\/www.europesays.com\/fr\/wp-json\/wp\/v2\/posts"}],"about":[{"href":"https:\/\/www.europesays.com\/fr\/wp-json\/wp\/v2\/types\/post"}],"author":[{"embeddable":true,"href":"https:\/\/www.europesays.com\/fr\/wp-json\/wp\/v2\/users\/2"}],"replies":[{"embeddable":true,"href":"https:\/\/www.europesays.com\/fr\/wp-json\/wp\/v2\/comments?post=446707"}],"version-history":[{"count":0,"href":"https:\/\/www.europesays.com\/fr\/wp-json\/wp\/v2\/posts\/446707\/revisions"}],"wp:featuredmedia":[{"embeddable":true,"href":"https:\/\/www.europesays.com\/fr\/wp-json\/wp\/v2\/media\/446708"}],"wp:attachment":[{"href":"https:\/\/www.europesays.com\/fr\/wp-json\/wp\/v2\/media?parent=446707"}],"wp:term":[{"taxonomy":"category","embeddable":true,"href":"https:\/\/www.europesays.com\/fr\/wp-json\/wp\/v2\/categories?post=446707"},{"taxonomy":"post_tag","embeddable":true,"href":"https:\/\/www.europesays.com\/fr\/wp-json\/wp\/v2\/tags?post=446707"}],"curies":[{"name":"wp","href":"https:\/\/api.w.org\/{rel}","templated":true}]}}