{"id":446714,"date":"2025-10-08T05:31:19","date_gmt":"2025-10-08T05:31:19","guid":{"rendered":"https:\/\/www.europesays.com\/fr\/446714\/"},"modified":"2025-10-08T05:31:19","modified_gmt":"2025-10-08T05:31:19","slug":"travaux-de-voirie-demolitions-dans-ce-quartier-meconnaissable-de-toulouse-la-circulation-est-perturbee","status":"publish","type":"post","link":"https:\/\/www.europesays.com\/fr\/446714\/","title":{"rendered":"Travaux de voirie, d\u00e9molitions\u00a0: dans ce quartier m\u00e9connaissable de Toulouse, la circulation est perturb\u00e9e"},"content":{"rendered":"<p>\n                                                                    l&rsquo;essentiel<br \/>\n                                                                R\u00e9seaux, voiries, d\u00e9molitions\u00a0: le chantier du futur quartier Grand Matabiau Quais d\u2019Oc entre dans une phase intense avant l\u2019arriv\u00e9e de la Ligne \u00e0 grande vitesse en 2032. Tour d\u2019horizon des travaux en cours avenue de Lyon et alentours.\n                            <\/p>\n<p>\u00c0 Toulouse, le vaste projet urbain \u00ab\u00a0Grand Matabiau Quais d\u2019Oc\u00a0\u00bb\u00a0pr\u00e9pare la transformation du quartier de la gare en vue de l\u2019arriv\u00e9e de la Ligne \u00e0 Grande Vitesse Bordeaux \u2013 Toulouse, pr\u00e9vue pour 2032.<\/p>\n<p>        <img decoding=\"async\" class=\"std-img__img responsive-img\" src=\"https:\/\/www.europesays.com\/fr\/wp-content\/uploads\/2025\/10\/1759901476_782_image.jpg\" alt=\"Une vue des futurs immeubles du quartier Grand Matabiau\"\/><\/p>\n<p>                Une vue des futurs immeubles du quartier Grand Matabiau<br \/>\n                                    Europolia<\/p>\n<p>Ces prochains mois, les travaux vont se multiplier\u00a0entre l\u2019avenue de Lyon, le boulevard des Minimes et les rues adjacentes. L\u2019objectif est d\u2019adapter les r\u00e9seaux, les mobilit\u00e9s et les futurs am\u00e9nagements urbains.<\/p>\n<p>Des travaux de r\u00e9seaux perturbants, pendant encore 7 mois<\/p>\n<p>Depuis le mois d\u2019octobre, l\u2019avenue de Lyon vit au rythme des pelleteuses et des engins de chantier. Jusqu\u2019en avril\u00a02026, les concessionnaires de r\u00e9seaux \u2013 Enedis, Engie, GRDF et les op\u00e9rateurs t\u00e9l\u00e9coms \u2013 interviennent tour \u00e0 tour pour raccorder le quartier et anticiper les besoins des futurs immeubles. Leur\u00a0construction, port\u00e9e par Vinci Immobilier et Bouygues Immobilier, doit d\u00e9buter courant 2026.<\/p>\n<p>        <img decoding=\"async\" class=\"std-img__img responsive-img\" src=\"https:\/\/www.europesays.com\/fr\/wp-content\/uploads\/2025\/10\/1759901477_615_image.jpg\" alt=\"Des travaux de r\u00e9seaux souterrains ont lieu actuellement au milieu de l\u2019avenue de Lyon, \u00e0 Toulouse.\"\/><\/p>\n<p>                Des travaux de r\u00e9seaux souterrains ont lieu actuellement au milieu de l\u2019avenue de Lyon, \u00e0 Toulouse.<br \/>\n                                    DDM &#8211; LAURENT DARD<\/p>\n<p>Concr\u00e8tement, ces op\u00e9rations consistent en l\u2019ouverture de tranch\u00e9es et de fosses pour relier les nouveaux r\u00e9seaux d\u2019\u00e9lectricit\u00e9, de gaz et de t\u00e9l\u00e9communications.<\/p>\n<p>Si la circulation est maintenue en double sens autant que possible, des d\u00e9viations ponctuelles sont mises en place, notamment lorsque les travaux s\u2019\u00e9tendront\u00a0jusqu\u2019\u00e0 la rue du Maroc.<\/p>\n<p>        <img decoding=\"async\" class=\"std-img__img responsive-img\" src=\"https:\/\/www.europesays.com\/fr\/wp-content\/uploads\/2025\/10\/1759901478_245_image.jpg\" alt=\"Les futurs immeubles de l\u2019entr\u00e9e de l\u2019avenue de Lyon, \u00e0 Toulouse.\"\/><\/p>\n<p>                Les futurs immeubles de l\u2019entr\u00e9e de l\u2019avenue de Lyon, \u00e0 Toulouse.<br \/>\n                                    DDM<\/p>\n<p>Afin de limiter les d\u00e9sagr\u00e9ments, Toulouse M\u00e9tropole et les entreprises de travaux annoncent une communication renforc\u00e9e\u00a0: panneaux d\u2019information sur les palissades, distribution de flyers dans les bo\u00eetes aux lettres et messages flash via l\u2019application \u00ab\u00a0Parlons Travaux\u00a0\u00bb.<\/p>\n<p>Carrefour Minimes \u2013 Pont Matabiau\u00a0: des bouchons \u00e0 pr\u00e9voir\u00a0en octobre<\/p>\n<p>Les automobilistes et cyclistes toulousains l\u2019ont d\u00e9j\u00e0 constat\u00e9\u00a0: le carrefour entre le boulevard des Minimes, le pont Matabiau et l\u2019avenue de Lyon est particuli\u00e8rement encombr\u00e9 ce mois-ci. La raison\u00a0? Toulouse M\u00e9tropole finalise les travaux du R\u00e9seau Express V\u00e9lo (REV) sur le boulevard des Minimes.<\/p>\n<p>        <img decoding=\"async\" class=\"std-img__img responsive-img\" src=\"https:\/\/www.europesays.com\/fr\/wp-content\/uploads\/2025\/10\/1759901479_134_image.jpg\" alt=\"La future avenue de Lyon.\"\/><\/p>\n<p>                La future avenue de Lyon.<br \/>\n                                    Europolia<\/p>\n<p>Pendant les vacances de la Toussaint, du 20 au 31\u00a0octobre, une seule voie restera ouverte \u00e0 la circulation, quel que soit le sens\u00a0: vers la gare Matabiau, l\u2019avenue de Lyon ou le pont.<\/p>\n<p class=\"std-elt__inline\">\n        <strong>\u00c0 lire aussi :<\/strong><br \/>\n        <a href=\"https:\/\/www.ladepeche.fr\/2025\/10\/04\/lgv-on-la-veut-12969753.php\" rel=\"nofollow noopener\" target=\"_blank\">LGV\u00a0: on la veut\u00a0!<\/a>\n    <\/p>\n<p>Des ralentissements importants sont donc \u00e0 pr\u00e9voir dans ce secteur strat\u00e9gique, surtout aux heures de pointe.<\/p>\n<p>Rues Cheminots et Saint-Laurent\u00a0: les d\u00e9molitions se poursuivent<\/p>\n<p>\u00c0 quelques centaines de m\u00e8tres de l\u00e0, un autre visage du chantier se d\u00e9voile\u00a0: celui des d\u00e9molitions. Sous ma\u00eetrise d\u2019ouvrage de l\u2019\u00c9tablissement Public Foncier Local (EPFL) du Grand Toulouse, les op\u00e9rations ont d\u00e9but\u00e9 en juin\u00a02025 sur les rues des Cheminots et Saint-Laurent. Elles doivent se poursuivre jusqu\u2019au premier semestre 2026.<\/p>\n","protected":false},"excerpt":{"rendered":"l&rsquo;essentiel R\u00e9seaux, voiries, d\u00e9molitions\u00a0: le chantier du futur quartier Grand Matabiau Quais d\u2019Oc entre dans une phase intense&hellip;\n","protected":false},"author":2,"featured_media":446715,"comment_status":"","ping_status":"","sticky":false,"template":"","format":"standard","meta":{"footnotes":""},"categories":[2816],"tags":[1111,11,1777,674,1011,27,12,2680,25,2312],"class_list":{"0":"post-446714","1":"post","2":"type-post","3":"status-publish","4":"format-standard","5":"has-post-thumbnail","7":"category-toulouse","8":"tag-actu","9":"tag-actualites","10":"tag-eu","11":"tag-europe","12":"tag-fr","13":"tag-france","14":"tag-news","15":"tag-occitanie","16":"tag-republique-francaise","17":"tag-toulouse"},"share_on_mastodon":{"url":"https:\/\/pubeurope.com\/@fr\/115336910418573334","error":""},"_links":{"self":[{"href":"https:\/\/www.europesays.com\/fr\/wp-json\/wp\/v2\/posts\/446714","targetHints":{"allow":["GET"]}}],"collection":[{"href":"https:\/\/www.europesays.com\/fr\/wp-json\/wp\/v2\/posts"}],"about":[{"href":"https:\/\/www.europesays.com\/fr\/wp-json\/wp\/v2\/types\/post"}],"author":[{"embeddable":true,"href":"https:\/\/www.europesays.com\/fr\/wp-json\/wp\/v2\/users\/2"}],"replies":[{"embeddable":true,"href":"https:\/\/www.europesays.com\/fr\/wp-json\/wp\/v2\/comments?post=446714"}],"version-history":[{"count":0,"href":"https:\/\/www.europesays.com\/fr\/wp-json\/wp\/v2\/posts\/446714\/revisions"}],"wp:featuredmedia":[{"embeddable":true,"href":"https:\/\/www.europesays.com\/fr\/wp-json\/wp\/v2\/media\/446715"}],"wp:attachment":[{"href":"https:\/\/www.europesays.com\/fr\/wp-json\/wp\/v2\/media?parent=446714"}],"wp:term":[{"taxonomy":"category","embeddable":true,"href":"https:\/\/www.europesays.com\/fr\/wp-json\/wp\/v2\/categories?post=446714"},{"taxonomy":"post_tag","embeddable":true,"href":"https:\/\/www.europesays.com\/fr\/wp-json\/wp\/v2\/tags?post=446714"}],"curies":[{"name":"wp","href":"https:\/\/api.w.org\/{rel}","templated":true}]}}