{"id":446716,"date":"2025-10-08T05:32:11","date_gmt":"2025-10-08T05:32:11","guid":{"rendered":"https:\/\/www.europesays.com\/fr\/446716\/"},"modified":"2025-10-08T05:32:11","modified_gmt":"2025-10-08T05:32:11","slug":"cette-autoroute-va-bientot-changer-de-nom-voici-ce-que-ca-implique","status":"publish","type":"post","link":"https:\/\/www.europesays.com\/fr\/446716\/","title":{"rendered":"cette autoroute va bient\u00f4t changer de nom, voici ce que \u00e7a implique"},"content":{"rendered":"<p>            Par<br \/>\n        <strong><br \/>\n            <a href=\"https:\/\/actu.fr\/auteur\/guillaume-laurens\" title=\"Consulter tous les articles de Guillaume Laurens\" target=\"_blank\" rel=\"noopener\">Guillaume Laurens<\/a><br \/>\n        <\/strong><\/p>\n<p>        Publi\u00e9 le<\/p>\n<p>            8 oct. 2025 \u00e0 7h12        <\/p>\n<p>C\u2019est par une circulaire pass\u00e9e inaper\u00e7ue dans la torpeur de l\u2019\u00e9t\u00e9 que le gouvernement a act\u00e9 sa d\u00e9cision\u2009: une <strong>autoroute<\/strong> va <strong>changer de nom<\/strong> dans le d\u00e9partement de la Haute-Garonne. Situ\u00e9e \u00e0 l\u2019est de <strong><a href=\"https:\/\/actu.fr\/toulouse\/\" target=\"_blank\" rel=\"noopener\">Toulouse<\/a><\/strong>, <strong>l\u2019A680<\/strong> n\u2019existera bient\u00f4t plus. La <strong>vitesse maximale autoris\u00e9e<\/strong> va \u00e9galement changer sur cet axe en plein chantier. Ce qu\u2019il va se passer.<\/p>\n<p>L\u2019A680 bient\u00f4t rebaptis\u00e9e<\/p>\n<p class=\" wall-content\">Le minist\u00e8re de l\u2019Am\u00e9nagement du territoire a en effet modifi\u00e9 une circulaire de 1996 relative \u00e0 la<strong> nomenclature des autoroutes, <\/strong>ent\u00e9rinant ainsi la fin de <strong>l\u2019A680<\/strong> au profit\u2026 de <strong>l\u2019A69<\/strong>.<\/p>\n<blockquote class=\"ac-article-quote wall-content\">\n<p>La section d\u2019autoroute de l\u2019autoroute A680 \u00e9largie d\u2019une longueur d\u2019environ 8 620 m\u00e8tres, dans le<br \/>\nd\u00e9partement de la Haute-Garonne, est renomm\u00e9e A69. Le PR 0+000 de l&rsquo;A680 devient le PR 0+000 de l&rsquo;A69.<\/p>\n<p>    <strong>Le minist\u00e8re de l\u2019Am\u00e9nagement du territoire<\/strong>\n            <\/p><\/blockquote>\n<p>Apr\u00e8s \u00ab\u2009l\u2019\u00e9largissement de la bretelle de Verfeuil\u2009\u00bb (sic)<\/p>\n<p class=\" wall-content\">Une d\u00e9cision dat\u00e9e du 15\u00a0juillet 2025, qui a \u00e9t\u00e9 publi\u00e9e une semaine plus tard sur le bulletin officiel du minist\u00e8re, et qui est \u2014 pour l\u2019anecdote \u2014 entach\u00e9e d\u2019une belle faute d\u2019orthographe qui fera sourire les habitu\u00e9s de la commune de <strong>Verfeil, rebaptis\u00e9e \u00ab\u2009Verfeuil\u2009\u00bb, <\/strong>comme le prononcent\u2026 les anciens du village.<\/p>\n<p class=\" wall-content\">La directrice des mobilit\u00e9s routi\u00e8res d\u00e9taille en effet dans ce document officiel avoir pris cette d\u00e9cision \u00ab\u2009suite \u00e0 l\u2019\u00e9largissement de la bretelle de Verfeuil\u2009\u00bb\u2009!<\/p>\n<p>Une autoroute de 8\u00a0km seulement<\/p>\n<p class=\" wall-content\">Dans les carnets minist\u00e9riels, la future-ex A680 \u00e9tait la seule portion d\u2019autoroute officiellement pr\u00e9existante \u2014 m\u00eame si elle n\u2019en \u00e9tait pas vraiment une \u2014 \u00e0 <a href=\"https:\/\/actu.fr\/tag\/autoroute-castres-toulouse-a69\" target=\"_blank\" rel=\"noopener\">la future autoroute reliant Toulouse \u00e0 Castres.<\/a><\/p>\n<p class=\" wall-content\">Exploit\u00e9 sous concession par <strong>Vinci Autoroutes<\/strong>, cet axe relie l\u2019A68 au niveau de <strong>Castelmaurou<\/strong> \u00e0 la D112 au niveau de <strong>Verfeil<\/strong>, et passe \u00e0 proximit\u00e9 de la rivi\u00e8re Girou. En 2011, il \u00e9tait emprunt\u00e9 par environ 10\u2009000 v\u00e9hicules par jour.<\/p>\n<p class=\" wall-content\">Lors de sa mise en service en 1996, l\u2019A680 n\u2019avait qu\u2019une voie dans chaque sens, et sans s\u00e9parateur central. Son <strong>doublement<\/strong> fut d\u00e9clar\u00e9 d\u2019utilit\u00e9 publique fin 2017 dans le cadre du <strong>chantier de l\u2019autoroute A69<\/strong>, qui ent\u00e9rinait son prolongement jusqu\u2019\u00e0 Castres, soit 54\u00a0km suppl\u00e9mentaires.<\/p>\n<p>Votre r\u00e9gion, votre actu !<\/p>\n<p>Recevez chaque jour les infos qui comptent pour vous.<\/p>\n<p>\t<a href=\"https:\/\/actu.fr\/newsletter\" class=\"ac-btn ac-btn--corner ac-btn--medium ac-btn--blue800\" target=\"_blank\" rel=\"noopener\">S&rsquo;incrire<\/a><\/p>\n<p class=\" wall-content\">Comme celui de l\u2019A69, son chantier avait \u00e9t\u00e9 <a href=\"https:\/\/actu.fr\/occitanie\/castres_81065\/a69-le-tribunal-administratif-annule-larrete-prefectoral-autorisant-le-chantier-entre-castres-a-toulouse_62308002.html\" target=\"_blank\" rel=\"noopener\">suspendu d\u00e9but 2025, apr\u00e8s la d\u00e9cision de justice<\/a> du tribunal administratif de Toulouse, mais il a bien avanc\u00e9 depuis <a href=\"https:\/\/actu.fr\/occitanie\/gragnague_31228\/autoroute-toulouse-castres-des-equipes-d-ouvriers-de-retour-sur-le-chantier-de-l-a69-ce-qui-redemarre_62751870.html\" target=\"_blank\" rel=\"noopener\">la reprise du chantier,<\/a> autoris\u00e9e par la cour administrative d\u2019appel.<\/p>\n<p>    <img   decoding=\"async\" loading=\"lazy\" src=\"https:\/\/www.europesays.com\/fr\/wp-content\/uploads\/2025\/10\/chantier-a680-toulouse-verfeil-dss-960x640.jpg\" alt=\"Le chantier de doublement de l'A680 est en cours au niveau de Verfeil, \u00e0 l'est de Toulouse\" width=\"960\" height=\"640\"\/><br \/>\n    Le chantier de doublement de l\u2019A680 est en cours au niveau de Verfeil, \u00e0 l\u2019est de Toulouse (\u00a9D.S.-S. \/ Actu Toulouse)<\/p>\n<p class=\" wall-content\">\u00c0 noter que malgr\u00e9 cet immense projet autoroutier, <strong>une bizarrerie du r\u00e9seau <\/strong>va persister\u2009: il sera toujours impossible de rallier le Tarn via l\u2019A68 \u00e0 hauteur de Gragnague, qui restera un demi-\u00e9changeur permettant d\u2019aller vers Toulouse et d\u00e9sormais vers Castres, mais pas vers Albi.<\/p>\n<p>Une seule autoroute, mais deux concessionnaires\u2009!<\/p>\n<p class=\" wall-content\">\u00c0 l\u2019avenir, qu\u2019il vienne de Toulouse ou d\u2019Albi via l\u2019A68, l\u2019automobiliste qui empruntera l\u2019autoroute en direction de Castres ne verra <strong>plus aucun panneau A680<\/strong>, mais uniquement des <strong>panneaux A69.<\/strong><\/p>\n<p class=\" wall-content\">Longue de <strong>62\u00a0km<\/strong> au total, l\u2019A69 sera donc r\u00e9partie entre <strong>deux concessionnaires\u2009<\/strong>: Vinci Autoroutes pour les huit premiers, Atosca (filiale de NGE) pour les 54 derniers.\u00a0L\u2019int\u00e9gralit\u00e9 des nouvelles portions payantes sera situ\u00e9e sur le p\u00e9rim\u00e8tre exploit\u00e9 par <a href=\"https:\/\/actu.fr\/occitanie\/toulouse_31555\/a69-voici-combien-il-va-falloir-payer-pour-emprunter-la-future-autoroute-toulouse-castres_51884596.html\" target=\"_blank\" rel=\"noopener\">Atosca, qui mettra en place des portiques de d\u00e9tection<\/a>.<\/p>\n<p class=\" wall-content\">Deux concessionnaires priv\u00e9s pour une m\u00eame autoroute\u2009? Si ce cas de figure est une premi\u00e8re autour de Toulouse, ce n\u2019est pas non plus un cas unique\u2026 Sur <strong>l\u2019A63<\/strong>, reliant Bordeaux (Gironde) \u00e0 Biarritz (Pyr\u00e9n\u00e9es-Atlantiques), outre la partie g\u00e9r\u00e9e par l\u2019\u00c9tat, une deuxi\u00e8me portion est g\u00e9r\u00e9e par la soci\u00e9t\u00e9 Atlandes, et la derni\u00e8re par Vinci Autoroutes.<\/p>\n<p class=\" wall-content\">Quant \u00e0 <strong>l\u2019A65<\/strong>, construite en 2010 entre Langon (Gironde) et Pau (Pyr\u00e9n\u00e9es-Atlantiques), elle avait \u00e9t\u00e9 conc\u00e9d\u00e9e pour 55\u00a0ans au groupement A\u2019lienor, constitu\u00e9 \u00e0 l\u2019\u00e9poque par deux concessionnaires (Eiffage \u00e0 65\u2009% et Sanef \u00e0 35\u2009%). Mais en 2021, Eiffage avait finalis\u00e9 l\u2019acquisition des parts d\u00e9tenues par Sanef, devenant ainsi son actionnaire unique\u2026<\/p>\n<p>Les panneaux A69, c\u2019est pas pour tout de suite\u2009!<\/p>\n<p class=\" wall-content\">Si la directive de changement de nom tomb\u00e9e du minist\u00e8re est \u00e9crite au pr\u00e9sent et non au futur, par souci de compr\u00e9hension pour l\u2019automobiliste, le concessionnaire attendra pour <strong>afficher le changement<\/strong>. \u00ab\u2009Cela continuera de s\u2019appeler A680 jusqu\u2019\u00e0 l\u2019ouverture de l\u2019axe complet\u2009\u00bb, indique-t-on chez Vinci Autoroutes.<\/p>\n<blockquote class=\"ac-article-quote wall-content\">\n<p>La signalisation sera la derni\u00e8re \u00e9tape du chantier et les panneaux A680 seront chang\u00e9s en A69 lors de l&rsquo;entr\u00e9e en service de l&rsquo;ensemble de l&rsquo;axe.<\/p>\n<p>    <strong>Vinci Autoroutes<\/strong>\n            <\/p><\/blockquote>\n<p class=\" wall-content\">Le passage \u00e0 130\u00a0km\/h (contre 90 aujourd\u2019hui) sur la future-ex A680 devra, lui aussi, attendre une <strong>d\u00e9cision minist\u00e9rielle<\/strong>.<\/p>\n<p class=\" wall-content\">La <strong>mise en service<\/strong> de l\u2019A69 est pr\u00e9vue <strong>\u00ab\u2009d\u00e9but 2026\u2009\u00bb<\/strong> pour la partie g\u00e9r\u00e9e par Vinci Autoroutes \u2014 comprenant le nouvel \u00e9changeur de Verfeil \u2014 et <strong>\u00ab\u2009au deuxi\u00e8me semestre 2026\u2009\u00bb<\/strong> pour celle construite par Atosca, <a href=\"https:\/\/actu.fr\/occitanie\/castres_81065\/autoroute-a69-atosca-annonce-une-nouvelle-date-de-mise-en-service-pour-la-liaison-entre-castres-et-toulouse_62732273.html\" target=\"_blank\" rel=\"noopener\">avait indiqu\u00e9 ce concessionnaire en juin dernier.<\/a><\/p>\n<p class=\" wall-content\">Personnalisez votre actualit\u00e9 en ajoutant vos villes et m\u00e9dias en favori avec <a href=\"https:\/\/moncompte.actu.fr\" title=\"D\u00e9couvez Mon Actu\" rel=\"nofollow noopener\" data-trk=\"{&quot;cta&quot;:{&quot;action&quot;:&quot;https:\\\/\\\/moncompte.actu.fr&quot;,&quot;category&quot;:&quot;mon compte&quot;,&quot;from&quot;:&quot;article footer&quot;,&quot;name&quot;:&quot;Mon actu&quot;,&quot;type&quot;:&quot;cta&quot;}}\" target=\"_blank\">Mon Actu<\/a>.<\/p>\n","protected":false},"excerpt":{"rendered":"Par Guillaume Laurens Publi\u00e9 le 8 oct. 2025 \u00e0 7h12 C\u2019est par une circulaire pass\u00e9e inaper\u00e7ue dans la&hellip;\n","protected":false},"author":2,"featured_media":446717,"comment_status":"","ping_status":"","sticky":false,"template":"","format":"standard","meta":{"footnotes":""},"categories":[2816],"tags":[1111,11,5727,5728,1777,674,1011,27,12,2680,25,104,2312],"class_list":{"0":"post-446716","1":"post","2":"type-post","3":"status-publish","4":"format-standard","5":"has-post-thumbnail","7":"category-toulouse","8":"tag-actu","9":"tag-actualites","10":"tag-autoroute-68-a68","11":"tag-autoroute-castres-toulouse-a69","12":"tag-eu","13":"tag-europe","14":"tag-fr","15":"tag-france","16":"tag-news","17":"tag-occitanie","18":"tag-republique-francaise","19":"tag-societe","20":"tag-toulouse"},"share_on_mastodon":{"url":"https:\/\/pubeurope.com\/@fr\/115336914096579585","error":""},"_links":{"self":[{"href":"https:\/\/www.europesays.com\/fr\/wp-json\/wp\/v2\/posts\/446716","targetHints":{"allow":["GET"]}}],"collection":[{"href":"https:\/\/www.europesays.com\/fr\/wp-json\/wp\/v2\/posts"}],"about":[{"href":"https:\/\/www.europesays.com\/fr\/wp-json\/wp\/v2\/types\/post"}],"author":[{"embeddable":true,"href":"https:\/\/www.europesays.com\/fr\/wp-json\/wp\/v2\/users\/2"}],"replies":[{"embeddable":true,"href":"https:\/\/www.europesays.com\/fr\/wp-json\/wp\/v2\/comments?post=446716"}],"version-history":[{"count":0,"href":"https:\/\/www.europesays.com\/fr\/wp-json\/wp\/v2\/posts\/446716\/revisions"}],"wp:featuredmedia":[{"embeddable":true,"href":"https:\/\/www.europesays.com\/fr\/wp-json\/wp\/v2\/media\/446717"}],"wp:attachment":[{"href":"https:\/\/www.europesays.com\/fr\/wp-json\/wp\/v2\/media?parent=446716"}],"wp:term":[{"taxonomy":"category","embeddable":true,"href":"https:\/\/www.europesays.com\/fr\/wp-json\/wp\/v2\/categories?post=446716"},{"taxonomy":"post_tag","embeddable":true,"href":"https:\/\/www.europesays.com\/fr\/wp-json\/wp\/v2\/tags?post=446716"}],"curies":[{"name":"wp","href":"https:\/\/api.w.org\/{rel}","templated":true}]}}