{"id":446718,"date":"2025-10-08T05:35:26","date_gmt":"2025-10-08T05:35:26","guid":{"rendered":"https:\/\/www.europesays.com\/fr\/446718\/"},"modified":"2025-10-08T05:35:26","modified_gmt":"2025-10-08T05:35:26","slug":"lille-ralentit-le-psg-grace-a-ethan-mbappe","status":"publish","type":"post","link":"https:\/\/www.europesays.com\/fr\/446718\/","title":{"rendered":"Lille ralentit le PSG gr\u00e2ce \u00e0 Ethan Mbapp\u00e9"},"content":{"rendered":"<p>Devant au score malgr\u00e9 de nombreux absents, le Paris Saint-Germain a subi le retour du Losc (1-1), ce dimanche, en cl\u00f4ture de la 7e journ\u00e9e.<\/p>\n<p class=\"fig-paragraph\">Semaine contrast\u00e9e pour le PSG. Quatre jours apr\u00e8s<a href=\"http:\/\/www.lefigaro.fr\/sports\/football\/ligue-des-champions\/ligue-des-champions-le-psg-s-offre-une-victoire-de-prestige-contre-barcelone-20251001\" data-fig-type=\"NewsFlash\" data-gtm-custom-categorie=\"navigation\" data-gtm-custom-action=\"crossclick\" data-gtm-custom-label=\"Contextuel\" data-gtm-event=\"customEventSPE\" data-fig-domain=\"LEFIGARO\" rel=\"nofollow noopener\" target=\"_blank\">\u00a0sa victoire h\u00e9ro\u00efque \u00e0 Barcelone en Ligue des champions (1-2),<\/a>\u00a0le club de la capitale a \u00e9t\u00e9 accroch\u00e9 sur la pelouse de Lille (1-1), en cl\u00f4ture de la septi\u00e8me journ\u00e9e de Ligue 1. Amput\u00e9s de nombreux titulaires au coup d\u2019envoi, les Parisiens ont laiss\u00e9 filer la victoire dans les derni\u00e8res minutes, alors qu\u2019ils avaient le match en mains. Ce point leur permet n\u00e9anmoins de reprendre la t\u00eate du classement, avec un point d\u2019avance sur le trio\u00a0<a href=\"http:\/\/www.lefigaro.fr\/sports\/football\/ligue-1\/ligue-1-vainqueur-a-metz-marseille-poursuit-sur-sa-lancee-et-grimpe-provisoirement-en-tete-20251004\" data-fig-type=\"NewsFlash\" data-gtm-custom-categorie=\"navigation\" data-gtm-custom-action=\"crossclick\" data-gtm-custom-label=\"Contextuel\" data-gtm-event=\"customEventSPE\" data-fig-domain=\"LEFIGARO\" rel=\"nofollow noopener\" target=\"_blank\">Marseille<\/a>-Strasbourg-Lyon.<\/p>\n<p>Vraiment un choc\u00a0?<\/p>\n<p class=\"fig-paragraph\">C\u2019est clairement un PSG bis qui s\u2019est pr\u00e9sent\u00e9 dans le Nord ce dimanche. En plus des nombreuses absences sur blessure (Demb\u00e9l\u00e9, Dou\u00e9, Kvaratskhelia, Marquinhos, Joao Neves, Fabian Ruiz),\u00a0<a href=\"http:\/\/www.lefigaro.fr\/sports\/football\/ligue-1\/ligue-1-la-fatigue-est-la-luis-enrique-explique-avoir-priorise-la-sante-des-joueurs-parisiens-20251006\" data-fig-type=\"NewsFlash\" data-gtm-custom-categorie=\"navigation\" data-gtm-custom-action=\"crossclick\" data-gtm-custom-label=\"Contextuel\" data-gtm-event=\"customEventSPE\" data-fig-domain=\"LEFIGARO\" rel=\"nofollow noopener\" target=\"_blank\">Luis Enrique<\/a>\u00a0a d\u00e9cid\u00e9 de laisser Hakimi, Nuno Mendes et Vitinha sur le banc au coup d\u2019envoi. Et donc d\u2019aligner un onze tr\u00e8s exp\u00e9rimental, avec Pacho comme seul rescap\u00e9 de l\u2019\u00e9quipe titularis\u00e9e lors de la finale de la derni\u00e8re Ligue des champions. Et pourtant, le Losc n\u2019a pas su saisir sa chance.<\/p>\n<p>                                    <a class=\"fig-a11y-skip a11y-hidden\" href=\"#fig-a11y-skip-main-inarticle\"><br \/>\n        Passer la publicit\u00e9<br \/>\n    <\/a><\/p>\n<p class=\"fig-paragraph\"><strong>\u00c0 VOIR AUSSI &#8211; <\/strong>Coup franc de Mendes, but tardif de Mbapp\u00e9&#8230; Le r\u00e9sum\u00e9 de Lille-PSG dimanche dernier (1-1)<\/p>\n<p class=\"fig-paragraph\">Malgr\u00e9 une entame prometteuse, les Dogues sont rapidement rentr\u00e9s dans le rang. Manque d\u2019audace, pressing intermittent et offensives pas assez tranchantes&#8230; les Lillois n\u2019ont pas su enflammer un stade qui n\u2019attendait que la moindre \u00e9tincelle pour donner encore plus de voix. Pas inqui\u00e9t\u00e9 derri\u00e8re, le club de la capitale s\u2019est finalement procur\u00e9 l\u2019unique occasion d\u2019un premier acte assez terne. Barcola, lanc\u00e9 dans le camp lillois, a manqu\u00e9 de justesse dans sa conduite de balle et n\u2019a pas su trouver le cadre (43e). Tout un symbole.<\/p>\n<p>Mbapp\u00e9 r\u00e9pond \u00e0 Nuno Mendes<\/p>\n<p class=\"fig-paragraph\">Comme un air de d\u00e9j\u00e0-vu, Barcola s\u2019est rapidement montr\u00e9 mena\u00e7ant au retour des vestiaires. Cette fois, l\u2019ancien Lyonnais a jou\u00e9 juste, mais \u00d6zer a su s\u2019interposer en repoussant sa belle frappe tendue (56e). Ce n\u2019\u00e9tait finalement que partie remise pour le PSG, vite renforc\u00e9 par les entr\u00e9es du trio Vitinha-Hakimi-<a href=\"http:\/\/www.lefigaro.fr\/sports\/football\/ligue-des-champions\/barcelone-psg-nuno-mendes-la-gauche-caviar-20251002\" data-fig-type=\"Article\" data-gtm-custom-categorie=\"navigation\" data-gtm-custom-action=\"crossclick\" data-gtm-custom-label=\"Contextuel\" data-gtm-event=\"customEventSPE\" data-fig-domain=\"LEFIGARO\" rel=\"nofollow noopener\" target=\"_blank\">Nuno Mendes.<\/a>\u00a0Et ce dernier n\u2019a pas tard\u00e9 \u00e0 s\u2019illustrer. Auteur d\u2019une \u00e9norme prestation \u00e0 Barcelone mercredi, le lat\u00e9ral portugais a d\u00e9bloqu\u00e9 la situation, en ouvrant le score d\u2019un superbe coup-franc lointain (0-1, 66e). Un bijou, qui a compl\u00e8tement sonn\u00e9 les Dogues.<\/p>\n<p class=\"fig-paragraph\">Promu capitaine d\u00e8s son entr\u00e9e, Hakimi s\u2019est procur\u00e9 une \u00e9norme balle de KO, mais il a manqu\u00e9 le cadre de pr\u00e8s (82e). Un rat\u00e9 lourd de cons\u00e9quences, puisque le Losc a arrach\u00e9 l\u2019\u00e9galisation sur l\u2019action suivante. Un but sign\u00e9 Ethan Mbapp\u00e9, auteur d\u2019une entr\u00e9e d\u00e9cisive (1-1, 83e). Pour la grande joie de son grand fr\u00e8re Kylian, pr\u00e9sent en tribunes.\u00a0<a href=\"http:\/\/www.lefigaro.fr\/sports\/football\/espagne\/liga-grace-a-un-double-de-vinicius-et-un-but-de-mbappe-le-real-madrid-dompte-villarreal-et-reprend-la-premiere-place-20251004\" data-fig-type=\"NewsFlash\" data-gtm-custom-categorie=\"navigation\" data-gtm-custom-action=\"crossclick\" data-gtm-custom-label=\"Contextuel\" data-gtm-event=\"customEventSPE\" data-fig-domain=\"LEFIGARO\" rel=\"nofollow noopener\" target=\"_blank\">Le buteur du Real Madrid<\/a>\u00a0retrouvera lundi \u00e0 Clairefontaine un certain Chevalier, pas franchement irr\u00e9prochable sur cette \u00e9galisation. Au ch\u00f4mage technique jusque-l\u00e0, le successeur de Donnarumma n\u2019a pas su se montrer d\u00e9cisif durant ces retrouvailles avec son club formateur. Le PSG en a fait les frais.<\/p>\n","protected":false},"excerpt":{"rendered":"Devant au score malgr\u00e9 de nombreux absents, le Paris Saint-Germain a subi le retour du Losc (1-1), ce&hellip;\n","protected":false},"author":2,"featured_media":446719,"comment_status":"","ping_status":"","sticky":false,"template":"","format":"standard","meta":{"footnotes":""},"categories":[2815],"tags":[1111,11,1777,674,1011,27,811,1307,2267,12,91,25],"class_list":{"0":"post-446718","1":"post","2":"type-post","3":"status-publish","4":"format-standard","5":"has-post-thumbnail","7":"category-lille","8":"tag-actu","9":"tag-actualites","10":"tag-eu","11":"tag-europe","12":"tag-fr","13":"tag-france","14":"tag-hauts-de-france","15":"tag-lille","16":"tag-losc","17":"tag-news","18":"tag-paris-saint-germain","19":"tag-republique-francaise"},"share_on_mastodon":{"url":"https:\/\/pubeurope.com\/@fr\/115336925916151307","error":""},"_links":{"self":[{"href":"https:\/\/www.europesays.com\/fr\/wp-json\/wp\/v2\/posts\/446718","targetHints":{"allow":["GET"]}}],"collection":[{"href":"https:\/\/www.europesays.com\/fr\/wp-json\/wp\/v2\/posts"}],"about":[{"href":"https:\/\/www.europesays.com\/fr\/wp-json\/wp\/v2\/types\/post"}],"author":[{"embeddable":true,"href":"https:\/\/www.europesays.com\/fr\/wp-json\/wp\/v2\/users\/2"}],"replies":[{"embeddable":true,"href":"https:\/\/www.europesays.com\/fr\/wp-json\/wp\/v2\/comments?post=446718"}],"version-history":[{"count":0,"href":"https:\/\/www.europesays.com\/fr\/wp-json\/wp\/v2\/posts\/446718\/revisions"}],"wp:featuredmedia":[{"embeddable":true,"href":"https:\/\/www.europesays.com\/fr\/wp-json\/wp\/v2\/media\/446719"}],"wp:attachment":[{"href":"https:\/\/www.europesays.com\/fr\/wp-json\/wp\/v2\/media?parent=446718"}],"wp:term":[{"taxonomy":"category","embeddable":true,"href":"https:\/\/www.europesays.com\/fr\/wp-json\/wp\/v2\/categories?post=446718"},{"taxonomy":"post_tag","embeddable":true,"href":"https:\/\/www.europesays.com\/fr\/wp-json\/wp\/v2\/tags?post=446718"}],"curies":[{"name":"wp","href":"https:\/\/api.w.org\/{rel}","templated":true}]}}