{"id":446720,"date":"2025-10-08T05:36:11","date_gmt":"2025-10-08T05:36:11","guid":{"rendered":"https:\/\/www.europesays.com\/fr\/446720\/"},"modified":"2025-10-08T05:36:11","modified_gmt":"2025-10-08T05:36:11","slug":"vassal-rend-hommage-aux-victimes-du-7-octobre","status":"publish","type":"post","link":"https:\/\/www.europesays.com\/fr\/446720\/","title":{"rendered":"Vassal rend hommage aux victimes du 7 octobre"},"content":{"rendered":"\n<p>Devant un olivier fra\u00eechement plant\u00e9, Sylvain Souvestre (LR), maire des 11e et 12e arrondissements, Romain Simmarano, pr\u00e9sident du collectif de droite \u00ab\u00a0Une g\u00e9n\u00e9ration pour Marseille\u00a0\u00bb, Martine Vassal, pr\u00e9sidente de la M\u00e9tropole et candidate DVD \u00e0 la mairie de Marseille ou encore Val\u00e9rie Boyer, s\u00e9natrice LR, ont rendu hommage aux victimes du 7\u00a0octobre, deux ans apr\u00e8s l\u2019attaque terroriste.<\/p>\n<p>\u00ab\u00a0On a inaugur\u00e9 le 4\u00a0avril ce parc Sarah-Halimi, le jour m\u00eame de la date anniversaire de son assassinat\u00a0\u00bb, rappelle Sylvain Souvestre, ayant \u00ab\u00a0\u00e0 c\u0153ur d\u2019\u00eatre aux c\u00f4t\u00e9s de la population juive\u00a0\u00bb, car \u00ab\u00a0nous sommes de racine jud\u00e9o-chr\u00e9tienne\u00a0\u00bb. Pour Romain Simmarano, \u00e0 l\u2019heure des \u00ab\u00a0pourparlers de paix en \u00c9gypte\u00a0\u00bb qu\u2019il voit comme \u00ab\u00a0une petite lumi\u00e8re au bout du tunnel\u00a0\u00bb, il s\u2019agit aussi de penser aux otages \u00ab\u00a0qui doivent \u00eatre lib\u00e9r\u00e9s\u00a0\u00bb, avec une minute de silence.<\/p>\n<p> Des Palestiniens \u00ab\u00a0boucliers humains\u00a0\u00bb\n              <\/p>\n<p>\u00c9videmment, Martine Vassal ne dit pas autre chose. \u00ab\u00a0Hier, lors de la s\u00e9ance du conseil m\u00e9tropolitain, nous avons rendu hommage \u00e0 toutes les victimes\u00a0\u00bb, indique-t-elle, \u00e0 la fois celles \u00ab\u00a0du plus gros massacre depuis la Shoah\u00a0\u00bb, mais aussi \u00ab\u00a0des victimes palestiniennes qui en ont d\u00e9coul\u00e9\u00a0\u00bb, les \u00ab\u00a0terroristes\u00a0\u00bb s\u2019en servant \u00ab\u00a0comme des boucliers humains\u00a0\u00bb. Et de soutenir, m\u00eame si elle n\u2019en partage pas toutes les id\u00e9es, le plan de Trump, se f\u00e9licitant d\u2019une \u00ab\u00a0d\u00e9cision courageuse, qui va dans le bon sens\u00a0\u00bb. Le \u00ab\u00a0premier \u00e9l\u00e9ment de paix\u00a0\u00bb, restant la \u00ab\u00a0lib\u00e9ration inconditionnelle des otages qui restent\u00a0\u00bb. Et d\u2019avertir : \u00ab\u00a0Il ne faut surtout pas confondre la position des juifs de France avec le gouvernement isra\u00e9lien.\u00a0\u00bb Des \u00ab\u00a0juifs de France stigmatis\u00e9s et point\u00e9s du doigt, attaqu\u00e9s pour ce qu\u2019ils sont. Ce n\u2019est pas acceptable\u00a0\u00bb sur \u00ab\u00a0un territoire du bien vivre ensemble\u00a0\u00bb.<\/p>\n","protected":false},"excerpt":{"rendered":"Devant un olivier fra\u00eechement plant\u00e9, Sylvain Souvestre (LR), maire des 11e et 12e arrondissements, Romain Simmarano, pr\u00e9sident du&hellip;\n","protected":false},"author":2,"featured_media":446721,"comment_status":"","ping_status":"","sticky":false,"template":"","format":"standard","meta":{"footnotes":""},"categories":[2814],"tags":[1111,11,6744,1777,674,1011,27,884,12,882,25],"class_list":{"0":"post-446720","1":"post","2":"type-post","3":"status-publish","4":"format-standard","5":"has-post-thumbnail","7":"category-marseille","8":"tag-actu","9":"tag-actualites","10":"tag-assassinat","11":"tag-eu","12":"tag-europe","13":"tag-fr","14":"tag-france","15":"tag-marseille","16":"tag-news","17":"tag-provence-alpes-cote-dazur","18":"tag-republique-francaise"},"share_on_mastodon":{"url":"https:\/\/pubeurope.com\/@fr\/115336929842709300","error":""},"_links":{"self":[{"href":"https:\/\/www.europesays.com\/fr\/wp-json\/wp\/v2\/posts\/446720","targetHints":{"allow":["GET"]}}],"collection":[{"href":"https:\/\/www.europesays.com\/fr\/wp-json\/wp\/v2\/posts"}],"about":[{"href":"https:\/\/www.europesays.com\/fr\/wp-json\/wp\/v2\/types\/post"}],"author":[{"embeddable":true,"href":"https:\/\/www.europesays.com\/fr\/wp-json\/wp\/v2\/users\/2"}],"replies":[{"embeddable":true,"href":"https:\/\/www.europesays.com\/fr\/wp-json\/wp\/v2\/comments?post=446720"}],"version-history":[{"count":0,"href":"https:\/\/www.europesays.com\/fr\/wp-json\/wp\/v2\/posts\/446720\/revisions"}],"wp:featuredmedia":[{"embeddable":true,"href":"https:\/\/www.europesays.com\/fr\/wp-json\/wp\/v2\/media\/446721"}],"wp:attachment":[{"href":"https:\/\/www.europesays.com\/fr\/wp-json\/wp\/v2\/media?parent=446720"}],"wp:term":[{"taxonomy":"category","embeddable":true,"href":"https:\/\/www.europesays.com\/fr\/wp-json\/wp\/v2\/categories?post=446720"},{"taxonomy":"post_tag","embeddable":true,"href":"https:\/\/www.europesays.com\/fr\/wp-json\/wp\/v2\/tags?post=446720"}],"curies":[{"name":"wp","href":"https:\/\/api.w.org\/{rel}","templated":true}]}}