{"id":446726,"date":"2025-10-08T05:39:26","date_gmt":"2025-10-08T05:39:26","guid":{"rendered":"https:\/\/www.europesays.com\/fr\/446726\/"},"modified":"2025-10-08T05:39:26","modified_gmt":"2025-10-08T05:39:26","slug":"pres-de-lyon-leur-boulangerie-va-etre-rasee-pour-une-piste-cyclable","status":"publish","type":"post","link":"https:\/\/www.europesays.com\/fr\/446726\/","title":{"rendered":"Pr\u00e8s de Lyon. Leur boulangerie va \u00eatre ras\u00e9e pour\u2026 une piste cyclable &#8211;"},"content":{"rendered":"<p>\t\t\t\t<img loading=\"lazy\" decoding=\"async\" width=\"900\" height=\"647\" src=\"data:image\/svg+xml,%3Csvg%20xmlns=\" http:=\"\" alt=\"\" title=\"01 Maison Pane\u0301o\" class=\"wp-image-165551\" data-lazy- data-lazy- data-lazy-src=\"https:\/\/www.europesays.com\/fr\/wp-content\/uploads\/2025\/10\/01-Maison-Pane\u0301o.jpg\"\/><\/p>\n<p>A Bron, La Maison Pan\u00e9o va \u00eatre sacrifi\u00e9e par les \u00e9cologistes &#8211; Photos \u00a9 Lyon People<\/p>\n<p><strong>Texte\u00a0: Morgan Couturier \u2013<\/strong> Victimes d\u2019une proc\u00e9dure d\u2019expropriation par la M\u00e9tropole de Lyon et le Sytral qui souhaitent installer un couloir de bus et une piste cyclable, les artisans de Maison Pan\u00e9o ont \u00e9t\u00e9 d\u00e9bout\u00e9s par la justice\u2026 renfor\u00e7ant l\u2019id\u00e9e d\u2019une fermeture prochaine.<\/p>\n<p>Le mot avait circul\u00e9 un peu partout sur les r\u00e9seaux sociaux\u00a0: le juge des expropriations devait \u00eatre de passage ce lundi 6 octobre 2025, avec la ferme intention de dresser l\u2019inventaire de ce qui devait dispara\u00eetre. Alors par soutien aux propri\u00e9taires, <strong>Ali <\/strong>et <strong>Abdelkader Harbaoui<\/strong>, l\u2019id\u00e9e avait \u00e9t\u00e9 soumise de leur rendre visite en masse au petit matin.<\/p>\n<p><img loading=\"lazy\" decoding=\"async\" aria-describedby=\"caption-attachment-165552\" class=\"size-full wp-image-165552\" src=\"data:image\/svg+xml,%3Csvg%20xmlns=\" http:=\"\" alt=\"\" width=\"900\" height=\"611\" data-lazy- data-lazy- data-lazy-src=\"https:\/\/www.europesays.com\/fr\/wp-content\/uploads\/2025\/10\/03-Maison-Pane\u0301o.jpg\"\/><\/p>\n<p id=\"caption-attachment-165552\" class=\"wp-caption-text\">La mine des mauvais jours pour Ali Harbaoui soutenu par des clients et son avocat (avec son cartable)<\/p>\n<p>Une fa\u00e7on de prouver au passage, l\u2019attachement des Brondillants \u00e0 ce commerce de proximit\u00e9 situ\u00e9 272, route de Genas, une art\u00e8re compl\u00e8tement ravag\u00e9e par deux ann\u00e9es de travaux. Cependant, en cette triste journ\u00e9e d\u2019automne, la loi du plus fort a eu raison d\u2019Ali Harbaoui et de sa traditionnelle empathie, apr\u00e8s trois ans d\u2019angoisse.<\/p>\n<p><strong>Une facture de 7 millions d\u2019euros pour la voie lyonnaise num\u00e9ro 11<\/strong><\/p>\n<p>En effet, malgr\u00e9 la pr\u00e9sence de pompiers et de nombreux clients, le boulanger a eu bien du mal \u00e0 masquer son inqui\u00e9tude. Une crainte renforc\u00e9e plus tard dans la matin\u00e9e, lorsque le Brondillant dut prendre le chemin du tribunal, pour prendre la mesure de ce que lui r\u00e9servent les \u00e9cologistes. \u00ab\u00a0Le Sytral veut gagner du temps et nous a envoy\u00e9s devant le juge\u00a0\u00bb, bl\u00e2me Ali Harbaoui.<\/p>\n<p><a href=\"https:\/\/www.lyonpeople.com\/actualites-lyon\/lyon-les-ecologistes-veulent-spolier-des-proprietaires-immobiliers-2025-09-22.html\" rel=\"nofollow noopener\" target=\"_blank\"><strong>&gt; Lire sur le m\u00eame sujet : Comment les \u00e9cologistes veulent spolier des propri\u00e9taires immobiliers <\/strong><\/a><\/p>\n<p>H\u00e9las, \u00e0 la sortie de l\u2019audience, ses craintes furent malheureusement confirm\u00e9es. Le projet de \u00ab bus \u00e0 haut niveau de service \u00bb (BHNS entre Part-Dieu et les Sept-Chemins, ndlr), (20 m\u00e8tres de large) agr\u00e9ment\u00e9 d\u2019une piste cyclable de 3 m\u00e8tres de large a \u00e9t\u00e9 valid\u00e9 par les juges qui ont envoy\u00e9 l\u2019un des leurs dresser l\u2019inventaire au petit matin, sous les yeux des clients m\u00e9dus\u00e9s.<\/p>\n<p><img loading=\"lazy\" decoding=\"async\" aria-describedby=\"caption-attachment-165554\" class=\"size-full wp-image-165554\" src=\"data:image\/svg+xml,%3Csvg%20xmlns=\" http:=\"\" alt=\"\" width=\"900\" height=\"634\" data-lazy- data-lazy- data-lazy-src=\"https:\/\/www.europesays.com\/fr\/wp-content\/uploads\/2025\/10\/05-juge-boulangerie-paneo.jpg\"\/><\/p>\n<p id=\"caption-attachment-165554\" class=\"wp-caption-text\">Sc\u00e8ne surr\u00e9aliste, ce lundi 6 octobre \u00e0 9h. Vincent Barbier, avocat d\u2019Ali Harbaoui fait face \u00e0 la juge des expropriations qui dresse l\u2019inventaire des \u00e9quipements et du mobilier au milieu des clients.<\/p>\n<p>Or, c\u2019est l\u2019ajout par les \u00e9cologistes de cette piste baptis\u00e9e \u00ab\u00a0voie lyonnaise\u00a0\u00bb qui entra\u00eene l\u2019expropriation et la destruction probable de la boulangerie. Trois petits m\u00e8tres qui l\u2019emportent sur le maintien de son activit\u00e9. Et ce, au d\u00e9triment de son commerce, la Maison Pan\u00e9o, pourtant install\u00e9e route de Genas depuis 2015.<\/p>\n<p><strong>Expropri\u00e9s pour une \u00ab piste cyclable bidirectionnelle de 3 m\u00e8tres de large \u00bb<\/strong><\/p>\n<p>R\u00e9sultat, le commer\u00e7ant brondillant et son associ\u00e9 craignent de devoir plier bagage \u00e0 la fin de l\u2019ann\u00e9e ou au premier trimestre 2026. Dans sa chute, ce dernier regrette au passage de devoir mettre au ch\u00f4mage une dizaine de salari\u00e9s. \u00ab\u00a0Ils ne veulent plus de commerces\u00a0\u00bb, conc\u00e8de encore Ali Harbaoui, redoutant en outre, une infime compensation financi\u00e8re.<\/p>\n<p>\u00ab\u00a0Ils ne nous proposent pas grand-chose\u00a0\u00bb, soutient ce dernier en prenant l\u2019exemple du parking attenant, lui aussi menac\u00e9 de destruction, dont il a la simple jouissance et non la propri\u00e9t\u00e9. N\u00e9anmoins, l\u2019int\u00e9ress\u00e9 promet de \u00ab\u00a0continuer de se battre\u00a0\u00bb. Sans trop d\u2019espoir. Face \u00e0 la force de frappe du Sytral et l\u2019appui des juges, le moral des troupes en a pris un coup.<\/p>\n<p>Faibles avec les forts, forts avec les faibles, les \u00e9cologistes d\u00e9voilent ici une nouvelle facette de leur politique antisociale.<\/p>\n","protected":false},"excerpt":{"rendered":"A Bron, La Maison Pan\u00e9o va \u00eatre sacrifi\u00e9e par les \u00e9cologistes &#8211; Photos \u00a9 Lyon People Texte\u00a0: Morgan&hellip;\n","protected":false},"author":2,"featured_media":446727,"comment_status":"","ping_status":"","sticky":false,"template":"","format":"standard","meta":{"footnotes":""},"categories":[1889],"tags":[4257,1111,11,2430,57272,1777,674,1011,27,2428,12,2895,25],"class_list":{"0":"post-446726","1":"post","2":"type-post","3":"status-publish","4":"format-standard","5":"has-post-thumbnail","7":"category-lyon","8":"tag-0top","9":"tag-actu","10":"tag-actualites","11":"tag-auvergne-rhone-alpes","12":"tag-boulagerie","13":"tag-eu","14":"tag-europe","15":"tag-fr","16":"tag-france","17":"tag-lyon","18":"tag-news","19":"tag-piste-cyclable","20":"tag-republique-francaise"},"share_on_mastodon":{"url":"https:\/\/pubeurope.com\/@fr\/115336941597329276","error":""},"_links":{"self":[{"href":"https:\/\/www.europesays.com\/fr\/wp-json\/wp\/v2\/posts\/446726","targetHints":{"allow":["GET"]}}],"collection":[{"href":"https:\/\/www.europesays.com\/fr\/wp-json\/wp\/v2\/posts"}],"about":[{"href":"https:\/\/www.europesays.com\/fr\/wp-json\/wp\/v2\/types\/post"}],"author":[{"embeddable":true,"href":"https:\/\/www.europesays.com\/fr\/wp-json\/wp\/v2\/users\/2"}],"replies":[{"embeddable":true,"href":"https:\/\/www.europesays.com\/fr\/wp-json\/wp\/v2\/comments?post=446726"}],"version-history":[{"count":0,"href":"https:\/\/www.europesays.com\/fr\/wp-json\/wp\/v2\/posts\/446726\/revisions"}],"wp:featuredmedia":[{"embeddable":true,"href":"https:\/\/www.europesays.com\/fr\/wp-json\/wp\/v2\/media\/446727"}],"wp:attachment":[{"href":"https:\/\/www.europesays.com\/fr\/wp-json\/wp\/v2\/media?parent=446726"}],"wp:term":[{"taxonomy":"category","embeddable":true,"href":"https:\/\/www.europesays.com\/fr\/wp-json\/wp\/v2\/categories?post=446726"},{"taxonomy":"post_tag","embeddable":true,"href":"https:\/\/www.europesays.com\/fr\/wp-json\/wp\/v2\/tags?post=446726"}],"curies":[{"name":"wp","href":"https:\/\/api.w.org\/{rel}","templated":true}]}}