{"id":446732,"date":"2025-10-08T05:44:12","date_gmt":"2025-10-08T05:44:12","guid":{"rendered":"https:\/\/www.europesays.com\/fr\/446732\/"},"modified":"2025-10-08T05:44:12","modified_gmt":"2025-10-08T05:44:12","slug":"un-drone-percute-une-centrale-nucleaire-russe-aucune-consequence-sur-la-securite-selon-laiea","status":"publish","type":"post","link":"https:\/\/www.europesays.com\/fr\/446732\/","title":{"rendered":"un drone percute une centrale nucl\u00e9aire russe, \u00ab\u00a0aucune cons\u00e9quence sur la s\u00e9curit\u00e9\u00a0\u00bb, selon l\u2019AIEA"},"content":{"rendered":"<p>   La Russie affirme avoir intercept\u00e9 209\u00a0drones ukrainiens dans la nuit             <\/p>\n<p class=\"post__live-container--answer-text post__space-node\">La Russie a annonc\u00e9 mardi avoir intercept\u00e9 dans la nuit 209\u00a0drones ukrainiens, Kiev frappant le territoire russe pour le deuxi\u00e8me jour de suite. Les drones ont notamment \u00e9t\u00e9 abattus au-dessus des r\u00e9gions russes de Koursk (<a href=\"https:\/\/www.google.com\/maps\/place\/Oblast+de+Koursk,+Russie\/@50.6085854,35.9844725,8z\/data=!4m2!3m1!1s0x412f0579d6594437:0xad02dfc2bf4338a8?entry=ttu&amp;g_ep=EgoyMDI1MTAwMS4wIKXMDSoASAFQAw%3D%3D\" target=\"_blank\" rel=\"noopener nofollow\" title=\"Nouvelle fen\u00eatre\">\ud83d\udea9<\/a>, 62 drones neutralis\u00e9s) et de Belgorod (<a href=\"https:\/\/www.google.com\/maps\/place\/Oblast+de+Belgorod,+Russie\/@50.6085854,35.9844725,8z\/data=!3m1!4b1!4m6!3m5!1s0x412680e852aeb931:0x102a3a583f19600!8m2!3d50.7106926!4d37.7533377!16zL20vMDJmZHBs?entry=ttu&amp;g_ep=EgoyMDI1MTAwMS4wIKXMDSoASAFQAw%3D%3D\" target=\"_blank\" rel=\"noopener nofollow\" title=\"Nouvelle fen\u00eatre\">\ud83d\udea9<\/a>, 31), frontali\u00e8res de l\u2019Ukraine, ainsi que de Nijni Novgorod (<a href=\"https:\/\/www.google.com\/maps\/place\/Oblast+de+Nijni+Novgorod,+Russie\/@56.2515896,42.135616,7z\/data=!3m1!4b1!4m6!3m5!1s0x41503947c8c70aef:0x59f5908a2e4c75a2!8m2!3d55.7995159!4d44.0296769!16zL20vMDJkX21n?entry=ttu&amp;g_ep=EgoyMDI1MTAwMS4wIKXMDSoASAFQAw%3D%3D\" target=\"_blank\" rel=\"noopener nofollow\" title=\"Nouvelle fen\u00eatre\">\ud83d\udea9<\/a>, 36), ainsi qu\u2019au-dessus de la mer Noire, selon <a href=\"https:\/\/t.me\/mod_russia\/57333\" target=\"_blank\" rel=\"noopener nofollow\" title=\"Nouvelle fen\u00eatre\">des<\/a> <a href=\"https:\/\/t.me\/mod_russia\/57335\" target=\"_blank\" rel=\"noopener nofollow\" title=\"Nouvelle fen\u00eatre\">communiqu\u00e9s<\/a> du minist\u00e8re de la d\u00e9fense russe, qui avait annonc\u00e9 la veille avoir intercept\u00e9 plus de 250\u00a0drones.<\/p>\n<p class=\"post__live-container--answer-text post__space-node\">Dans la r\u00e9gion de Nijni Novgorod, situ\u00e9e \u00e0 l\u2019est de Moscou, l\u2019attaque a notamment cibl\u00e9 la zone industrielle de Dzerjinsk qui abrite plusieurs entreprises chimiques, a pr\u00e9cis\u00e9 sur <a href=\"https:\/\/t.me\/glebnikitin_nn\/7837\" target=\"_blank\" rel=\"noopener nofollow\" title=\"Nouvelle fen\u00eatre\">Telegram <\/a>le gouverneur, Gleb Nikitine. Les d\u00e9bris de drones neutralis\u00e9s ont chut\u00e9 sur le territoire d\u2019une entreprise sans causer de \u00ab\u00a0pr\u00e9judice important\u00a0\u00bb \u00e0 ses infrastructures, a-t-il ajout\u00e9. \u00ab\u00a0Selon les premi\u00e8res informations, personne n\u2019a \u00e9t\u00e9 bless\u00e9\u00a0\u00bb, a assur\u00e9 le gouverneur.<\/p>\n<p class=\"post__live-container--answer-text post__space-node\">Dans la r\u00e9gion de Belgorod, un millier de personnes restaient sans \u00e9lectricit\u00e9 mardi matin, apr\u00e8s les attaques de drones contre les infrastructures \u00e9nerg\u00e9tiques de ces deux derniers jours, a d\u00e9clar\u00e9 le gouverneur, Viatcheslav Gladkov, sur <a href=\"https:\/\/t.me\/vvgladkov\/16523\" target=\"_blank\" rel=\"noopener nofollow\" title=\"Nouvelle fen\u00eatre\">Telegram<\/a>, pr\u00e9cisant que deux\u00a0techniciens de l\u2019\u00e9nergie \u00e9taient morts lundi \u00ab\u00a0alors qu\u2019ils \u00e9taient \u00e0 leur poste de travail, en train de r\u00e9tablir l\u2019alimentation \u00e9lectrique endommag\u00e9e\u00a0\u00bb.<\/p>\n","protected":false},"excerpt":{"rendered":"La Russie affirme avoir intercept\u00e9 209\u00a0drones ukrainiens dans la nuit La Russie a annonc\u00e9 mardi avoir intercept\u00e9 dans&hellip;\n","protected":false},"author":2,"featured_media":446082,"comment_status":"","ping_status":"","sticky":false,"template":"","format":"standard","meta":{"footnotes":""},"categories":[1888],"tags":[1111,1928,11,1927,1777,674,1011,27,12,1926,626,1925,25],"class_list":{"0":"post-446732","1":"post","2":"type-post","3":"status-publish","4":"format-standard","5":"has-post-thumbnail","7":"category-paris","8":"tag-actu","9":"tag-actu-paris","10":"tag-actualites","11":"tag-actualites-paris","12":"tag-eu","13":"tag-europe","14":"tag-fr","15":"tag-france","16":"tag-news","17":"tag-news-paris","18":"tag-paris","19":"tag-paris-news","20":"tag-republique-francaise"},"share_on_mastodon":{"url":"https:\/\/pubeurope.com\/@fr\/115336961294124599","error":""},"_links":{"self":[{"href":"https:\/\/www.europesays.com\/fr\/wp-json\/wp\/v2\/posts\/446732","targetHints":{"allow":["GET"]}}],"collection":[{"href":"https:\/\/www.europesays.com\/fr\/wp-json\/wp\/v2\/posts"}],"about":[{"href":"https:\/\/www.europesays.com\/fr\/wp-json\/wp\/v2\/types\/post"}],"author":[{"embeddable":true,"href":"https:\/\/www.europesays.com\/fr\/wp-json\/wp\/v2\/users\/2"}],"replies":[{"embeddable":true,"href":"https:\/\/www.europesays.com\/fr\/wp-json\/wp\/v2\/comments?post=446732"}],"version-history":[{"count":0,"href":"https:\/\/www.europesays.com\/fr\/wp-json\/wp\/v2\/posts\/446732\/revisions"}],"wp:featuredmedia":[{"embeddable":true,"href":"https:\/\/www.europesays.com\/fr\/wp-json\/wp\/v2\/media\/446082"}],"wp:attachment":[{"href":"https:\/\/www.europesays.com\/fr\/wp-json\/wp\/v2\/media?parent=446732"}],"wp:term":[{"taxonomy":"category","embeddable":true,"href":"https:\/\/www.europesays.com\/fr\/wp-json\/wp\/v2\/categories?post=446732"},{"taxonomy":"post_tag","embeddable":true,"href":"https:\/\/www.europesays.com\/fr\/wp-json\/wp\/v2\/tags?post=446732"}],"curies":[{"name":"wp","href":"https:\/\/api.w.org\/{rel}","templated":true}]}}