{"id":446742,"date":"2025-10-08T05:50:16","date_gmt":"2025-10-08T05:50:16","guid":{"rendered":"https:\/\/www.europesays.com\/fr\/446742\/"},"modified":"2025-10-08T05:50:16","modified_gmt":"2025-10-08T05:50:16","slug":"sa-derniere-visite-au-royaume-uni-emaillee-par-deux-incidents","status":"publish","type":"post","link":"https:\/\/www.europesays.com\/fr\/446742\/","title":{"rendered":"sa derni\u00e8re visite au Royaume-Uni \u00e9maill\u00e9e par deux incidents"},"content":{"rendered":"<p>                                    <img decoding=\"async\" src=\"https:\/\/www.europesays.com\/fr\/wp-content\/uploads\/2025\/10\/08b68160d99048326b94d0c0ee9a21642d5161e691981423919aae6d621482a7.jpg\" alt=\"GALA Prince Harry\u00a0: ce qu'il faut connaitre (1)\" class=\"a11y-hidden\" fetchpriority=\"high\"\/><\/p>\n<p class=\"fig-standfirst\">Lors de la derni\u00e8re visite du prince Harry \u00e0 Londres, en septembre dernier, le drame a \u00e9t\u00e9 \u00e9vit\u00e9 \u00e0 deux reprises. Le mari de Meghan Markle a \u00e9t\u00e9 approch\u00e9 par une harceleuse connue.<\/p>\n<p class=\"fig-paragraph\">La derni\u00e8re\u00a0<a href=\"https:\/\/www.gala.fr\/royautes\/le-prince-harry-de-retour-au-royaume-uni-depuis-quand-n-a-t-il-pas-vu-son-pere-charles-iii-20250908\" target=\"_blank\" data-fig-type=\"Article\" rel=\"noopener nofollow\" data-gtm-custom-categorie=\"navigation\" data-gtm-custom-action=\"crossclick\" data-gtm-custom-label=\"Contextuel\" data-gtm-event=\"customEventSPE\" data-fig-domain=\"GALA\">visite du prince Harry au Royaume-Uni<\/a>\u00a0en septembre dernier a fait couler beaucoup d\u2019encre, notamment pour\u00a0<a href=\"https:\/\/www.gala.fr\/royautes\/apres-sa-rencontre-avec-charles-iii-la-grave-erreur-du-prince-harry-20251007\" target=\"_blank\" data-fig-type=\"Article\" rel=\"noopener nofollow\" data-gtm-custom-categorie=\"navigation\" data-gtm-custom-action=\"crossclick\" data-gtm-custom-label=\"Contextuel\" data-gtm-event=\"customEventSPE\" data-fig-domain=\"GALA\">ses retrouvailles, apr\u00e8s dix-sept mois, avec le roi Charles III<\/a>. Mais le bref passage du duc \u00e0 Londres aurait pu avoir un destin bien plus dramatique. Comme l\u2019ont r\u00e9v\u00e9l\u00e9 nos confr\u00e8res de<a href=\"https:\/\/www.telegraph.co.uk\/royal-family\/2025\/10\/05\/prince-harry-stalker-uk-visit-security-risk-police\/\" target=\"_blank\" rel=\"sponsored noopener nofollow\" data-gtm-custom-categorie=\"navigation\" data-gtm-custom-action=\"crossclick\" data-gtm-custom-label=\"Contextuel\" data-gtm-event=\"customEventSPE\">\u00a0The Telegraph<\/a>, ce dimanche 5 octobre, une harceleuse connue\u00a0<a href=\"https:\/\/www.gala.fr\/royautes\/le-prince-william-evoque-harry-du-bout-des-levres-ces-mots-qu-on-n-attendait-pas-20251006\" target=\"_blank\" data-fig-type=\"Article\" rel=\"noopener nofollow\" data-gtm-custom-categorie=\"navigation\" data-gtm-custom-action=\"crossclick\" data-gtm-custom-label=\"Contextuel\" data-gtm-event=\"customEventSPE\" data-fig-domain=\"GALA\">du fr\u00e8re du prince William<\/a>\u00a0a r\u00e9ussi \u00e0 s\u2019approcher du prince \u00e0 deux reprises. La femme, connue pour son obsession envers le fils cadet du roi, a r\u00e9ussi \u00e0 entrer dans une \u00abzone s\u00e9curis\u00e9e\u00bb d\u2019un h\u00f4tel du centre de Londres o\u00f9 il assiste au WellChild Awards, le 9 septembre dernier.<\/p>\n<p class=\"fig-paragraph\">Seulement deux jours plus tard, la m\u00eame femme a \u00e9t\u00e9 aper\u00e7ue tr\u00e8s proche du prince Harry, lors de sa visite au Centre d\u2019\u00e9tudes sur les blessures par explosion, dans l\u2019ouest de Londres. Selon les sources de la s\u00e9curit\u00e9 du prince, un membre de son entourage aurait reconnu la harceleuse et l\u2019aurait bloqu\u00e9 pour l\u2019emp\u00eacher de s\u2019approcher de lui. Il ignorait si elle \u00e9tait arm\u00e9e ou non. The Telegraph a pr\u00e9cis\u00e9 que cet \u00e9v\u00e9nement ne b\u00e9n\u00e9ficiait pas de protection polici\u00e8re. Cette femme fait partie des personnes identifi\u00e9es comme \u00abobs\u00e9d\u00e9es\u00bb par le prince Harry, une liste \u00e9tablie par une soci\u00e9t\u00e9 de renseignement priv\u00e9e pour la protection du mari de Meghan Markle. Elle aurait m\u00eame pris l\u2019habitude de le suivre dans ses d\u00e9placements \u00e0 travers le monde. L\u2019ann\u00e9e derni\u00e8re, elle aurait \u00e9t\u00e9 aper\u00e7ue \u00e0 Abuja, au Nigeria lors de la visite du duc et de la duchesse de Sussex.<\/p>\n<p>    <a href=\"#slideshow-header\"><\/p>\n<p class=\"fig-slideshow__title\">\n                    Prince Harry\u00a0: toutes les femmes de sa vie\n                <\/p>\n<p>    <\/a><\/p>\n<p>                                    <a class=\"fig-a11y-skip a11y-hidden\" href=\"#fig-a11y-skip-main-inarticle\"><br \/>\n        Passer la publicit\u00e9<br \/>\n    <\/a><\/p>\n<p>Le prince Harry ressent une \u00ab\u00e9norme culpabilit\u00e9\u00bb face \u00e0 ces incidents<\/p>\n<p class=\"fig-paragraph\">Cette ins\u00e9curit\u00e9 constante lors de ses visites au Royaume-Uni est pensante pour le prince. Un ami du duc de Sussex a expliqu\u00e9 au Telegraph qu\u2019il ressentait une \u00ab\u00e9norme culpabilit\u00e9\u00bb que les gens autour de lui soient mis en danger \u00e0 cause de sa notori\u00e9t\u00e9. Selon cette source, il s\u2019agirait d\u2019une des raisons pour laquelle le prince ne rentre pas au bercail tr\u00e8s souvent. \u00abIl ne faut pas laisser deux employ\u00e9s de bureau jouer les yeux et les oreilles suppl\u00e9mentaires ou constituer une barri\u00e8re physique\u00bb, a expliqu\u00e9 l\u2019ami du prince. Avant d\u2019ajouter, inquiet\u00a0: \u00abCela ne devrait pas arriver. Il suffit d\u2019une seule personne motiv\u00e9e pour que la situation d\u00e9g\u00e9n\u00e8re tr\u00e8s rapidement.\u00bb<\/p>\n<p class=\"fig-paragraph\">Article \u00e9crit avec la collaboration de 6M\u00e9dias.\u00a0<\/p>\n","protected":false},"excerpt":{"rendered":"Lors de la derni\u00e8re visite du prince Harry \u00e0 Londres, en septembre dernier, le drame a \u00e9t\u00e9 \u00e9vit\u00e9&hellip;\n","protected":false},"author":2,"featured_media":446743,"comment_status":"","ping_status":"","sticky":false,"template":"","format":"standard","meta":{"footnotes":""},"categories":[1588],"tags":[11,1777,674,545,3668,9047,35535,4534,12,473,1853,1851,1850,1852,510],"class_list":{"0":"post-446742","1":"post","2":"type-post","3":"status-publish","4":"format-standard","5":"has-post-thumbnail","7":"category-royaume-uni","8":"tag-actualites","9":"tag-eu","10":"tag-europe","11":"tag-famille-royale-britannique","12":"tag-harcelement","13":"tag-harry-dangleterre","14":"tag-incident","15":"tag-londres","16":"tag-news","17":"tag-royaume-uni","18":"tag-royaume-uni-de-grande-bretagne-et-dirlande-du-nord","19":"tag-uk","20":"tag-united-kingdom","21":"tag-united-kingdom-of-great-britain-and-northern-ireland","22":"tag-visite"},"share_on_mastodon":{"url":"https:\/\/pubeurope.com\/@fr\/115336985550205414","error":""},"_links":{"self":[{"href":"https:\/\/www.europesays.com\/fr\/wp-json\/wp\/v2\/posts\/446742","targetHints":{"allow":["GET"]}}],"collection":[{"href":"https:\/\/www.europesays.com\/fr\/wp-json\/wp\/v2\/posts"}],"about":[{"href":"https:\/\/www.europesays.com\/fr\/wp-json\/wp\/v2\/types\/post"}],"author":[{"embeddable":true,"href":"https:\/\/www.europesays.com\/fr\/wp-json\/wp\/v2\/users\/2"}],"replies":[{"embeddable":true,"href":"https:\/\/www.europesays.com\/fr\/wp-json\/wp\/v2\/comments?post=446742"}],"version-history":[{"count":0,"href":"https:\/\/www.europesays.com\/fr\/wp-json\/wp\/v2\/posts\/446742\/revisions"}],"wp:featuredmedia":[{"embeddable":true,"href":"https:\/\/www.europesays.com\/fr\/wp-json\/wp\/v2\/media\/446743"}],"wp:attachment":[{"href":"https:\/\/www.europesays.com\/fr\/wp-json\/wp\/v2\/media?parent=446742"}],"wp:term":[{"taxonomy":"category","embeddable":true,"href":"https:\/\/www.europesays.com\/fr\/wp-json\/wp\/v2\/categories?post=446742"},{"taxonomy":"post_tag","embeddable":true,"href":"https:\/\/www.europesays.com\/fr\/wp-json\/wp\/v2\/tags?post=446742"}],"curies":[{"name":"wp","href":"https:\/\/api.w.org\/{rel}","templated":true}]}}