{"id":446750,"date":"2025-10-08T05:54:11","date_gmt":"2025-10-08T05:54:11","guid":{"rendered":"https:\/\/www.europesays.com\/fr\/446750\/"},"modified":"2025-10-08T05:54:11","modified_gmt":"2025-10-08T05:54:11","slug":"du-rire-a-la-gene-les-habitants-du-8e-arrondissement-samusent-de-leur-maire-bien-sapee-qui-veut-tout-rembourser","status":"publish","type":"post","link":"https:\/\/www.europesays.com\/fr\/446750\/","title":{"rendered":"Du rire \u00e0 la g\u00eane, les habitants du 8e\u00a0arrondissement s\u2019amusent de leur maire \u00ab\u00a0bien sap\u00e9e\u00a0\u00bb\u2026 qui veut tout rembourser"},"content":{"rendered":"<p>Le 8e\u00a0arrondissement de <a href=\"https:\/\/www.20minutes.fr\/paris\/\" class=\"c-link c-link--is-underlined\" target=\"_blank\" rel=\"noopener\">Paris<\/a>. Ses monuments, ses <a href=\"https:\/\/www.20minutes.fr\/paris\/champs-elysees\/\" class=\"c-link c-link--is-underlined\" target=\"_blank\" rel=\"noopener\">Champs-\u00c9lys\u00e9es<\/a>, sa place de la Concorde, son parc Monceau et\u2026 sa maire \u00ab\u00a0<a href=\"https:\/\/www.20minutes.fr\/politique\/4177224-20251005-paris-etre-bien-sapee-maire-8e-arrondissement-reconnait-avoir-depense-35-000-euros-vetements\" target=\"_blank\" class=\"c-link c-link--is-underlined\" rel=\"noopener\">bien sap\u00e9e<\/a>\u00a0\u00bb. Depuis quelques jours, Jeanne D\u2019Hauteserre doit bien se demander ce qui lui tombe sur la t\u00eate. Comme tous les maires de la capitale, ses 35.779,65 euros de frais de v\u00eatements en quatre ans et demi ont \u00e9t\u00e9 r\u00e9v\u00e9l\u00e9s par nos confr\u00e8res de <a href=\"https:\/\/www.liberation.fr\/politique\/vetements-de-marque-grandes-tables-bols-a-prenom-revelations-sur-les-notes-de-frais-des-maires-parisiens-20251002_2UH66AFIX5C4XDHQTNZFG3C7IQ\/\" rel=\"nofollow noopener\" target=\"_blank\" class=\"c-link c-link--is-underlined\">Lib\u00e9ration<\/a>.<\/p>\n<p>Discr\u00e8te et plut\u00f4t diplomate dans la guerre d\u00e9clar\u00e9e depuis des ann\u00e9es au Conseil de Paris, la maire du 8e\u00a0arrondissement s\u2019est retrouv\u00e9e au centre de la pol\u00e9mique sur les frais de mandat lanc\u00e9e entre \u00e9lus et qui a d\u00e9j\u00e0 touch\u00e9 Anne Hidalgo et Eric Lejoindre. La cause\u00a0? Son interview bien maladroite <a href=\"https:\/\/x.com\/BFMTV\/status\/1974516749690093966\" target=\"_blank\" class=\"c-link c-link--is-underlined\">chez nos confr\u00e8res de BFM TV<\/a> et dans laquelle elle remercie m\u00eame les contribuables qui travaillent pour lui \u00ab\u00a0permettre d\u2019avoir toutes ces indemnit\u00e9s\u00a0\u00bb.<\/p>\n<p>\u00ab\u00a0Ravie de savoir qu\u2019on participe \u00e0 sa bonne tenue\u00a0\u00bb<\/p>\n<p>Premiers concern\u00e9s, les habitants du 8e\u00a0arrondissement que 20 Minutes est all\u00e9 interroger pour savoir ce qu\u2019ils pensaient.<\/p>\n<\/p>\n<p>\u00ab\u00a0C\u2019est vrai qu\u2019elle est toujours tr\u00e8s appr\u00eat\u00e9e\u00a0\u00bb, rit Anne-Colombe qui vit pr\u00e8s de la rue Murillo au nord de l\u2019arrondissement. \u00ab\u00a0Ravie de savoir qu\u2019on participe \u00e0 sa bonne tenue\u00a0!\u00a0\u00bb Comme elle, plusieurs habitants du quartier pr\u00e9f\u00e8rent rire de la situation. D\u2019abord pour l\u2019extr\u00eame franchise de leur maire devant les cam\u00e9ras, qui a surpris et presque attendri certains, mais surtout pour l\u2019impression que l\u2019\u00e9dile a \u00e9t\u00e9 mettre ses escarpins dans la boue toute seule, sans qu\u2019on lui ait demand\u00e9. \u00ab\u00a0Quel besoin avait-elle d\u2019aller s\u2019expliquer comme \u00e7a, tout le monde s\u2019en fiche\u00a0\u00bb, s\u2019indigne Catherine.<\/p>\n<p>Plus concern\u00e9, Aubin sourit aussi \u00e0 l\u2019\u00e9vocation de la sortie de sa maire mais trouve le \u00ab\u00a0proc\u00e8s\u00a0\u00bb qui lui est fait un peu s\u00e9v\u00e8re\u00a0: \u00ab\u00a0D\u2019abord c\u2019est une \u00e9lue de la R\u00e9publique, donc c\u2019est normal qu\u2019elle pr\u00e9sente bien. Et puis ici c\u2019est le 8e. C\u2019est chic, ce sont les Champs-Elys\u00e9es, <a href=\"https:\/\/www.20minutes.fr\/paris\/2488431-20190403-peine-mort-homosexuels-brunei-excluons-rassemblement-devant-ambassade-devant-hotels-sultan\" class=\"c-link c-link--is-underlined\" target=\"_blank\" rel=\"noopener\">les palaces<\/a>, beaucoup de si\u00e8ges de grandes entreprises. Elle se retrouve souvent devant les cam\u00e9ras. Elle se doit de repr\u00e9senter l\u2019\u00e9l\u00e9gance parisienne, et franchement, les habitants du 8e n\u2019en attendent pas moins.\u00a0\u00bb<\/p>\n<p>Des montants et des achats qui choquent peu\u2026<\/p>\n<p>Charlie, 21 ans et \u00e9tudiante originaire de Champagne, exp\u00e9rimente l\u2019arrondissement depuis un an et demi depuis son petit studio de 10\u00a0m2. Elle abonde\u00a0: \u00ab\u00a0C\u2019est ultra-bourgeois ici. Tous les jours je vois des gens qui ont plus d\u2019argent dans leurs habits que moi dans tout mon appart&rsquo;, <a href=\"https:\/\/www.20minutes.fr\/dossier\/actu-electromenager\" class=\"c-link c-link--is-underlined\" target=\"_blank\" rel=\"noopener\">\u00e9lectrom\u00e9nager<\/a> compris. Si elle veut se faire r\u00e9\u00e9lire, elle a int\u00e9r\u00eat \u00e0 bien se \u201csaper\u201d comme elle dit. Vu la sociologie de l\u2019arrondissement, je doute que vous trouviez des gens pour lui cracher dessus.\u00a0\u00bb Ce n\u2019est pas le but.<\/p>\n<p>Tout aussi jeune, L\u00e9on a, lui, grandi dans l\u2019arrondissement. Il n\u2019en est pas moins taquin \u00e0 l\u2019\u00e9gard de l\u2019accus\u00e9e. \u00ab\u00a0Franchement, on est dans l\u2019arrondissement de l\u2019avenue Montaigne, du luxe fran\u00e7ais. The Kooples ou Eric Bompard, c\u2019est limite \u201cjuste\u201d comme marques. Il faut viser plus haut\u00a0\u00bb, l\u00e2che-t-il dans un grand rire.<\/p>\n<p>Baptiste, 46 ans, voit les choses de mani\u00e8re plus s\u00e9rieuse. Habitant de la rue de Naples, \u00e0 deux pas de la mairie, il s\u2019indigne \u00e0 l\u2019\u00e9vocation de cette affaire\u00a0: \u00ab\u00a0En soi, les montants ne sont pas scandaleux. Mais ce n\u2019\u00e9tait vraiment pas le contexte pour d\u00e9blat\u00e9rer l\u00e0-dessus. La situation dans le pays est catastrophique et on d\u00e9couvre ce genre de pratiques.\u00a0\u00bb<\/p>\n<p>Pas choqu\u00e9 par les montants, ni par le fait que les \u00e9lus aient des frais de repr\u00e9sentation (lui-m\u00eame, cadre sup\u00e9rieur dans un grand groupe b\u00e9n\u00e9ficie \u00ab\u00a0d\u2019avantages\u00a0\u00bb pour s\u2019habiller et manger dans un cadre professionnel), il d\u00e9fend m\u00eame son \u00e9lue\u00a0: \u00ab\u00a0J\u2019ai entendu parler de restaurants hors de prix, de souvenirs de vacances et de sous-v\u00eatements. Pour Madame d\u2019Hauteserre, je n\u2019ai vu que des v\u00eatements qui collent \u00e0 ses obligations. Il n\u2019y a pas de drame.\u00a0\u00bb<\/p>\n<p>\u2026 si ce n\u2019est qu\u2019il s\u2019agit d\u2019argent public, dans un contexte d\u2019aust\u00e9rit\u00e9<\/p>\n<p>Une derni\u00e8re remarque avec laquelle Nadia n\u2019est pas d\u2019accord. Elle-m\u00eame habill\u00e9e tr\u00e8s chic et exigeante envers \u00ab\u00a0sa\u00a0\u00bb maire, elle s\u2019indigne des r\u00e9v\u00e9lations sur ces frais d\u2019\u00e9lus. \u00ab\u00a0Ils sont quand m\u00eame tr\u00e8s bien pay\u00e9s \u00e0 la base. Pourquoi en plus leur donner une enveloppe suppl\u00e9mentaire pour ces frais\u00a0? Ou alors, que cet argent soit directement ajout\u00e9 \u00e0 leur salaire. Parce que l\u00e0 \u00e7a donne vraiment l\u2019impression que la caisse est grande ouverte et que tout le monde tape dedans \u00e0 volont\u00e9. \u00c7a donne une image d\u00e9plorable des \u00e9lus et de l\u2019utilisation de l\u2019argent publique.\u00a0\u00bb<\/p>\n<p><a href=\"https:\/\/www.20minutes.fr\/paris\/\" class=\"c-link c-btn c-btn--primary\" target=\"_blank\" rel=\"noopener\">Retrouvez ici toute l&rsquo;actualit\u00e9 de Paris<\/a><\/p>\n<p>Raymond n\u2019est pas moins \u00e9nerv\u00e9\u00a0: \u00ab\u00a0On demande \u00e0 tout le monde de se serrer la ceinture, on dit que les caisses sont vides, et on d\u00e9couvre toujours plus d\u2019argent \u00e0 disposition de nos \u00e9lus, sans qu\u2019il n\u2019y ait v\u00e9ritablement de publicit\u00e9 ni de comptes visibles pour les citoyens. On veut baisser les retraites, supprimer les subventions aux associations et fermer des classes dans les \u00e9coles et pendant ce temps, madame se paient des gilets et des tailleurs. Ce n\u2019est pas possible\u00a0!\u00a0\u00bb<\/p>\n<p>Peut-\u00eatre a-t-il \u00e9t\u00e9 entendu par la maire puisque au moment o\u00f9 Raymond nous r\u00e9pondait, Jeanne d\u2019Hauteserre<a href=\"https:\/\/www.leparisien.fr\/paris-75\/bien-sapee-grace-aux-contribuables-a-paris-la-maire-du-viiie-veut-rembourser-ses-36-000-euros-de-notes-de-frais-07-10-2025-LAG5HDZSXZB65ASXW63QWE3NLE.php\" target=\"_blank\" class=\"c-link c-link--is-underlined\" rel=\"noopener\"> annon\u00e7ait \u00e0 nos confr\u00e8res<\/a> du Parisien son intention de rembourser tous ses frais de mandat, apr\u00e8s avoir d\u00e9clar\u00e9 vouloir mettre fin aux privil\u00e8ges des \u00e9lus\u00a0: \u00ab\u00a0Ces d\u00e9penses sont l\u00e9gales mais elles choquent nos concitoyens, confie la maire \u00e0 notre journal. Je vais saisir les services juridiques de la Ville pour voir dans quelle mesure ce remboursement est possible et comment il faut proc\u00e9der.\u00a0\u00bb<\/p>\n","protected":false},"excerpt":{"rendered":"Le 8e\u00a0arrondissement de Paris. Ses monuments, ses Champs-\u00c9lys\u00e9es, sa place de la Concorde, son parc Monceau et\u2026 sa&hellip;\n","protected":false},"author":2,"featured_media":446751,"comment_status":"","ping_status":"","sticky":false,"template":"","format":"standard","meta":{"footnotes":""},"categories":[2],"tags":[11,2618,6984,11273,2617,1011,27,662,9985,2381,12,626,316,1306,25],"class_list":{"0":"post-446750","1":"post","2":"type-post","3":"status-publish","4":"format-standard","5":"has-post-thumbnail","7":"category-actualites","8":"tag-actualites","9":"tag-anne-hidalgo","10":"tag-champs-elysees","11":"tag-concorde","12":"tag-conseil-de-paris","13":"tag-fr","14":"tag-france","15":"tag-ile-de-france","16":"tag-liberation","17":"tag-mairie-de-paris","18":"tag-news","19":"tag-paris","20":"tag-politique","21":"tag-regions","22":"tag-republique-francaise"},"share_on_mastodon":{"url":"https:\/\/pubeurope.com\/@fr\/115337000655709053","error":""},"_links":{"self":[{"href":"https:\/\/www.europesays.com\/fr\/wp-json\/wp\/v2\/posts\/446750","targetHints":{"allow":["GET"]}}],"collection":[{"href":"https:\/\/www.europesays.com\/fr\/wp-json\/wp\/v2\/posts"}],"about":[{"href":"https:\/\/www.europesays.com\/fr\/wp-json\/wp\/v2\/types\/post"}],"author":[{"embeddable":true,"href":"https:\/\/www.europesays.com\/fr\/wp-json\/wp\/v2\/users\/2"}],"replies":[{"embeddable":true,"href":"https:\/\/www.europesays.com\/fr\/wp-json\/wp\/v2\/comments?post=446750"}],"version-history":[{"count":0,"href":"https:\/\/www.europesays.com\/fr\/wp-json\/wp\/v2\/posts\/446750\/revisions"}],"wp:featuredmedia":[{"embeddable":true,"href":"https:\/\/www.europesays.com\/fr\/wp-json\/wp\/v2\/media\/446751"}],"wp:attachment":[{"href":"https:\/\/www.europesays.com\/fr\/wp-json\/wp\/v2\/media?parent=446750"}],"wp:term":[{"taxonomy":"category","embeddable":true,"href":"https:\/\/www.europesays.com\/fr\/wp-json\/wp\/v2\/categories?post=446750"},{"taxonomy":"post_tag","embeddable":true,"href":"https:\/\/www.europesays.com\/fr\/wp-json\/wp\/v2\/tags?post=446750"}],"curies":[{"name":"wp","href":"https:\/\/api.w.org\/{rel}","templated":true}]}}