{"id":446766,"date":"2025-10-08T06:05:15","date_gmt":"2025-10-08T06:05:15","guid":{"rendered":"https:\/\/www.europesays.com\/fr\/446766\/"},"modified":"2025-10-08T06:05:15","modified_gmt":"2025-10-08T06:05:15","slug":"wolfsbourg-psg-le-groupe-parisien","status":"publish","type":"post","link":"https:\/\/www.europesays.com\/fr\/446766\/","title":{"rendered":"Wolfsbourg\/PSG &#8211; Le groupe parisien"},"content":{"rendered":"<p><strong>Ce mercredi, les \u00e9quipes f\u00e9minines du Paris Saint-Germain et de Wolfsbourg vont s\u2019affronter au AOK Stadion (diffusion sur Disney+) <\/strong><strong>\u00e0 21h <b>lors de la 1ere journ\u00e9e de la Ligue des Champions F\u00e9minine 2025-2026<\/b>. Voici le groupe parisien pour cette rencontre.<\/strong><\/p>\n<blockquote class=\"twitter-tweet\" data-width=\"550\" data-dnt=\"true\">\n<p lang=\"fr\" dir=\"ltr\">\ud83d\udccb D\u00e9couvrez le groupe de nos Parisiennes qui s&rsquo;envoleront pour Wolfsburg \u2708\ufe0f<a href=\"https:\/\/twitter.com\/hashtag\/UWCL?src=hash&amp;ref_src=twsrc%5Etfw\" rel=\"nofollow noopener\" target=\"_blank\">#UWCL<\/a> <a href=\"https:\/\/t.co\/p8mtaM5x8y\" rel=\"nofollow\">pic.twitter.com\/p8mtaM5x8y<\/a><\/p>\n<p>\u2014 PSG F\u00e9minines (@PSG_Feminines) <a href=\"https:\/\/twitter.com\/PSG_Feminines\/status\/1975518760900395261?ref_src=twsrc%5Etfw\" rel=\"nofollow noopener\" target=\"_blank\">October 7, 2025<\/a><\/p>\n<\/blockquote>\n<p>\t\t\t\t\t\t\t\t\t\t\t\t\t\t\t\t\t\t\t\t\t\t\t<img loading=\"lazy\" src=\"https:\/\/www.europesays.com\/fr\/wp-content\/uploads\/2025\/04\/ParisFans_Logo.png\" decoding=\"async\" class=\"lazyload\" width=\"240\" height=\"54\" data-eio-rwidth=\"240\" data-eio-rheight=\"54\"\/><\/p>\n<p>\t\t\t\t\t\t\t\t<script async src=\"https:\/\/platform.twitter.com\/widgets.js\" charset=\"utf-8\"><\/script><\/p>\n","protected":false},"excerpt":{"rendered":"Ce mercredi, les \u00e9quipes f\u00e9minines du Paris Saint-Germain et de Wolfsbourg vont s\u2019affronter au AOK Stadion (diffusion sur&hellip;\n","protected":false},"author":2,"featured_media":446767,"comment_status":"","ping_status":"","sticky":false,"template":"","format":"standard","meta":{"footnotes":""},"categories":[1410],"tags":[63,1011,27,60,57275],"class_list":{"0":"post-446766","1":"post","2":"type-post","3":"status-publish","4":"format-standard","5":"has-post-thumbnail","7":"category-football","8":"tag-football","9":"tag-fr","10":"tag-france","11":"tag-sports","12":"tag-wolfsbourg-psg"},"share_on_mastodon":{"url":"https:\/\/pubeurope.com\/@fr\/115337044121154053","error":""},"_links":{"self":[{"href":"https:\/\/www.europesays.com\/fr\/wp-json\/wp\/v2\/posts\/446766","targetHints":{"allow":["GET"]}}],"collection":[{"href":"https:\/\/www.europesays.com\/fr\/wp-json\/wp\/v2\/posts"}],"about":[{"href":"https:\/\/www.europesays.com\/fr\/wp-json\/wp\/v2\/types\/post"}],"author":[{"embeddable":true,"href":"https:\/\/www.europesays.com\/fr\/wp-json\/wp\/v2\/users\/2"}],"replies":[{"embeddable":true,"href":"https:\/\/www.europesays.com\/fr\/wp-json\/wp\/v2\/comments?post=446766"}],"version-history":[{"count":0,"href":"https:\/\/www.europesays.com\/fr\/wp-json\/wp\/v2\/posts\/446766\/revisions"}],"wp:featuredmedia":[{"embeddable":true,"href":"https:\/\/www.europesays.com\/fr\/wp-json\/wp\/v2\/media\/446767"}],"wp:attachment":[{"href":"https:\/\/www.europesays.com\/fr\/wp-json\/wp\/v2\/media?parent=446766"}],"wp:term":[{"taxonomy":"category","embeddable":true,"href":"https:\/\/www.europesays.com\/fr\/wp-json\/wp\/v2\/categories?post=446766"},{"taxonomy":"post_tag","embeddable":true,"href":"https:\/\/www.europesays.com\/fr\/wp-json\/wp\/v2\/tags?post=446766"}],"curies":[{"name":"wp","href":"https:\/\/api.w.org\/{rel}","templated":true}]}}