{"id":446768,"date":"2025-10-08T06:06:12","date_gmt":"2025-10-08T06:06:12","guid":{"rendered":"https:\/\/www.europesays.com\/fr\/446768\/"},"modified":"2025-10-08T06:06:12","modified_gmt":"2025-10-08T06:06:12","slug":"victoria-beckham-revele-pourquoi-elle-ne-sourit-jamais-sur-les-photos","status":"publish","type":"post","link":"https:\/\/www.europesays.com\/fr\/446768\/","title":{"rendered":"Victoria Beckham r\u00e9v\u00e8le pourquoi elle ne sourit jamais sur les photos"},"content":{"rendered":"<p>Dans sa toute premi\u00e8re s\u00e9rie documentaire, diffus\u00e9e ce 9 octobre sur Netflix, la cr\u00e9atrice r\u00e9v\u00e8le la raison derri\u00e8re la suppos\u00e9e froideur qu\u2019elle affiche depuis plus de trente ans sur les tapis rouges. Et son \u00e9poux n\u2019y serait pas pour rien.<\/p>\n<p class=\"fig-paragraph\">\u00abJe vous assure qu\u2019il m\u2019arrive de sourire\u00bb, pr\u00e9vient\u00a0<a href=\"https:\/\/madame.lefigaro.fr\/tag\/victoria-beckham\" target=\"_blank\" data-fig-type=\"Keyword\" rel=\"sponsored noopener\" data-gtm-custom-categorie=\"navigation\" data-gtm-custom-action=\"crossclick\" data-gtm-custom-label=\"Contextuel\" data-gtm-event=\"customEventSPE\" data-fig-domain=\"MADAME\">Victoria Beckham<\/a>\u00a0d\u00e8s les premi\u00e8res minutes de sa s\u00e9rie documentaire diffus\u00e9e ce jeudi 9 octobre sur Netflix. Au cours de ces trois \u00e9pisodes d\u2019une cinquantaine de minutes, l\u2019inoubliable Posh Spice se livre, face cam\u00e9ra, sur les difficult\u00e9s qu\u2019elle a rencontr\u00e9es quand elle a d\u00e9cid\u00e9 d\u2019abandonner son costume de pop star pour poursuivre son v\u00e9ritable r\u00eave, celui de devenir cr\u00e9atrice de mode.<\/p>\n<p class=\"fig-paragraph\">Des flashbacks de ses concerts avec<a href=\"https:\/\/madame.lefigaro.fr\/tag\/spice-girls\" target=\"_blank\" data-fig-type=\"Keyword\" rel=\"sponsored noopener\" data-gtm-custom-categorie=\"navigation\" data-gtm-custom-action=\"crossclick\" data-gtm-custom-label=\"Contextuel\" data-gtm-event=\"customEventSPE\" data-fig-domain=\"MADAME\">\u00a0les Spice Girls\u00a0<\/a>et ses acolytes, Mel B, Mel C, Geri Halliwell et Emma Bunton se succ\u00e8dent, laissant un aper\u00e7u de la vie tourbillonnante qu\u2019elle menait au milieu des ann\u00e9es 1990, d\u00e9cennie d\u00e9terminante pendant laquelle elle a \u00e9galement rencontr\u00e9 l\u2019homme de sa vie\u00a0:\u00a0<a href=\"https:\/\/madame.lefigaro.fr\/tag\/david-beckham\" target=\"_blank\" data-fig-type=\"Keyword\" rel=\"sponsored noopener\" data-gtm-custom-categorie=\"navigation\" data-gtm-custom-action=\"crossclick\" data-gtm-custom-label=\"Contextuel\" data-gtm-event=\"customEventSPE\" data-fig-domain=\"MADAME\">la star du football David Beckham.\u00a0<\/a>P\u00e9tillante et enjou\u00e9e dans leur intimit\u00e9, la jeune Victoria se fermait totalement d\u00e8s que les objectifs se braquaient sur elle. \u00c0 chaque apparition publique, la chanteuse semblait froide, distante, une attitude tranchant avec la d\u00e9contraction de son boyfriend, qui multipliait les poses devant les photographes avec une aisance naturelle.<\/p>\n<p class=\"fig-body-link&#10;    \">\n            \u00c0 lire aussi<br \/>\n        <a class=\"fig-body-link__link\" href=\"http:\/\/madame.lefigaro.fr\/celebrites\/actu-people\/parler-des-spice-girls-a-ete-le-plus-difficile-comme-une-therapie-victoria-beckham-se-confie-sur-le-tournage-de-sa-serie-documentaire-20251006\" data-fig-type=\"Article\" data-gtm-custom-categorie=\"navigation\" data-gtm-custom-action=\"crossclick\" data-gtm-custom-label=\"Contextuel\" data-gtm-event=\"customEventSPE\" data-fig-domain=\"MADAME\" target=\"_blank\" rel=\"noopener\">\u00abParler des Spice Girls a \u00e9t\u00e9 le plus difficile, comme une th\u00e9rapie\u00bb\u00a0: Victoria Beckham se confie sur le tournage de sa s\u00e9rie documentaire<\/a>\n<\/p>\n<p>                                    <a class=\"fig-a11y-skip a11y-hidden\" href=\"#fig-a11y-skip-main-inarticle\"><br \/>\n        Passer la publicit\u00e9<br \/>\n    <\/a><\/p>\n<p>\u00abJe souris \u00e0 l\u2019int\u00e9rieur\u00bb<\/p>\n<p class=\"fig-paragraph\">Aujourd\u2019hui encore, Victoria Beckham estime avoir conserv\u00e9 cette image de femme hautaine, et l\u2019assume totalement. La preuve\u00a0? Dans le premier \u00e9pisode de sa s\u00e9rie, l\u2019ancienne chanteuse explique, au premier degr\u00e9 \u2013 mais de mani\u00e8re irr\u00e9sistiblement dr\u00f4le \u2013 pourquoi personne ne l\u2019a jamais vue sourire sur un tapis rouge. \u00abVous savez pourquoi j\u2019ai l\u2019air malheureuse sur les photos\u00a0?\u00bb, demande-t-elle de mani\u00e8re rh\u00e9torique \u00e0 ses deux amis, qui sont alors en train de la photographier, avec leurs iPhone, aux c\u00f4t\u00e9s de David, dans ce qui semble \u00eatre la cuisine de leur maison de campagne dans les\u00a0<a href=\"http:\/\/madame.lefigaro.fr\/celebrites\/actu-people\/les-cotswolds-cette-region-verdoyante-qui-ensorcelle-les-aristocrates-et-les-celebrites-20250222\" data-fig-type=\"Article\" data-gtm-custom-categorie=\"navigation\" data-gtm-custom-action=\"crossclick\" data-gtm-custom-label=\"Contextuel\" data-gtm-event=\"customEventSPE\" data-fig-domain=\"MADAME\" target=\"_blank\" rel=\"noopener\">Cotswolds<\/a>, reconnaissable \u00e0 son style rustique.<\/p>\n<p class=\"fig-paragraph\">L\u2019ex-footballeur est sur son 31, v\u00eatu d\u2019un smoking noir et d\u2019un n\u0153ud papillon assorti, nou\u00e9 en haut de sa chemise blanche. La cr\u00e9atrice, elle, porte une \u00e9l\u00e9gante robe en soie blanche, ses cheveux tir\u00e9s en arri\u00e8re, en queue-de-cheval. Ils sont attendus pour un \u00e9v\u00e9nement important, dans un \u00abpalais\u00bb, mais Victoria souhaite absolument mettre les choses au clair avant de partir. \u00abOn a un peu de temps pour \u00e7a\u00bb, assure-t-elle \u00e0 David, inquiet de ne pas \u00eatre \u00e0 l\u2019heure, avant de d\u00e9rouler son argumentaire d\u00e9sopilant\u00a0: \u00abDepuis toutes ces ann\u00e9es, chaque fois qu\u2019on est sur le tapis rouge, ce type se place \u00e0 ma gauche\u00bb, assure Victoria avec un air faussement indign\u00e9 et&#8230; dr\u00f4lissime. \u00abJe n\u2019avais pas conscience que quand je souris, eh oui, \u00e7a m\u2019arrive, je souris du c\u00f4t\u00e9 gauche, poursuit-elle. Car si je souris du c\u00f4t\u00e9 droit, je n\u2019ai pas l\u2019air bien&#8230;\u00bb.<\/p>\n<p class=\"fig-body-link&#10;    \">\n            \u00c0 lire aussi<br \/>\n        <a class=\"fig-body-link__link\" href=\"http:\/\/madame.lefigaro.fr\/celebrites\/actu-people\/david-beckham-partage-la-reaction-de-sa-mere-a-son-anoblissement-20250617\" data-fig-type=\"Article\" data-gtm-custom-categorie=\"navigation\" data-gtm-custom-action=\"crossclick\" data-gtm-custom-label=\"Contextuel\" data-gtm-event=\"customEventSPE\" data-fig-domain=\"MADAME\" target=\"_blank\" rel=\"noopener\">David Beckham partage la r\u00e9action de sa m\u00e8re \u00e0 son anoblissement<\/a>\n<\/p>\n<p class=\"fig-paragraph\">David Beckham, qui se trouve toujours \u00e0 c\u00f4t\u00e9 d\u2019elle, l\u00e8ve alors les yeux au ciel et sort du cadre de la cam\u00e9ra en l\u00e2chant un petit \u00abje m\u2019en vais\u00bb. Son \u00e9pouse, dans sa lanc\u00e9e, continue de parler comme si de rien n\u2019\u00e9tait et arrive (enfin) au bout de son raisonnement, pla\u00e7ant ses mains au niveau de son visage pour que son auditoire la comprenne bien\u00a0: \u00abJe souris \u00e0 l\u2019int\u00e9rieur mais personne ne le voit, et on dirait que je fais la t\u00eate\u00bb, d\u00e9plore-t-elle.<\/p>\n<p>Carapace<\/p>\n<p class=\"fig-paragraph\">Dans deuxi\u00e8me \u00e9pisode de son documentaire, Victoria Beckham revient sur son incapacit\u00e9 \u00e0 sourire face aux photographes. \u00abJe me souviens d\u2019une sortie avec Eva (<a href=\"https:\/\/madame.lefigaro.fr\/tag\/eva-longoria\" target=\"_blank\" data-fig-type=\"Keyword\" rel=\"sponsored noopener\" data-gtm-custom-categorie=\"navigation\" data-gtm-custom-action=\"crossclick\" data-gtm-custom-label=\"Contextuel\" data-gtm-event=\"customEventSPE\" data-fig-domain=\"MADAME\">Eva Longoria<\/a> , sa meilleure amie, NDLR). Il y avait plein de paparazzis. Eva se baladait comme si de rien n\u2019\u00e9tait et elle riait. Elle s\u2019en fichait, commente la cr\u00e9atrice de mode alors que ces images captur\u00e9es \u00e0 l\u2019improviste passent \u00e0 l\u2019\u00e9cran et que l\u2019on aper\u00e7oit le contraste entre son visage inexpressif et celui d\u2019Eva, lumineux et souriant. Moi, je ne lui parlais m\u00eame pas. Je ne voulais pas \u00eatre prise en photo\u00bb.<\/p>\n<p class=\"fig-paragraph\">La m\u00e8re de\u00a0<a href=\"https:\/\/madame.lefigaro.fr\/tag\/brooklyn-beckham\" target=\"_blank\" data-fig-type=\"Keyword\" rel=\"sponsored noopener\" data-gtm-custom-categorie=\"navigation\" data-gtm-custom-action=\"crossclick\" data-gtm-custom-label=\"Contextuel\" data-gtm-event=\"customEventSPE\" data-fig-domain=\"MADAME\">Brooklyn<\/a>, Romeo, Cruz et Harper explique qu\u2019elle se \u00abm\u00e9tamorphose\u00bb d\u00e8s qu\u2019elle se retrouve face \u00e0 un appareil photo, que ce soit \u00e0 la sortie d\u2019un restaurant ou sur un tapis rouge. \u00abJe me r\u00e9fugie dans ma carapace. J\u2019ai conscience que la \u201cpeau de vache qui ne sourit pas\u201d r\u00e9appara\u00eet \u00e0 ces moments-l\u00e0\u00bb, assure-t-elle, reprenant \u00e0 son compte et sans aucun m\u00e9nagement, les critiques qu\u2019elle endure depuis trente ans. Sa frustration est ici palpable\u00a0: Victoria Beckham aimerait \u00eatre comme son amie Eva Longoria, qui sourit dans n\u2019importe quelle circonstance, mais s\u2019en sent incapable \u00e0 cause de son manque de confiance en elle, comme elle l\u2019analyse elle-m\u00eame\u00a0: \u00abJe n\u2019aime pas \u00eatre cette personne J\u2019aimerais \u00eatre assez s\u00fbre de moi pour le faire mais je n\u2019y arrive pas\u00bb. En regardant son documentaire, on d\u00e9couvre pourtant une facette de sa personnalit\u00e9 bien \u00e9loign\u00e9e de cette suppos\u00e9e froideur et de ses ins\u00e9curit\u00e9s\u00a0: celle d\u2019une femme d\u00e9termin\u00e9e, \u00e0 l\u2019humour so British.<\/p>\n","protected":false},"excerpt":{"rendered":"Dans sa toute premi\u00e8re s\u00e9rie documentaire, diffus\u00e9e ce 9 octobre sur Netflix, la cr\u00e9atrice r\u00e9v\u00e8le la raison derri\u00e8re&hellip;\n","protected":false},"author":2,"featured_media":446769,"comment_status":"","ping_status":"","sticky":false,"template":"","format":"standard","meta":{"footnotes":""},"categories":[1359],"tags":[11193,58,59,1011,27,973,6482],"class_list":{"0":"post-446768","1":"post","2":"type-post","3":"status-publish","4":"format-standard","5":"has-post-thumbnail","7":"category-people","8":"tag-david-beckham","9":"tag-divertissement","10":"tag-entertainment","11":"tag-fr","12":"tag-france","13":"tag-people","14":"tag-victoria-beckham"},"share_on_mastodon":{"url":"https:\/\/pubeurope.com\/@fr\/115337047828832753","error":""},"_links":{"self":[{"href":"https:\/\/www.europesays.com\/fr\/wp-json\/wp\/v2\/posts\/446768","targetHints":{"allow":["GET"]}}],"collection":[{"href":"https:\/\/www.europesays.com\/fr\/wp-json\/wp\/v2\/posts"}],"about":[{"href":"https:\/\/www.europesays.com\/fr\/wp-json\/wp\/v2\/types\/post"}],"author":[{"embeddable":true,"href":"https:\/\/www.europesays.com\/fr\/wp-json\/wp\/v2\/users\/2"}],"replies":[{"embeddable":true,"href":"https:\/\/www.europesays.com\/fr\/wp-json\/wp\/v2\/comments?post=446768"}],"version-history":[{"count":0,"href":"https:\/\/www.europesays.com\/fr\/wp-json\/wp\/v2\/posts\/446768\/revisions"}],"wp:featuredmedia":[{"embeddable":true,"href":"https:\/\/www.europesays.com\/fr\/wp-json\/wp\/v2\/media\/446769"}],"wp:attachment":[{"href":"https:\/\/www.europesays.com\/fr\/wp-json\/wp\/v2\/media?parent=446768"}],"wp:term":[{"taxonomy":"category","embeddable":true,"href":"https:\/\/www.europesays.com\/fr\/wp-json\/wp\/v2\/categories?post=446768"},{"taxonomy":"post_tag","embeddable":true,"href":"https:\/\/www.europesays.com\/fr\/wp-json\/wp\/v2\/tags?post=446768"}],"curies":[{"name":"wp","href":"https:\/\/api.w.org\/{rel}","templated":true}]}}