{"id":446774,"date":"2025-10-08T06:09:10","date_gmt":"2025-10-08T06:09:10","guid":{"rendered":"https:\/\/www.europesays.com\/fr\/446774\/"},"modified":"2025-10-08T06:09:10","modified_gmt":"2025-10-08T06:09:10","slug":"qui-sont-les-invites-daugustin-2","status":"publish","type":"post","link":"https:\/\/www.europesays.com\/fr\/446774\/","title":{"rendered":"qui sont les invit\u00e9s d\u2019Augustin &#8230;"},"content":{"rendered":"<p>EN BREF<\/p>\n<ul class=\"bloc_resume_post_list\">\n<li>Le 8 octobre 2025, Augustin Trapenard accueille des<br \/>\nauteurs renomm\u00e9s dans La grande librairie.<\/li>\n<li>Javier Cercas, Matthieu Ricard et \u00c9ric-Emmanuel Schmitt<br \/>\npr\u00e9sentent leurs nouvelles \u0153uvres litt\u00e9raires.<\/li>\n<li>Une rencontre in\u00e9dite avec Dan Brown enrichit la soir\u00e9e<br \/>\nde r\u00e9flexions sur les myst\u00e8res du monde.<\/li>\n<\/ul>\n<p>Au fil des ann\u00e9es, <a href=\"https:\/\/www.telestar.fr\/actu_tv\/la-grande-librairie-france-5-qui-sont-les-invites-daugustin-trapenard-ce-1er-octobre-1740103\" target=\"_blank\" rel=\"noopener\"><br \/>\nLa grande libraire<\/a> s\u2019est impos\u00e9e comme <strong>l\u2019un<br \/>\ndes principaux rendez-vous culturels<\/strong> de la t\u00e9l\u00e9vision<br \/>\nfran\u00e7aise. Chaque semaine, plusieurs auteurs viennent pr\u00e9senter<br \/>\nleur dernier ouvrage. <a href=\"https:\/\/www.telestar.fr\/actu_tv\/augustin-trapenard-debarque-sur-rtl-va-t-il-arreter-la-grande-librairie-1729570\" target=\"_blank\" rel=\"noopener\"><br \/>\nAugustin Trapenard,<\/a> passionn\u00e9 de lecture, met un point<br \/>\nd\u2019honneur \u00e0 lire personnellement tous les livres des invit\u00e9s pour<br \/>\ngarantir la qualit\u00e9 et l\u2019authenticit\u00e9 des rencontres.<\/p>\n<p>Ce mercredi 8 octobre 2025, il r\u00e9unit sur le plateau de<br \/>\nl\u00a0\u00bb\u00e9mission des voix majeures de <a href=\"https:\/\/www.telestar.fr\/actu_tv\/la-grande-librairie-france-5-qui-sont-les-invites-daugustin-trapenard-ce-24-septembre-1739235\" target=\"_blank\" rel=\"noopener\"><br \/>\nla rentr\u00e9e litt\u00e9raire.<\/a> Il offre ainsi <a href=\"https:\/\/www.telestar.fr\/actu_tv\/la-grande-librairie-cette-demande-des-telespectateurs-de-france-5-a-augustin-trapenard-a-ete-entendue-1718675\" target=\"_blank\" rel=\"noopener\"><br \/>\naux t\u00e9l\u00e9spectateurs<\/a> un voyage entre r\u00e9cits romanesques,<br \/>\nm\u00e9ditations spirituelles et explorations du deuil. Un rendez-vous<br \/>\no\u00f9 litt\u00e9rature contemporaine, dialogues intimes et \u00e9clats d\u2019\u00e9motion<br \/>\nse croisent, \u00e0 travers des invit\u00e9s venus d\u2019horizons tr\u00e8s<br \/>\ndiff\u00e9rents, pour interroger <strong>les grandes questions<\/strong><br \/>\nde notre temps.<\/p>\n<p>Des auteurs prestigieux \u00e0 l\u2019honneur dans La grande<br \/>\nlibrairie<\/p>\n<p>Augustin Trapenard re\u00e7oit cinq invit\u00e9s ce mercredi 8 octobre<br \/>\ndans La grande libraire. Parmi eux, on retrouve<br \/>\n<strong>Javier Cercas<\/strong>, figure incontournable du roman<br \/>\neurop\u00e9en. Il vient pr\u00e9senter Le Fou de Dieu au bout du<br \/>\nmonde (Actes Sud), un livre qui entrem\u00eale qu\u00eate humaine et<br \/>\ntravers\u00e9e spirituelle. Il aborde pour la premi\u00e8re fois la libert\u00e9<br \/>\nd\u2019\u00e9crivain au c\u0153ur du Vatican. <strong>Matthieu Ricard<\/strong><br \/>\nsera \u00e9galement sur le plateau. Le moine bouddhiste et photographe<br \/>\nreconnu, vient \u00e9voquer Lumi\u00e8re (Allary), un ouvrage<br \/>\nphotographique et m\u00e9ditatif. Avec ce livre, il offre un regard<br \/>\nin\u00e9dit sur l\u2019infiniment grand comme sur l\u2019infiniment petit. Ces<br \/>\nclich\u00e9s invitent \u00e0 la contemplation et \u00e0 la r\u00e9flexion<br \/>\nint\u00e9rieure.<\/p>\n<p>De son c\u00f4t\u00e9, <strong>\u00c9ric-Emmanuel Schmitt<\/strong>, dramaturge<br \/>\net romancier \u00e0 succ\u00e8s, pr\u00e9sente son nouveau roman Les deux<br \/>\nroyaumes (Albin Michel). Il s&rsquo;agit d&rsquo;une m\u00e9ditation romanesque<br \/>\nsur la dualit\u00e9 humaine et la fronti\u00e8re entre le visible et<br \/>\nl\u2019invisible. A ses c\u00f4t\u00e9s, <strong>C\u00e9cile Guilbert,<\/strong><br \/>\ncritique et \u00e9crivaine, propose Feux sacr\u00e9s. Son essai<br \/>\npo\u00e9tique entre l\u2019Inde, la mort et la renaissance est une travers\u00e9e<br \/>\nintime des deuils. Enfin, <strong>Rebeka Warrior<\/strong>,<br \/>\nmusicienne et autrice, vient pour Toutes les vies. Son<br \/>\npremier roman virtuose explore l\u2019amour, le deuil et le cheminement<br \/>\nde l\u2019\u00e2me, \u00e0 travers une qu\u00eate de sens.<\/p>\n<p>La litt\u00e9rature m\u00eal\u00e9e aux r\u00e9flexions<br \/>\nexistentielles<\/p>\n<p>La soir\u00e9e s\u2019annonce \u00e9galement enrichie par un entretien<br \/>\n<strong>en coulisse avec Dan Brown<\/strong>, g\u00e9ant du thriller<br \/>\ninternational. Il vient pr\u00e9senter son ouvrage Le Secret des<br \/>\nsecrets. Cette rencontre exceptionnelle entre la litt\u00e9rature<br \/>\npopulaire et les \u00e9critures plus introspectives promet un dialogue<br \/>\nin\u00e9dit sur les diff\u00e9rentes mani\u00e8res de raconter le monde et ses<br \/>\nmyst\u00e8res.<\/p>\n<p>Ce num\u00e9ro du 8 octobre c\u00e9l\u00e8bre, dans la diversit\u00e9 <a href=\"https:\/\/www.closermag.fr\/people\/francois-morel-au-bord-des-larmes-dans-la-grande-librairie-une-sequence-dechirante-ou-il-sadresse-a-sa-femme-disparue-video-3580736\" target=\"_blank\" rel=\"noopener\"><br \/>\nde ses invit\u00e9s<\/a>, la capacit\u00e9 des livres \u00e0 questionner le<br \/>\npr\u00e9sent, \u00e0 bousculer les \u00e9vidences, \u00e0 \u00e9clairer des zones d\u2019ombre.<br \/>\nUne nouvelle fois, La grande librairie confirme sa place<br \/>\n<strong>d&rsquo;\u00e9mission culturelle<\/strong> sur la litt\u00e9rature<br \/>\ncontemporaine, o\u00f9 l\u2019on vient \u00e9couter, d\u00e9battre, s\u2019\u00e9mouvoir et<br \/>\nr\u00e9fl\u00e9chir ensemble.<\/p>\n","protected":false},"excerpt":{"rendered":"EN BREF Le 8 octobre 2025, Augustin Trapenard accueille des auteurs renomm\u00e9s dans La grande librairie. Javier Cercas,&hellip;\n","protected":false},"author":2,"featured_media":446775,"comment_status":"","ping_status":"","sticky":false,"template":"","format":"standard","meta":{"footnotes":""},"categories":[1356],"tags":[548,58,59,1011,27,44000,252,1364],"class_list":{"0":"post-446774","1":"post","2":"type-post","3":"status-publish","4":"format-standard","5":"has-post-thumbnail","7":"category-television","8":"tag-article-simple","9":"tag-divertissement","10":"tag-entertainment","11":"tag-fr","12":"tag-france","13":"tag-la-grande-librairie","14":"tag-television","15":"tag-tv"},"share_on_mastodon":{"url":"https:\/\/pubeurope.com\/@fr\/115337059595887168","error":""},"_links":{"self":[{"href":"https:\/\/www.europesays.com\/fr\/wp-json\/wp\/v2\/posts\/446774","targetHints":{"allow":["GET"]}}],"collection":[{"href":"https:\/\/www.europesays.com\/fr\/wp-json\/wp\/v2\/posts"}],"about":[{"href":"https:\/\/www.europesays.com\/fr\/wp-json\/wp\/v2\/types\/post"}],"author":[{"embeddable":true,"href":"https:\/\/www.europesays.com\/fr\/wp-json\/wp\/v2\/users\/2"}],"replies":[{"embeddable":true,"href":"https:\/\/www.europesays.com\/fr\/wp-json\/wp\/v2\/comments?post=446774"}],"version-history":[{"count":0,"href":"https:\/\/www.europesays.com\/fr\/wp-json\/wp\/v2\/posts\/446774\/revisions"}],"wp:featuredmedia":[{"embeddable":true,"href":"https:\/\/www.europesays.com\/fr\/wp-json\/wp\/v2\/media\/446775"}],"wp:attachment":[{"href":"https:\/\/www.europesays.com\/fr\/wp-json\/wp\/v2\/media?parent=446774"}],"wp:term":[{"taxonomy":"category","embeddable":true,"href":"https:\/\/www.europesays.com\/fr\/wp-json\/wp\/v2\/categories?post=446774"},{"taxonomy":"post_tag","embeddable":true,"href":"https:\/\/www.europesays.com\/fr\/wp-json\/wp\/v2\/tags?post=446774"}],"curies":[{"name":"wp","href":"https:\/\/api.w.org\/{rel}","templated":true}]}}