{"id":446778,"date":"2025-10-08T06:11:13","date_gmt":"2025-10-08T06:11:13","guid":{"rendered":"https:\/\/www.europesays.com\/fr\/446778\/"},"modified":"2025-10-08T06:11:13","modified_gmt":"2025-10-08T06:11:13","slug":"le-prochain-film-na-malheureusement-pas-change-de-realisateur-apparemment","status":"publish","type":"post","link":"https:\/\/www.europesays.com\/fr\/446778\/","title":{"rendered":"le prochain film n&rsquo;a malheureusement pas chang\u00e9 de r\u00e9alisateur, apparemment"},"content":{"rendered":"<p><strong>Annonc\u00e9 en 2023, <a href=\"https:\/\/www.ecranlarge.com\/films\/1480278-the-brave-and-the-bold\" data-type=\"films\" data-id=\"795986\" rel=\"nofollow noopener\" target=\"_blank\">Batman : The Brave &amp; the Bold<\/a> semble un peu patiner. Et la question \u00e9tait de savoir si le r\u00e9alisateur <a href=\"https:\/\/www.ecranlarge.com\/personnalite\/1360938-andy-muschietti\" data-type=\"people\" data-id=\"614805\" rel=\"nofollow noopener\" target=\"_blank\">Andy Muschietti<\/a> (<\/strong><strong>The Flash<\/strong><strong>, c\u2019est lui) \u00e9tait encore sur le coup\u2026<\/strong><\/p>\n<p>Le DCU chapeaut\u00e9 par <a href=\"https:\/\/www.ecranlarge.com\/personnalite\/652864-james-gunn-ii\" data-type=\"people\" data-id=\"304984\" rel=\"nofollow noopener\" target=\"_blank\">James Gunn<\/a> et <a href=\"https:\/\/www.ecranlarge.com\/personnalite\/703078-peter-safran\" data-type=\"people\" data-id=\"350491\" rel=\"nofollow noopener\" target=\"_blank\">Peter Safran<\/a>, les nouveaux patrons de DC Studios depuis fin 2022, est au centre de toutes les attentions \u2013 du moins de celles des fans de super-h\u00e9ros. Compar\u00e9e \u00e0 un MCU s\u00e9v\u00e8rement ronronnant (\u00e7a se sent dans les derniers r\u00e9sultats au box-office, n\u2019est-ce pas <strong>Captain America 4<\/strong>, <strong>Thunderbolts*<\/strong> et <strong>Les 4 Fantastiques<\/strong>), <strong>la proposition de James Gunn semblerait presque originale<\/strong>. Qu\u2019on aime ou pas son <strong><a href=\"https:\/\/www.ecranlarge.com\/films\/838499-superman\" data-type=\"films\" data-id=\"653928\" rel=\"nofollow noopener\" target=\"_blank\">Superman<\/a><\/strong>, force est de constater qu\u2019il donne le la d\u2019un DCU all\u00e9chant.<\/p>\n<p>                    <img decoding=\"async\" alt=\"\" class=\"wp-image-518375\" style=\"object-fit:cover;width:25px;height:25px\" src=\"https:\/\/www.ecranlarge.com\/content\/uploads\/2023\/09\/arrow-right-circle.svg\"\/><\/p>\n<p>Si <strong><a href=\"https:\/\/www.ecranlarge.com\/films\/1465788-supergirl-woman-of-tomorrow\" data-type=\"films\" data-id=\"795515\" rel=\"nofollow noopener\" target=\"_blank\">Supergirl <\/a><\/strong>et <strong><a href=\"https:\/\/www.ecranlarge.com\/films\/clayface\" data-type=\"films\" data-id=\"1254587\" rel=\"nofollow noopener\" target=\"_blank\">Clayface<\/a><\/strong> seront les prochaines sorties du DCU en 2026, tout le monde n\u2019a \u00e9videmment d\u2019yeux que pour<strong> la star de l\u2019\u00e9curie : Batman<\/strong>. En 2023, une nouvelle version, diff\u00e9rente du Batman incarn\u00e9 par Robert Pattinson, \u00e9tait annonc\u00e9e. Son nom : <strong>The Brave &amp; the Bold<\/strong>. Son r\u00e9alisateur, embauch\u00e9 quelques mois apr\u00e8s : Andy Muschietti (<strong>\u00c7a<\/strong>, <strong>The Flash<\/strong>). <\/p>\n<p>Sauf que, si on a r\u00e9cemment eu <a href=\"https:\/\/www.ecranlarge.com\/films\/news\/batman-changement-prochain-film-retour-robin-james-gunn\" data-type=\"link\" data-id=\"https:\/\/www.ecranlarge.com\/films\/news\/batman-changement-prochain-film-retour-robin-james-gunn\" rel=\"nofollow noopener\" target=\"_blank\">des nouvelles de ce prochain Batman et Robin<\/a>, le r\u00e9alisateur \u00e9tait lui rest\u00e9 dans l\u2019ombre, \u00e0 tel point qu\u2019on se demandait<strong> s\u2019il \u00e9tait toujours sur le coup.<\/strong> D\u00e9sol\u00e9 de vous le dire mais la r\u00e9ponse est oui, apparemment.<\/p>\n<p><img loading=\"lazy\" decoding=\"async\" width=\"1024\" height=\"576\" alt=\"\" src=\"https:\/\/www.europesays.com\/fr\/wp-content\/uploads\/2025\/10\/the-batman-robert-pattinson-1024x576-1.jpg\"  \/><\/p>\n<p>En ce moment, Batman reste prostr\u00e9 dans sa chambre \u00e0 \u00e9couter du Nirvana\u00a0DIS-MOI OUI, ANDY<\/p>\n<p><strong>Andy Muschietti<\/strong> <strong>l\u2019a confirm\u00e9 \u00e0 tous ceux qui en doutaient : il est toujours rattach\u00e9 au projet<\/strong> en tant que r\u00e9alisateur. Comme rapport\u00e9 par World of Reel, il l\u2019a confirm\u00e9 aupr\u00e8s d\u2019un fan, qui l\u2019a partag\u00e9 sur les r\u00e9seaux sociaux suite \u00e0 une petite discussion (photo \u00e0 l\u2019appui). A prendre avec des pincettes donc :<\/p>\n<blockquote class=\"wp-block-quote is-layout-flow wp-block-quote-is-layout-flow\">\n<p><strong>\u00ab\u00a0C\u2019est une bonne ou une mauvaise nouvelle selon ce que vous en pensez\u2026 Il est toujours attach\u00e9 \u00e0 la r\u00e9alisation du film. Le film n\u2019entrera pas tout de suite en production, particuli\u00e8rement avec The Batman Part II qui entre en production l\u2019ann\u00e9e prochaine.<\/strong><strong>\u00ab\u00a0<\/strong><\/p>\n<\/blockquote>\n<blockquote class=\"twitter-tweet\" data-width=\"550\" data-dnt=\"true\">\n<p lang=\"en\" dir=\"ltr\">So in the early hours last friday, I happened to meet Andy Muschietti at a Bar after I attended a concert and I did asked him some questions about Brave and the Bold<\/p>\n<p>(Thread) <a href=\"https:\/\/t.co\/m0khZd3JHN\" rel=\"nofollow\">pic.twitter.com\/m0khZd3JHN<\/a><\/p>\n<p>\u2014 The Gotham Knight (@Gotham2739) <a href=\"https:\/\/twitter.com\/Gotham2739\/status\/1972489030043677133?ref_src=twsrc%5Etfw\" target=\"_blank\" rel=\"noopener nofollow\">September 29, 2025<\/a><\/p><\/blockquote>\n<p>L\u2019AUTRE BATMAN<\/p>\n<p>Andy Muschietti a \u00e9t\u00e9 <strong>engag\u00e9 pour The Brave and The Bold en juin 2023<\/strong>, donc au tout d\u00e9but du lancement du DCU. Depuis, c\u2019\u00e9tait le silence radio, ce qui n\u2019est pas forc\u00e9ment normal \u00e0 Hollywood, surtout sur de tels projets.<\/p>\n<p>De longues ann\u00e9es, le cin\u00e9aste argentin a \u00e9t\u00e9<strong> <\/strong>le chouchou de Warner Bros. Pictures. Apr\u00e8s le succ\u00e8s horrifique de <strong>Mama<\/strong>, il a r\u00e9alis\u00e9 <strong>\u00c7a<\/strong> et sa suite, rapportant des b\u00e9n\u00e9fices consid\u00e9rables \u00e0 sa maison m\u00e8re (plus de 700 millions de dollars au box-office mondial pour un budget de 35-40 millions pour le premier film ; 473 millions pour un budget de 79 pour le second).<\/p>\n<p>Logiquement, il fut envisag\u00e9 pour tout un tas de projet \u2013 un remake des <strong>Ma\u00eetres de l\u2019univers<\/strong>, une adaptation live-action de <strong>L\u2019Attaque des Titans<\/strong> \u2013 et a finalement sign\u00e9 pour r\u00e9aliser <strong>The Flash<\/strong>. Fin de l\u2019\u00e9tat de gr\u00e2ce : flop retentissant en juin 2023, le film<strong> <\/strong>a fait perdre beaucoup d\u2019argent \u00e0 Warner. Or, le cin\u00e9aste avait \u00e9t\u00e9 annonc\u00e9 comme ma\u00eetre d\u2019\u0153uvre de <strong>The Brave and the Bold<\/strong> avant la catastrophe. Il n\u2019\u00e9tait donc pas s\u00fbr que sa participation n\u2019ait pas \u00e9t\u00e9, depuis, rendue caduque.<\/p>\n<p>                    <img decoding=\"async\" alt=\"\" class=\"wp-image-518375\" style=\"object-fit:cover;width:25px;height:25px\" src=\"https:\/\/www.ecranlarge.com\/content\/uploads\/2023\/09\/arrow-right-circle.svg\"\/><\/p>\n<p><a href=\"https:\/\/www.ecranlarge.com\/content\/uploads\/2023\/09\/the-flash-batman-superman-the-flash-tim-burton-est-revolte-contre-les-studios-1489625.png\" rel=\"nofollow noopener\" target=\"_blank\"><img loading=\"lazy\" decoding=\"async\" alt=\"The Flash : Batman, Superman, The Flash : Tim Burton est r\u00e9volt\u00e9 contre les studios\" class=\"wp-image-788931\" src=\"https:\/\/www.europesays.com\/fr\/wp-content\/uploads\/2025\/10\/the-flash-batman-superman-the-flash-tim-burton-est-revolte-contre-les-studios-1489625-630x295.png\" width=\"630\" height=\"295\"  \/><\/a>Dans The Flash, Muschietti avait d\u00e9j\u00e0 mis en sc\u00e8ne le chevalier noir<\/p>\n<p>La prochaine incertitude se porte sur <strong>la cohabitation entre ce Batman et celui de Matt Reeves<\/strong>. Eh oui, depuis 1989 et le <strong>Batman <\/strong>de Tim Burton, l\u2019homme chauve-souris a connu pas mal d\u2019incarnations au cin\u00e9ma : Michael Keaton, Val Kilmer, George Clooney, Christian Bale\u2026 C\u2019est beaucoup, mais, tel James Bond, ils se succ\u00e9daient. Et il y en aura <strong>un nouveau dans<\/strong> <strong>The Brave and the Bold<\/strong>.<\/p>\n<p>James Gunn a d\u00e9j\u00e0 expliqu\u00e9 que ce n\u2019\u00e9tait pas une mince affaire de lancer un nouveau Batman. Le d\u00e9veloppement est particuli\u00e8rement compliqu\u00e9, et l\u2019intrigue a \u00e9volu\u00e9 depuis l\u2019annonce en 2023 : ce ne sera plus forc\u00e9ment <strong>l\u2019histoire de Batman et son fils Damian, qui prend l\u2019identit\u00e9 de Robin<\/strong> pour l\u2019accompagner\u2026 mais tout reste encore tr\u00e8s myst\u00e9rieux.<\/p>\n<p>De son c\u00f4t\u00e9, Matt Reeves avance. Apr\u00e8s pas mal de retard, <strong>The Batman : Part II<\/strong> devrait enfin entrer en tournage d\u00e9but 2026, avec <strong>une sortie pr\u00e9vue pour octobre 2027.<\/strong> Nul doute que d\u2019ici l\u00e0, <strong>The Brave and the Bold<\/strong> aura pris forme. Ou aura \u00e9t\u00e9 annul\u00e9, si besoin.<\/p>\n<p>    <script async src=\"https:\/\/platform.twitter.com\/widgets.js\" charset=\"utf-8\"><\/script><\/p>\n","protected":false},"excerpt":{"rendered":"Annonc\u00e9 en 2023, Batman : The Brave &amp; the Bold semble un peu patiner. Et la question \u00e9tait&hellip;\n","protected":false},"author":2,"featured_media":446779,"comment_status":"","ping_status":"","sticky":false,"template":"","format":"standard","meta":{"footnotes":""},"categories":[1354],"tags":[58,59,1346,1011,27,1360],"class_list":{"0":"post-446778","1":"post","2":"type-post","3":"status-publish","4":"format-standard","5":"has-post-thumbnail","7":"category-films","8":"tag-divertissement","9":"tag-entertainment","10":"tag-films","11":"tag-fr","12":"tag-france","13":"tag-movies"},"share_on_mastodon":{"url":"https:\/\/pubeurope.com\/@fr\/115337068094312274","error":""},"_links":{"self":[{"href":"https:\/\/www.europesays.com\/fr\/wp-json\/wp\/v2\/posts\/446778","targetHints":{"allow":["GET"]}}],"collection":[{"href":"https:\/\/www.europesays.com\/fr\/wp-json\/wp\/v2\/posts"}],"about":[{"href":"https:\/\/www.europesays.com\/fr\/wp-json\/wp\/v2\/types\/post"}],"author":[{"embeddable":true,"href":"https:\/\/www.europesays.com\/fr\/wp-json\/wp\/v2\/users\/2"}],"replies":[{"embeddable":true,"href":"https:\/\/www.europesays.com\/fr\/wp-json\/wp\/v2\/comments?post=446778"}],"version-history":[{"count":0,"href":"https:\/\/www.europesays.com\/fr\/wp-json\/wp\/v2\/posts\/446778\/revisions"}],"wp:featuredmedia":[{"embeddable":true,"href":"https:\/\/www.europesays.com\/fr\/wp-json\/wp\/v2\/media\/446779"}],"wp:attachment":[{"href":"https:\/\/www.europesays.com\/fr\/wp-json\/wp\/v2\/media?parent=446778"}],"wp:term":[{"taxonomy":"category","embeddable":true,"href":"https:\/\/www.europesays.com\/fr\/wp-json\/wp\/v2\/categories?post=446778"},{"taxonomy":"post_tag","embeddable":true,"href":"https:\/\/www.europesays.com\/fr\/wp-json\/wp\/v2\/tags?post=446778"}],"curies":[{"name":"wp","href":"https:\/\/api.w.org\/{rel}","templated":true}]}}