{"id":446803,"date":"2025-10-08T06:27:09","date_gmt":"2025-10-08T06:27:09","guid":{"rendered":"https:\/\/www.europesays.com\/fr\/446803\/"},"modified":"2025-10-08T06:27:09","modified_gmt":"2025-10-08T06:27:09","slug":"deux-locataires-hospitalises-pour-avoir-inhale-des-fumees-toxiques","status":"publish","type":"post","link":"https:\/\/www.europesays.com\/fr\/446803\/","title":{"rendered":"deux locataires hospitalis\u00e9s pour avoir inhal\u00e9 des fum\u00e9es toxiques"},"content":{"rendered":"<p>            Par<br \/>\n        <strong><br \/>\n            <a href=\"https:\/\/actu.fr\/auteur\/jm-aubert\" title=\"Consulter tous les articles de Jean-Marc Aubert\" rel=\"nofollow noopener\" target=\"_blank\">Jean-Marc Aubert<\/a><br \/>\n        <\/strong><\/p>\n<p>        Publi\u00e9 le<\/p>\n<p>            8 oct. 2025 \u00e0 7h51        <\/p>\n<p>Un <strong>compteur \u00e9lectrique en feu<\/strong> avec le d\u00e9gagement de <strong>fum\u00e9es toxiques<\/strong> a entra\u00een\u00e9 l\u2019\u00e9vacuation de cinq locataires, dont un par l\u2019\u00e9chelle \u00e0 coulisses, dans la nuit de mardi 7 \u00e0 ce mercredi 8 octobre 2025, dans un immeuble d\u2019un \u00e9tage du quartier de Figuerolles, \u00e0 <strong>Montpellier<\/strong>.<\/p>\n<p>    <a href=\"https:\/\/www.google.com\/maps\/embed?pb=!1m18!1m12!1m3!1d2007.7473389636334!2d3.862007040174465!3d43.606233874538674!2m3!1f0!2f0!3f0!3m2!1i1024!2i768!4f13.1!3m3!1m2!1s0x12b6ae5361d125e9%3A0x1d2323dbd8b6490d!2sRue%20Legendre%20H%C3%A9rail%2C%2034070%20Montpellier!5e0!3m2!1sfr!2sfr!4v1759902485745!5m2!1sfr!2sfr\" title=\"Ouvrie le lien\" rel=\"nofollow noopener\" target=\"_blank\">Cliquez ici pour visualiser le contenu<\/a><\/p>\n<p class=\" wall-content\">L\u2019intervention des sapeurs-pompiers du <strong>Sdis 34<\/strong> s\u2019est d\u00e9roul\u00e9e dans la rue Legendre H\u00e9rail, avec le bilan de deux femmes l\u00e9g\u00e8rement\u00a7rament bless\u00e9es, en raison d\u2019inhalation de fum\u00e9es dans des appartements du rez-de-chauss\u00e9e. \u00c2g\u00e9es de 20 et 50 ans, elles ont \u00e9t\u00e9 transport\u00e9es aux urgences de l\u2019h\u00f4pital Lapeyronie pour des examens de contr\u00f4le.<\/p>\n<p class=\" wall-content\">Parmi les personnes \u00e9vacu\u00e9es, mais indemnes figurent une locataire \u00e2g\u00e9e de 22 ans et un r\u00e9sident \u00e2g\u00e9 de 17 ans qui vont devoir \u00eatre relog\u00e9s en raison des dommages provoqu\u00e9s dans les logements par les fum\u00e9es.<\/p>\n<p class=\" wall-content\">La\u00a0<strong>police<\/strong> nationale et municipale \u00e9taient sur place. Une enqu\u00eate est ouverte pour d\u00e9terminer l\u2019origine de cet incendie, pour l\u2019heure ind\u00e9termin\u00e9e.<\/p>\n<p class=\" wall-content\">Personnalisez votre actualit\u00e9 en ajoutant vos villes et m\u00e9dias en favori avec <a href=\"https:\/\/moncompte.actu.fr\" title=\"D\u00e9couvez Mon Actu\" rel=\"nofollow noopener\" data-trk=\"{&quot;cta&quot;:{&quot;action&quot;:&quot;https:\\\/\\\/moncompte.actu.fr&quot;,&quot;category&quot;:&quot;mon compte&quot;,&quot;from&quot;:&quot;article footer&quot;,&quot;name&quot;:&quot;Mon actu&quot;,&quot;type&quot;:&quot;cta&quot;}}\" target=\"_blank\">Mon Actu<\/a>.<\/p>\n","protected":false},"excerpt":{"rendered":"Par Jean-Marc Aubert Publi\u00e9 le 8 oct. 2025 \u00e0 7h51 Un compteur \u00e9lectrique en feu avec le d\u00e9gagement&hellip;\n","protected":false},"author":2,"featured_media":446804,"comment_status":"","ping_status":"","sticky":false,"template":"","format":"standard","meta":{"footnotes":""},"categories":[9599],"tags":[1111,11,1777,674,118,1011,27,1310,2208,12,2680,1072,1311,25],"class_list":{"0":"post-446803","1":"post","2":"type-post","3":"status-publish","4":"format-standard","5":"has-post-thumbnail","7":"category-montpellier","8":"tag-actu","9":"tag-actualites","10":"tag-eu","11":"tag-europe","12":"tag-faits-divers","13":"tag-fr","14":"tag-france","15":"tag-incendie","16":"tag-montpellier","17":"tag-news","18":"tag-occitanie","19":"tag-police","20":"tag-pompiers","21":"tag-republique-francaise"},"share_on_mastodon":{"url":"https:\/\/pubeurope.com\/@fr\/115337130443075977","error":""},"_links":{"self":[{"href":"https:\/\/www.europesays.com\/fr\/wp-json\/wp\/v2\/posts\/446803","targetHints":{"allow":["GET"]}}],"collection":[{"href":"https:\/\/www.europesays.com\/fr\/wp-json\/wp\/v2\/posts"}],"about":[{"href":"https:\/\/www.europesays.com\/fr\/wp-json\/wp\/v2\/types\/post"}],"author":[{"embeddable":true,"href":"https:\/\/www.europesays.com\/fr\/wp-json\/wp\/v2\/users\/2"}],"replies":[{"embeddable":true,"href":"https:\/\/www.europesays.com\/fr\/wp-json\/wp\/v2\/comments?post=446803"}],"version-history":[{"count":0,"href":"https:\/\/www.europesays.com\/fr\/wp-json\/wp\/v2\/posts\/446803\/revisions"}],"wp:featuredmedia":[{"embeddable":true,"href":"https:\/\/www.europesays.com\/fr\/wp-json\/wp\/v2\/media\/446804"}],"wp:attachment":[{"href":"https:\/\/www.europesays.com\/fr\/wp-json\/wp\/v2\/media?parent=446803"}],"wp:term":[{"taxonomy":"category","embeddable":true,"href":"https:\/\/www.europesays.com\/fr\/wp-json\/wp\/v2\/categories?post=446803"},{"taxonomy":"post_tag","embeddable":true,"href":"https:\/\/www.europesays.com\/fr\/wp-json\/wp\/v2\/tags?post=446803"}],"curies":[{"name":"wp","href":"https:\/\/api.w.org\/{rel}","templated":true}]}}