{"id":446807,"date":"2025-10-08T06:29:10","date_gmt":"2025-10-08T06:29:10","guid":{"rendered":"https:\/\/www.europesays.com\/fr\/446807\/"},"modified":"2025-10-08T06:29:10","modified_gmt":"2025-10-08T06:29:10","slug":"ce-trou-dans-la-raquette-de-la-gratuite-des-transports-pour-les-moins-de-18-ans-a-rouen","status":"publish","type":"post","link":"https:\/\/www.europesays.com\/fr\/446807\/","title":{"rendered":"Ce trou dans la raquette de la gratuit\u00e9 des transports pour les moins de 18 ans \u00e0 Rouen"},"content":{"rendered":"<p>            Par<br \/>\n        <strong><br \/>\n            <a href=\"https:\/\/actu.fr\/auteur\/fmass\" title=\"Consulter tous les articles de Fabien Massin\" target=\"_blank\" rel=\"noopener\">Fabien Massin<\/a><br \/>\n        <\/strong><\/p>\n<p>        Publi\u00e9 le<\/p>\n<p>            8 oct. 2025 \u00e0 8h12        <\/p>\n<p>Les d\u00e9tenteurs d\u2019un abonnement sur le <a href=\"https:\/\/actu.fr\/tag\/reseau-astuce-tcar\" target=\"_blank\" rel=\"noopener\">r\u00e9seau Astuce<\/a>, les transports en commun de l\u2019agglo de <a href=\"https:\/\/actu.fr\/normandie\/rouen_76540\" target=\"_blank\" rel=\"noopener\">Rouen (Seine-Maritime)<\/a>, peuvent voyager sur les trains Nomad entre les huit gares de la M\u00e9tropole* \u2014 et uniquement sur le territoire m\u00e9tropolitain \u2014, <strong>sans avoir \u00e0 acheter de titre suppl\u00e9mentaire<\/strong>. <a href=\"https:\/\/actu.fr\/normandie\/rouen_76540\/prendre-le-train-avec-son-abonnement-de-bus-c-est-pour-bientot-a-rouen_61128827.html\" target=\"_blank\" rel=\"noopener\">Un dispositif en vigueur depuis septembre 2024<\/a>, mis en place conjointement par la R\u00e9gion Normandie, la M\u00e9tropole de Rouen et la SNCF. Mais les plus jeunes, les moins de 18 ans qui depuis le mois de septembre 2025 b\u00e9n\u00e9ficient de la gratuit\u00e9 sur le r\u00e9seau Astuce, <strong>doivent eux payer un billet sous peine d\u2019\u00eatre verbalis\u00e9s<\/strong>. Explications.\u00a0<\/p>\n<p>\u00ab\u00a0Une avanc\u00e9e majeure\u00a0\u00bb et \u00ab\u00a0la douche froide\u00a0\u00bb<\/p>\n<p class=\" wall-content\">\u00ab\u00a0Il y a un an, <strong>nous applaudissions une avanc\u00e9e majeure<\/strong> : la gratuit\u00e9 des trains pour les abonn\u00e9s Astuce entre les huit gares de l\u2019agglom\u00e9ration rouennaise, gr\u00e2ce \u00e0 un accord entre la R\u00e9gion Normandie et la M\u00e9tropole Rouen Normandie, souligne Jean-Louis Dalibert, pr\u00e9sident de l\u2019association SOS Gares. Une belle \u00e9tape vers le Service Express R\u00e9gional M\u00e9tropolitain (SERM), symbole d\u2019une mobilit\u00e9 int\u00e9gr\u00e9e, fluide et accessible \u00e0 tous.\u00a0\u00bb<\/p>\n<blockquote class=\"ac-article-quote wall-content\">\n<p>Mais aujourd\u2019hui, c\u2019est la douche froide ! \u00c0 partir de la rentr\u00e9e 2025, les moins de 18 ans b\u00e9n\u00e9ficieront de la gratuit\u00e9 sur le r\u00e9seau Astuce\u2026 mais pas sur les trains ! Pourquoi ? Parce que la R\u00e9gion refuse de l\u2019\u00e9tendre, alors m\u00eame que c\u2019est la M\u00e9tropole qui compense financi\u00e8rement la SNCF. Une d\u00e9cision injuste et incompr\u00e9hensible qui p\u00e9nalise les jeunes et brise la dynamique d\u2019int\u00e9gration tarifaire.<\/p>\n<p>    <strong>Jean-Louis Dalibert<\/strong><br \/>\n        Pr\u00e9sident de l&rsquo;association SOS Gares    <\/p><\/blockquote>\n<p class=\" wall-content\">Interrog\u00e9 sur le sujet, <strong>Cyrille Moreau, vice-pr\u00e9sident de la M\u00e9tropole Rouen Normandie<\/strong> en charge des transports, dit \u00ab\u00a0regretter\u00a0\u00bb cette situation. \u00ab\u00a0On sait que peu de personnes sont r\u00e9ellement concern\u00e9es.<strong> Mais c\u2019est un choix politique de la R\u00e9gion, qui par principe ne veut pas de gratuit\u00e9 sur son r\u00e9seau<\/strong>. On peut le regretter, car \u00e7a n\u2019est m\u00eame pas une question financi\u00e8re, l\u2019int\u00e9gration tarifaire dans le dispositif est pay\u00e9e \u00e0 100 % par la M\u00e9tropole, et son extension aux moins de 18 ans l\u2019aurait \u00e9t\u00e9 \u00e9galement.\u00a0\u00bb<\/p>\n<p>Pas de gratuit\u00e9 mais d\u2019autres dispositifs d\u2019int\u00e9gration<\/p>\n<p class=\" wall-content\">\u00c9galement interrog\u00e9e sur ce dossier, la R\u00e9gion Normandie justifie son choix : \u00ab\u00a0Pour rappel, la R\u00e9gion Normandie est l\u2019autorit\u00e9 en charge de l\u2019organisation et du financement des services de transport ferroviaire de voyageurs sur son territoire. C\u2019est elle qui d\u00e9cide des tarifs applicables sur le r\u00e9seau Nomad Train. \u00c0 date, la collectivit\u00e9 r\u00e9gionale<strong> exp\u00e9rimente plusieurs dispositifs d\u2019int\u00e9gration tarifaire \u00e0 bord de ses trains<\/strong> mais n\u2019accepte pas de titres gratuits.\u00a0\u00bb<\/p>\n<p class=\" wall-content\">Ainsi, cette gratuit\u00e9 de l\u2019abonnement Astuce pour les -18 ans n\u2019est pas valable \u00e0 bord des trains et cars Nomad du p\u00e9rim\u00e8tre de la M\u00e9tropole de Rouen. Si un jeune de moins de 18 ans veut utiliser le train sur l\u2019une des huit gares de la m\u00e9tropole,<strong> il a la possibilit\u00e9 de prendre le billet jeune -50%<\/strong> (s\u2019il effectue moins de cinq allers-retours par mois) ou <strong>l\u2019abonnement Tempo -26 ans<\/strong> (plus de cinq allers-retours par mois).\u00a0\u00bb<\/p>\n<p>Comment \u00e7a marche ?<\/p>\n<p>La R\u00e9gion Normandie rappelle le fonctionnement de l&rsquo;utilisation de l&rsquo;abonnement Astuce dans les gares SNCF du territoire m\u00e9tropolitain. <br \/>\u00ab\u00a0Depuis septembre 2024, la R\u00e9gion Normandie et la M\u00e9tropole Rouen Normandie (MRN), avec le soutien de SNCF Voyageurs, ont sign\u00e9 une convention pour la mise en place d\u2019un dispositif d\u2019int\u00e9gration tarifaire permettant aux voyageurs munis d\u2019un abonnement Astuce h\u00e9berg\u00e9 sur m-ticket My Astuce de monter \u00e0 bord des trains Nomad circulant entre les 8 gares du ressort m\u00e9tropolitain. L\u2019objectif de ce dispositif est de faciliter et d\u00e9velopper l\u2019intermodalit\u00e9 entre les deux r\u00e9seaux de transport.<br \/>Pour des questions techniques li\u00e9es \u00e0 la validation, il n\u2019est pas possible d\u2019utiliser les abonnements charg\u00e9s sur une carte \u00e0 bord des trains sur le p\u00e9rim\u00e8tre de 8 gares SNCF se trouvant dans la m\u00e9tropole de Rouen, comme expliqu\u00e9 sur cette page : https:\/\/www.ter.sncf.com\/normandie\/services-contacts\/billets-partenaires\/astuce. C\u2019est pourquoi depuis le d\u00e9but de ce dispositif, les abonn\u00e9s doivent utiliser le m-ticket My Astuce. \u00bb<\/p>\n<p>Votre r\u00e9gion, votre actu !<\/p>\n<p>Recevez chaque jour les infos qui comptent pour vous.<\/p>\n<p>\t<a href=\"https:\/\/actu.fr\/newsletter\" class=\"ac-btn ac-btn--corner ac-btn--medium ac-btn--blue800\" target=\"_blank\" rel=\"noopener\">S&rsquo;incrire<\/a><\/p>\n<p class=\" wall-content\">*(Rouen, Maromme, Malaunay-Le Houlme, Sotteville-l\u00e8s-Rouen, Saint-\u00c9tienne-les-Rouvray, Oissel, Tourville-la-Rivi\u00e8re et Elbeuf Saint-Aubin)<\/p>\n<p>Suivez l\u2019actualit\u00e9 de Rouen sur notre<a href=\"https:\/\/www.whatsapp.com\/channel\/0029VaKfnf99hXF2ddApFB1D\" target=\"_blank\" rel=\"noopener\"> cha\u00eene WhatsApp<\/a> et sur notre <a href=\"https:\/\/www.tiktok.com\/@76actu.fr?lang=fr\" target=\"_blank\" rel=\"noopener\">compte TikTok<\/a><\/p>\n<p class=\" wall-content\">Personnalisez votre actualit\u00e9 en ajoutant vos villes et m\u00e9dias en favori avec <a href=\"https:\/\/moncompte.actu.fr\" title=\"D\u00e9couvez Mon Actu\" rel=\"nofollow noopener\" data-trk=\"{&quot;cta&quot;:{&quot;action&quot;:&quot;https:\\\/\\\/moncompte.actu.fr&quot;,&quot;category&quot;:&quot;mon compte&quot;,&quot;from&quot;:&quot;article footer&quot;,&quot;name&quot;:&quot;Mon actu&quot;,&quot;type&quot;:&quot;cta&quot;}}\" target=\"_blank\">Mon Actu<\/a>.<\/p>\n<p>                    <script async src=\"\/\/www.tiktok.com\/embed.js\"><\/script><\/p>\n","protected":false},"excerpt":{"rendered":"Par Fabien Massin Publi\u00e9 le 8 oct. 2025 \u00e0 8h12 Les d\u00e9tenteurs d\u2019un abonnement sur le r\u00e9seau Astuce,&hellip;\n","protected":false},"author":2,"featured_media":446808,"comment_status":"","ping_status":"","sticky":false,"template":"","format":"standard","meta":{"footnotes":""},"categories":[9587],"tags":[1111,11,1777,674,1011,27,9725,12,5161,13095,25,9590,2215,104],"class_list":{"0":"post-446807","1":"post","2":"type-post","3":"status-publish","4":"format-standard","5":"has-post-thumbnail","7":"category-rouen","8":"tag-actu","9":"tag-actualites","10":"tag-eu","11":"tag-europe","12":"tag-fr","13":"tag-france","14":"tag-metropole-rouen","15":"tag-news","16":"tag-normandie","17":"tag-region-normandie","18":"tag-republique-francaise","19":"tag-rouen","20":"tag-sncf","21":"tag-societe"},"share_on_mastodon":{"url":"https:\/\/pubeurope.com\/@fr\/115337138373358857","error":""},"_links":{"self":[{"href":"https:\/\/www.europesays.com\/fr\/wp-json\/wp\/v2\/posts\/446807","targetHints":{"allow":["GET"]}}],"collection":[{"href":"https:\/\/www.europesays.com\/fr\/wp-json\/wp\/v2\/posts"}],"about":[{"href":"https:\/\/www.europesays.com\/fr\/wp-json\/wp\/v2\/types\/post"}],"author":[{"embeddable":true,"href":"https:\/\/www.europesays.com\/fr\/wp-json\/wp\/v2\/users\/2"}],"replies":[{"embeddable":true,"href":"https:\/\/www.europesays.com\/fr\/wp-json\/wp\/v2\/comments?post=446807"}],"version-history":[{"count":0,"href":"https:\/\/www.europesays.com\/fr\/wp-json\/wp\/v2\/posts\/446807\/revisions"}],"wp:featuredmedia":[{"embeddable":true,"href":"https:\/\/www.europesays.com\/fr\/wp-json\/wp\/v2\/media\/446808"}],"wp:attachment":[{"href":"https:\/\/www.europesays.com\/fr\/wp-json\/wp\/v2\/media?parent=446807"}],"wp:term":[{"taxonomy":"category","embeddable":true,"href":"https:\/\/www.europesays.com\/fr\/wp-json\/wp\/v2\/categories?post=446807"},{"taxonomy":"post_tag","embeddable":true,"href":"https:\/\/www.europesays.com\/fr\/wp-json\/wp\/v2\/tags?post=446807"}],"curies":[{"name":"wp","href":"https:\/\/api.w.org\/{rel}","templated":true}]}}