{"id":446811,"date":"2025-10-08T06:31:22","date_gmt":"2025-10-08T06:31:22","guid":{"rendered":"https:\/\/www.europesays.com\/fr\/446811\/"},"modified":"2025-10-08T06:31:22","modified_gmt":"2025-10-08T06:31:22","slug":"voici-quelles-sont-les-routes-surveillees","status":"publish","type":"post","link":"https:\/\/www.europesays.com\/fr\/446811\/","title":{"rendered":"voici quelles sont les routes surveill\u00e9es"},"content":{"rendered":"<p style=\"text-align: justify;\">Depuis ce samedi 4 octobre, <a href=\"https:\/\/www.ledauphine.com\/faits-divers-justice\/2025\/09\/25\/isere-securite-routiere-les-voitures-radar-bientot-deployees-en-isere\" target=\"_blank\" rel=\"noopener\">les voitures radars ont \u00e9t\u00e9 d\u00e9ploy\u00e9es<\/a> en Is\u00e8re. Il s&rsquo;agit de v\u00e9hicules banalis\u00e9s embarquant des appareils de contr\u00f4le de vitesse, conduits par des gendarmes ou des policiers en uniforme ou encore par <a href=\"https:\/\/www.ledauphine.com\/societe\/2025\/09\/10\/voitures-radar-privees-ce-que-l-on-sait-de-ces-sulfateuses-bientot-sur-nos-routes\" target=\"_blank\" rel=\"noopener\">des salari\u00e9s d\u2019entreprises priv\u00e9es<\/a> retenues par l\u2019\u00c9tat\u00a0dans le cadre de march\u00e9s publics. Ces voitures contr\u00f4lent les v\u00e9hicules qu\u2019elles croisent (sauf en cas de pr\u00e9sence d\u2019un s\u00e9parateur central) et ceux qui les doublent (jusqu\u2019\u00e0 trois voies sur sa gauche) et peuvent \u00e9galement \u00eatre utilis\u00e9es \u00e0 l\u2019arr\u00eat, sur le bord des axes routiers.<\/p>\n<p>La marge technique de ces radars\u00a0est de 10 km\/h pour les limitations de vitesse inf\u00e9rieures \u00e0 100 km\/h et de 10 % pour les limitations de vitesse sup\u00e9rieures \u00e0 100 km\/h, soit le double de celle des radars fixes. Non signal\u00e9s, ces syst\u00e8mes sont int\u00e9gr\u00e9s dans des v\u00e9hicules banalis\u00e9s et utilisent un flash infrarouge, invisible pour les usagers.<\/p>\n<p style=\"text-align: justify;\">\u00a0<\/p>\n<p>  Les autoroutes ne sont pas concern\u00e9es<\/p>\n<p>Les parcours r\u00e9alis\u00e9s et les plages horaires de contr\u00f4le sont fix\u00e9s par les services de l\u2019\u00c9tat, en fonction des crit\u00e8res d\u2019accidentalit\u00e9 locale, principalement sur les portions de route o\u00f9 sont relev\u00e9es des vitesses excessives qui sont \u00e0 l\u2019origine d\u2019accidents.<\/p>\n<p>Les autoroutes ne sont pas concern\u00e9es. En Is\u00e8re, les contr\u00f4les vont donc se concentrer sur les d\u00e9partementales, comme la RD1075 au sud de Grenoble ou la RD 1006 en Nord-Is\u00e8re.<\/p>\n<p><strong>D\u00e9couvrez, ci-dessous, notre carte interactive des axes routiers concern\u00e9s dans le d\u00e9partement. Vous pouvez zoomer et cliquer sur chaque tron\u00e7on.\u00a0<\/strong><\/p>\n","protected":false},"excerpt":{"rendered":"Depuis ce samedi 4 octobre, les voitures radars ont \u00e9t\u00e9 d\u00e9ploy\u00e9es en Is\u00e8re. Il s&rsquo;agit de v\u00e9hicules banalis\u00e9s&hellip;\n","protected":false},"author":2,"featured_media":446812,"comment_status":"","ping_status":"","sticky":false,"template":"","format":"standard","meta":{"footnotes":""},"categories":[9566],"tags":[1111,11,2430,12919,12163,115,112,113,116,111,114,1777,674,274,107,1011,27,2731,108,12,25,273,104,1584],"class_list":{"0":"post-446811","1":"post","2":"type-post","3":"status-publish","4":"format-standard","5":"has-post-thumbnail","7":"category-grenoble","8":"tag-actu","9":"tag-actualites","10":"tag-auvergne-rhone-alpes","11":"tag-bourgoin-jallieu","12":"tag-data","13":"tag-edition-bourgoin-jallieu-nord-dauphine","14":"tag-edition-grenoble-agglomeration","15":"tag-edition-gresivaudan-oisans","16":"tag-edition-la-tour-du-pin-nord-dauphine","17":"tag-edition-vienne-roussillon","18":"tag-edition-voiron-saint-marcellin","19":"tag-eu","20":"tag-europe","21":"tag-faits-divers-justice","22":"tag-fil-info","23":"tag-fr","24":"tag-france","25":"tag-grenoble","26":"tag-isere","27":"tag-news","28":"tag-republique-francaise","29":"tag-selection-de-la-redaction","30":"tag-societe","31":"tag-vienne"},"share_on_mastodon":{"url":"https:\/\/pubeurope.com\/@fr\/115337146258097989","error":""},"_links":{"self":[{"href":"https:\/\/www.europesays.com\/fr\/wp-json\/wp\/v2\/posts\/446811","targetHints":{"allow":["GET"]}}],"collection":[{"href":"https:\/\/www.europesays.com\/fr\/wp-json\/wp\/v2\/posts"}],"about":[{"href":"https:\/\/www.europesays.com\/fr\/wp-json\/wp\/v2\/types\/post"}],"author":[{"embeddable":true,"href":"https:\/\/www.europesays.com\/fr\/wp-json\/wp\/v2\/users\/2"}],"replies":[{"embeddable":true,"href":"https:\/\/www.europesays.com\/fr\/wp-json\/wp\/v2\/comments?post=446811"}],"version-history":[{"count":0,"href":"https:\/\/www.europesays.com\/fr\/wp-json\/wp\/v2\/posts\/446811\/revisions"}],"wp:featuredmedia":[{"embeddable":true,"href":"https:\/\/www.europesays.com\/fr\/wp-json\/wp\/v2\/media\/446812"}],"wp:attachment":[{"href":"https:\/\/www.europesays.com\/fr\/wp-json\/wp\/v2\/media?parent=446811"}],"wp:term":[{"taxonomy":"category","embeddable":true,"href":"https:\/\/www.europesays.com\/fr\/wp-json\/wp\/v2\/categories?post=446811"},{"taxonomy":"post_tag","embeddable":true,"href":"https:\/\/www.europesays.com\/fr\/wp-json\/wp\/v2\/tags?post=446811"}],"curies":[{"name":"wp","href":"https:\/\/api.w.org\/{rel}","templated":true}]}}