{"id":446813,"date":"2025-10-08T06:32:24","date_gmt":"2025-10-08T06:32:24","guid":{"rendered":"https:\/\/www.europesays.com\/fr\/446813\/"},"modified":"2025-10-08T06:32:24","modified_gmt":"2025-10-08T06:32:24","slug":"hockey-sur-glace-contre-lausanne-les-bruleurs-de-loups-visent-les-8es-de-finale-de-ligue-des-champions","status":"publish","type":"post","link":"https:\/\/www.europesays.com\/fr\/446813\/","title":{"rendered":"Hockey sur glace\u00a0: contre Lausanne, les Br\u00fbleurs de Loups visent les 8es de finale de Ligue des Champions"},"content":{"rendered":"<p>Affiche de choc ce mercredi soir \u00e0 Grenoble. Face \u00e0 l&rsquo;une des meilleures \u00e9quipes europ\u00e9ennes, les Br\u00fbleurs de Loups r\u00eavent d&rsquo;un exploit, pour continuer \u00e0 croire en leur histoire en CHL. Le tout sous les yeux d&rsquo;un certain Cristobal Huet&#8230; <\/p>\n<p><strong>Un parfum de grand match r\u00e8gne autour de la patinoire Polesud.<\/strong> Ce mercredi soir (20h), Grenoble re\u00e7oit Lausanne, g\u00e9ant suisse du hockey sur glace. Au classement de la <a target=\"_blank\" rel=\"nofollow noopener noreferrer\" class=\"IciLink ici-link IciArticleLink g-ici-body-regular-1 underline brand svelte-lu7k6w\" href=\"https:\/\/www.chl.hockey\/en\">Champions Hockey League (CHL)<\/a>,\u00a0les Is\u00e9rois (16e) sont devant les Suisses (20e), et en passe de se qualifier pour les huiti\u00e8mes de finale. Mais il reste une \u00e9tape (voire deux) \u00e0 franchir.<\/p>\n<p>\u00ab\u00a0Ce serait grand pour nous et pour le hockey fran\u00e7ais\u00a0\u00bb<\/p>\n<p>La premi\u00e8re ressemble \u00e0 un sommet.\u00a0<a target=\"_blank\" rel=\"nofollow noopener noreferrer\" class=\"IciLink ici-link IciArticleLink g-ici-body-regular-1 underline brand svelte-lu7k6w\" href=\"https:\/\/lausannehc.ch\/\">Lausanne<\/a>, finaliste du dernier championnat suisse, figure parmi les toutes meilleures \u00e9quipes helv\u00e8tes, dans un championnat lui-m\u00eame <strong>consid\u00e9r\u00e9 comme l&rsquo;un des plus comp\u00e9titifs d&rsquo;Europe.<\/strong><\/p>\n<p>En face, Grenoble, pas habitu\u00e9 \u00e0 de si hautes altitudes, mais qui sort de deux rencontres europ\u00e9ennes \u00e9poustouflantes. D\u00e9but septembre, les Br\u00fbleurs de Loups (BDL) sont all\u00e9s\u00a0<a class=\"IciLink ici-link IciArticleLink g-ici-body-regular-1 underline brand svelte-lu7k6w\" href=\"https:\/\/www.francebleu.fr\/sports\/tous-les-sports\/hockey-sur-glace-exceptionnels-bruleurs-de-loups-vainqueurs-a-berlin-7563641\" rel=\"nofollow noopener\" target=\"_blank\">s&rsquo;imposer chez d&rsquo;autres grands, Bremerhaven (5-8) et Berlin (4-5), d&rsquo;authentiques exploits.<\/a>\u00a0\u00c0 l&rsquo;arriv\u00e9e, les Is\u00e9rois, malgr\u00e9 deux d\u00e9faites d&rsquo;entr\u00e9e\u00a0<a class=\"IciLink ici-link IciArticleLink g-ici-body-regular-1 underline brand svelte-lu7k6w\" href=\"https:\/\/www.francebleu.fr\/sports\/tous-les-sports\/hockey-sur-glace-les-bruleurs-de-loups-perdent-leur-premier-match-de-ligue-des-champions-6627807\" rel=\"nofollow noopener\" target=\"_blank\">contre Berne<\/a>\u00a0et Zoug, se retrouvent donc en position d&rsquo;entrevoir les huiti\u00e8mes de finale.<\/p>\n<p>\u00c0 lire aussi   <img decoding=\"async\" src=\"https:\/\/www.europesays.com\/fr\/wp-content\/uploads\/2025\/10\/1759905143_884_200x200\" alt=\"Sacha Treille a \u00e9t\u00e9 d\u00e9cisif avec un doubl\u00e9 sur la glace berlinoise\" style=\"--_image-preview:url('data:image\/jpeg;base64,\/9j\/2wBDACgcHiMeGSgjISMtKygwPGRBPDc3PHtYXUlkkYCZlo+AjIqgtObDoKrarYqMyP\/L2u71\/\/\/\/m8H\/\/\/\/6\/+b9\/\/j\/2wBDASstLTw1PHZBQXb4pYyl+Pj4+Pj4+Pj4+Pj4+Pj4+Pj4+Pj4+Pj4+Pj4+Pj4+Pj4+Pj4+Pj4+Pj4+Pj4+Pj4+Pj\/wAARCAAqACoDASIAAhEBAxEB\/8QAGAAAAwEBAAAAAAAAAAAAAAAAAQIDAAT\/xAAYEAEBAQEBAAAAAAAAAAAAAAAAEgECEf\/EABYBAQEBAAAAAAAAAAAAAAAAAAABAv\/EABQRAQAAAAAAAAAAAAAAAAAAAAD\/2gAMAwEAAhEDEQA\/AOPORzlWBhFSkZUlpAng+H8bxReGh0QG8sq5t5CV95LvKiMt4rISI7fA3DAip7hd5U0NBOQk7A\/\/2Q==');\" loading=\"lazy\" fetchpriority=\"low\" aria-hidden=\"true\" class=\"svelte-1pnmlwx rounded\" onload=\"this.__e=event\" onerror=\"this.__e=event\"\/><\/p>\n<p>\u00ab\u00a0Ce serait grand pour nous et pour le hockey fran\u00e7ais, de montrer qu&rsquo;on existe et qu&rsquo;on est pas loin de se qualifier parmi les 16 meilleurs \u00e9quipes de la CHL, relaie Sacha Treille, capitaine des BDL. On sait qu&rsquo;il y a beaucoup d&rsquo;enjeu. <strong>On a une chance de qualification<\/strong>, m\u00eame si l&rsquo;on sait que l&rsquo;adversaire est tr\u00e8s gros. Mais est une super opportunit\u00e9 pour nous de prouver qu&rsquo;on est capable de faire de grandes choses \u00e0 domicile, comme on l&rsquo;a fait en Allemagne.\u00a0\u00bb<\/p>\n<p>Se frotter aux grands<\/p>\n<p><strong>M\u00eame ambition chez Fran\u00e7ois Beauchemin,<\/strong> m\u00eame si l&rsquo;attaquant a conscience de ce qui attend Grenoble. \u00ab\u00a0Lausanne, c&rsquo;est un club extr\u00eamement fort. Il va falloir g\u00e9rer les petits d\u00e9tails \u00e0 la perfection pour l&#8217;emporter\u00a0\u00bb reconna\u00eet le qu\u00e9b\u00e9cois, qui admet qu&rsquo;il y a \u00ab\u00a0beaucoup d&rsquo;excitation\u00a0\u00bb.<\/p>\n<p>\u00ab\u00a0C&rsquo;est toujours int\u00e9ressant de se mesurer \u00e0 ce qui se fait de mieux dans le hockey europ\u00e9en.\u00a0Et \u00e7a vaut pour les anciens comme les plus jeunes qui ont moins d&rsquo;exp\u00e9rience. Pouvoir se comparer \u00e0 des grands joueurs, dont certains ont jou\u00e9 en NHL, ce sont des moments sympas\u00a0\u00bb abonde Sacha Treille, qui ne semble <strong>pas ressentir de pression particuli\u00e8re<\/strong>\u00a0: \u00ab\u00a0On se pr\u00e9pare de la m\u00eame fa\u00e7on que pour les autres matchs\u00a0\u00bb.<\/p>\n<p>Le capitaine sera d&rsquo;ailleurs de retour pour aider ses co\u00e9quipiers sur la patinoire, apr\u00e8s avoir \u00e9t\u00e9 l&rsquo;un des nombreux forfaits du <strong>revers \u00e0 domicile contre Marseille<\/strong> vendredi en Ligue Magnus (2-3), o\u00f9 les BDL sont actuellement quatri\u00e8mes apr\u00e8s sept journ\u00e9es. Les BDL enregistrent \u00e9galement le <strong>retour de Fran\u00e7ois Beauchemin<\/strong>. Le Polonais Kamil Sadlocha, nouvelle recrue du club, a \u00e9galement effectu\u00e9 ses premiers entra\u00eenements cette semaine, et devrait porter le maillot grenoblois pour la premi\u00e8re fois mercredi soir.<\/p>\n<p>Des renforts qui ne seront pas de trop dans <strong>une patinoire Polesud pas forc\u00e9ment acquise \u00e0 son \u00e9quipe locale<\/strong>. Car les supporters suisses ont la r\u00e9putation de se d\u00e9placer en tr\u00e8s grand nombre, et bruyamment. En tribunes, les Grenoblois reconna\u00eetront par ailleurs un visage ador\u00e9\u00a0: celui de Cristobal Huet.<\/p>\n<p>Sous les yeux de Cristobal Huet<\/p>\n<p><strong>L\u00e9gende du club, et du hockey fran\u00e7ais,<\/strong> l&rsquo;ancien portier est \u00e0 Lausanne depuis 2012. En 2018, une fois les patins rang\u00e9s, le seul Fran\u00e7ais \u00e0 avoir remport\u00e9 la NHL est devenu <strong>l&rsquo;entra\u00eeneur des gardiens vaudois.<\/strong><\/p>\n<p>L&rsquo;\u00e9quipe suisse est devenue en quelques sortes le deuxi\u00e8me club de coeur du Grenoblois. \u00ab\u00a0J&rsquo;ai presque pass\u00e9 plus de temps en Suisse qu&rsquo;en France, sourit celui qui a \u00e9galement \u00e9volu\u00e9 \u00e0 Fribourg et Lugano. J&rsquo;ai la double nationalit\u00e9, par mariage. Lausanne, c&rsquo;est maintenant ma maison, mais ma maison d&rsquo;origine, cela reste Grenoble.\u00a0\u00bb<\/p>\n<p>Le mythique gardien a d&rsquo;ailleurs <strong>un \u0153il tendre sur le d\u00e9but de saison des BDL<\/strong>\u00a0: \u00ab\u00a0C&rsquo;est vraiment une tr\u00e8s bonne chose qu&rsquo;ils soient dans la course aux huiti\u00e8mes. Ils ont m\u00e9rit\u00e9 cette chance l\u00e0, en allant gagner deux fois en Allemagne. C&rsquo;est une bonne chose pour le hockey fran\u00e7ais d&rsquo;avoir une \u00e9quipe qui peut rivaliser avec les bons clubs d&rsquo;Europe. Et comme nous, on va jouer notre carte \u00e0 fond (Lausanne n&rsquo;est que 20e sur 24, avec une seule victoire en quatre matchs, ndlr), \u00e7a va donner un joli match\u00a0\u00bb.<\/p>\n<p>\u00c0 \u00e9couter aussi   <img decoding=\"async\" src=\"https:\/\/www.europesays.com\/fr\/wp-content\/uploads\/2025\/10\/1759905144_780_200x200\" alt=\"Apr\u00e8s avoir achev\u00e9 sa carri\u00e8re sur les bords du lac L\u00e9man, Cristobal Huet y est rest\u00e9 et occupe d\u00e9sormais le poste d'entraineur des gardiens \u00e0 Lausanne \u00a9 Getty - Robert Hradil\" style=\"--_image-preview:url('data:image\/jpeg;base64,\/9j\/2wBDACgcHiMeGSgjISMtKygwPGRBPDc3PHtYXUlkkYCZlo+AjIqgtObDoKrarYqMyP\/L2u71\/\/\/\/m8H\/\/\/\/6\/+b9\/\/j\/2wBDASstLTw1PHZBQXb4pYyl+Pj4+Pj4+Pj4+Pj4+Pj4+Pj4+Pj4+Pj4+Pj4+Pj4+Pj4+Pj4+Pj4+Pj4+Pj4+Pj4+Pj\/wAARCAAqACoDASIAAhEBAxEB\/8QAFwABAQEBAAAAAAAAAAAAAAAAAQACBf\/EABYQAQEBAAAAAAAAAAAAAAAAAAABEf\/EABUBAQEAAAAAAAAAAAAAAAAAAAAB\/8QAFBEBAAAAAAAAAAAAAAAAAAAAAP\/aAAwDAQACEQMRAD8A45KwAjioBaEDUaZjQqFIojFRoVDKdZKK1ooSoKkgf\/\/Z');\" loading=\"lazy\" fetchpriority=\"low\" aria-hidden=\"true\" class=\"svelte-1pnmlwx rounded\" onload=\"this.__e=event\" onerror=\"this.__e=event\"\/><\/p>\n","protected":false},"excerpt":{"rendered":"Affiche de choc ce mercredi soir \u00e0 Grenoble. Face \u00e0 l&rsquo;une des meilleures \u00e9quipes europ\u00e9ennes, les Br\u00fbleurs de&hellip;\n","protected":false},"author":2,"featured_media":446814,"comment_status":"","ping_status":"","sticky":false,"template":"","format":"standard","meta":{"footnotes":""},"categories":[9566],"tags":[1111,11,2430,1777,674,1011,27,2731,12,25],"class_list":{"0":"post-446813","1":"post","2":"type-post","3":"status-publish","4":"format-standard","5":"has-post-thumbnail","7":"category-grenoble","8":"tag-actu","9":"tag-actualites","10":"tag-auvergne-rhone-alpes","11":"tag-eu","12":"tag-europe","13":"tag-fr","14":"tag-france","15":"tag-grenoble","16":"tag-news","17":"tag-republique-francaise"},"share_on_mastodon":{"url":"https:\/\/pubeurope.com\/@fr\/115337150146329797","error":""},"_links":{"self":[{"href":"https:\/\/www.europesays.com\/fr\/wp-json\/wp\/v2\/posts\/446813","targetHints":{"allow":["GET"]}}],"collection":[{"href":"https:\/\/www.europesays.com\/fr\/wp-json\/wp\/v2\/posts"}],"about":[{"href":"https:\/\/www.europesays.com\/fr\/wp-json\/wp\/v2\/types\/post"}],"author":[{"embeddable":true,"href":"https:\/\/www.europesays.com\/fr\/wp-json\/wp\/v2\/users\/2"}],"replies":[{"embeddable":true,"href":"https:\/\/www.europesays.com\/fr\/wp-json\/wp\/v2\/comments?post=446813"}],"version-history":[{"count":0,"href":"https:\/\/www.europesays.com\/fr\/wp-json\/wp\/v2\/posts\/446813\/revisions"}],"wp:featuredmedia":[{"embeddable":true,"href":"https:\/\/www.europesays.com\/fr\/wp-json\/wp\/v2\/media\/446814"}],"wp:attachment":[{"href":"https:\/\/www.europesays.com\/fr\/wp-json\/wp\/v2\/media?parent=446813"}],"wp:term":[{"taxonomy":"category","embeddable":true,"href":"https:\/\/www.europesays.com\/fr\/wp-json\/wp\/v2\/categories?post=446813"},{"taxonomy":"post_tag","embeddable":true,"href":"https:\/\/www.europesays.com\/fr\/wp-json\/wp\/v2\/tags?post=446813"}],"curies":[{"name":"wp","href":"https:\/\/api.w.org\/{rel}","templated":true}]}}