{"id":446815,"date":"2025-10-08T06:35:17","date_gmt":"2025-10-08T06:35:17","guid":{"rendered":"https:\/\/www.europesays.com\/fr\/446815\/"},"modified":"2025-10-08T06:35:17","modified_gmt":"2025-10-08T06:35:17","slug":"comment-les-creches-de-rennes-reemploient-les-tenues-professionnelles","status":"publish","type":"post","link":"https:\/\/www.europesays.com\/fr\/446815\/","title":{"rendered":"Comment les cr\u00e8ches de Rennes r\u00e9emploient les tenues professionnelles"},"content":{"rendered":"<p><strong> \u00a0<\/strong>Des pantalons, des salopettes ou des sacoches jaunes fluorescentes \u00e0 bandes r\u00e9fl\u00e9chissantes pour les enfants des cr\u00e8ches, confectionn\u00e9s \u00e0 partir des blousons des jardiniers. Cette id\u00e9e originale prend racine \u00e0 la direction de la petite enfance de la ville de Rennes, laquelle est dot\u00e9e de couturi\u00e8res. \u00ab Elles fabriquaient d\u00e9j\u00e0 des surpantalons avec des al\u00e8ses de lit afin que les enfants qui ne marchent pas puissent aller dehors\u00a0\u00bb, explique \u00adM\u00e9lanie \u00adBlouin, directrice d\u2019une cr\u00e8che municipale et \u00e0 l\u2019initiative de ce r\u00e9emploi.<\/p>\n<p>De plus, la municipalit\u00e9 porte la d\u00e9marche \u00ab on agit pour nos habits \u00bb, qui vise \u00e0 r\u00e9duire la consommation de textile au sein de la collectivit\u00e9 et \u00e0 d\u00e9velopper le port de dotations de seconde main. En 2023, elle a cr\u00e9\u00e9 un groupe de travail pour r\u00e9fl\u00e9chir \u00e0 &#8230;<\/p>\n<p class=\"blocCut__title\">\n\t\t\t\t\t\t\t\t\t[80% reste \u00e0 lire]\n\t\t\t\t\t\t\t<\/p>\n<p class=\"blocCut__title--type2\">Article r\u00e9serv\u00e9 aux abonn\u00e9s<\/p>\n<p class=\"blocCut__title--type3\">Gazette des Communes, Club \u00c9ducation et vie scolaire<\/p>\n<p class=\"blocCut__title--type2\">VOUS N&rsquo;\u00eaTES PAS ABONN\u00e9 ?<\/p>\n<p class=\"blocCut__title--type4\">Testez notre Offre D\u00e9couverte Club Education et Vie scolaire pendant 15 jours<\/p>\n<p>\t\t\t\t\t\t\t\t<a href=\"https:\/\/www.abonnement.infopro-digital.com\/offre-decouverte-du-club-education-et-vie-scolaire\/inscription\/633\/3413#xtor=CS5-310-[site_paywall]-[https:\/\/www.lagazettedescommunes.com\/1002497\/economie-circulaire-comment-les-creches-de-rennes-reemploient-les-tenues-professionnelles\/]-[page_article]-[a]\" target=\"_blank\" class=\"btn__full buttonTypeA buttonTypeA--1\" rel=\"nofollow noopener\">J\u2019en profite<\/a><\/p>\n","protected":false},"excerpt":{"rendered":"\u00a0Des pantalons, des salopettes ou des sacoches jaunes fluorescentes \u00e0 bandes r\u00e9fl\u00e9chissantes pour les enfants des cr\u00e8ches, confectionn\u00e9s&hellip;\n","protected":false},"author":2,"featured_media":446816,"comment_status":"","ping_status":"","sticky":false,"template":"","format":"standard","meta":{"footnotes":""},"categories":[2821],"tags":[1111,49868,47,11,49865,2349,829,49864,12393,1777,674,1011,27,57276,12,10585,584,25,49867,57277],"class_list":{"0":"post-446815","1":"post","2":"type-post","3":"status-publish","4":"format-standard","5":"has-post-thumbnail","7":"category-rennes","8":"tag-actu","9":"tag-actu-expert-education-et-vie-scolaire","10":"tag-actualite","11":"tag-actualites","12":"tag-actualites-education-et-vie-scolaire","13":"tag-articles-reserves","14":"tag-bretagne","15":"tag-club-education-et-vie-scolaire","16":"tag-economie-circulaire","17":"tag-eu","18":"tag-europe","19":"tag-fr","20":"tag-france","21":"tag-metiers-fonction-publique","22":"tag-news","23":"tag-petite-enfance","24":"tag-rennes","25":"tag-republique-francaise","26":"tag-toute-lactu-education-et-vie-scolaire","27":"tag-valerie-brunet"},"share_on_mastodon":{"url":"https:\/\/pubeurope.com\/@fr\/115337161942250107","error":""},"_links":{"self":[{"href":"https:\/\/www.europesays.com\/fr\/wp-json\/wp\/v2\/posts\/446815","targetHints":{"allow":["GET"]}}],"collection":[{"href":"https:\/\/www.europesays.com\/fr\/wp-json\/wp\/v2\/posts"}],"about":[{"href":"https:\/\/www.europesays.com\/fr\/wp-json\/wp\/v2\/types\/post"}],"author":[{"embeddable":true,"href":"https:\/\/www.europesays.com\/fr\/wp-json\/wp\/v2\/users\/2"}],"replies":[{"embeddable":true,"href":"https:\/\/www.europesays.com\/fr\/wp-json\/wp\/v2\/comments?post=446815"}],"version-history":[{"count":0,"href":"https:\/\/www.europesays.com\/fr\/wp-json\/wp\/v2\/posts\/446815\/revisions"}],"wp:featuredmedia":[{"embeddable":true,"href":"https:\/\/www.europesays.com\/fr\/wp-json\/wp\/v2\/media\/446816"}],"wp:attachment":[{"href":"https:\/\/www.europesays.com\/fr\/wp-json\/wp\/v2\/media?parent=446815"}],"wp:term":[{"taxonomy":"category","embeddable":true,"href":"https:\/\/www.europesays.com\/fr\/wp-json\/wp\/v2\/categories?post=446815"},{"taxonomy":"post_tag","embeddable":true,"href":"https:\/\/www.europesays.com\/fr\/wp-json\/wp\/v2\/tags?post=446815"}],"curies":[{"name":"wp","href":"https:\/\/api.w.org\/{rel}","templated":true}]}}