{"id":446819,"date":"2025-10-08T06:37:16","date_gmt":"2025-10-08T06:37:16","guid":{"rendered":"https:\/\/www.europesays.com\/fr\/446819\/"},"modified":"2025-10-08T06:37:16","modified_gmt":"2025-10-08T06:37:16","slug":"lapoutroie-la-meilleure-bouchee-a-la-reine-dalsace-se-trouve-a-lhotel-le-bouton-dor","status":"publish","type":"post","link":"https:\/\/www.europesays.com\/fr\/446819\/","title":{"rendered":"Lapoutroie. La meilleure bouch\u00e9e \u00e0 la reine d\u2019Alsace se trouve \u00e0 l\u2019h\u00f4tel Le Bouton d\u2019Or"},"content":{"rendered":"<p>\u00ab\u00a0Avec le recul, ce n\u2019est pas qu\u2019une bouch\u00e9e \u00e0 la reine\u00a0\u00bb, r\u00e9sume Emmanuel Roche. Le cuisinier de l\u2019h\u00f4tel-restaurant Le Bouton d\u2019Or, \u00e0 Lapoutroie, conna\u00eet d\u00e9sormais ce classique alsacien mieux que tous.<\/p>\n<p>D\u00e9but septembre, il a remport\u00e9 le concours de la <a href=\"https:\/\/www.dna.fr\/culture-loisirs\/2025\/09\/14\/clap-de-fin-au-wacken-c-est-deja-l-heure-du-premier-bilan-a-chaud\" target=\"_blank\" rel=\"noopener\">foire europ\u00e9enne de Strasbourg<\/a> d\u00e9di\u00e9 \u00e0 ce plat, avec un jury qui s\u2019est d\u00e9clar\u00e9 \u00e0 l\u2019unanimit\u00e9 en sa faveur. Une surprise pour le chef, m\u00eame s\u2019il indique qu\u2019il \u00ab\u00a0visait au moins le&#8230;<\/p>\n","protected":false},"excerpt":{"rendered":"\u00ab\u00a0Avec le recul, ce n\u2019est pas qu\u2019une bouch\u00e9e \u00e0 la reine\u00a0\u00bb, r\u00e9sume Emmanuel Roche. Le cuisinier de l\u2019h\u00f4tel-restaurant&hellip;\n","protected":false},"author":2,"featured_media":446820,"comment_status":"","ping_status":"","sticky":false,"template":"","format":"standard","meta":{"footnotes":""},"categories":[2820],"tags":[1111,11,2389,4406,2413,1777,674,107,1011,27,1661,775,57278,12,25,57279,640,216],"class_list":{"0":"post-446819","1":"post","2":"type-post","3":"status-publish","4":"format-standard","5":"has-post-thumbnail","7":"category-strasbourg","8":"tag-actu","9":"tag-actualites","10":"tag-alsace","11":"tag-commerce-et-services","12":"tag-edition-colmar-guebwiller","13":"tag-eu","14":"tag-europe","15":"tag-fil-info","16":"tag-fr","17":"tag-france","18":"tag-gastronomie","19":"tag-grand-est","20":"tag-lapoutroie","21":"tag-news","22":"tag-republique-francaise","23":"tag-secteur-de-lapoutroie","24":"tag-strasbourg","25":"tag-vie-des-entreprises"},"share_on_mastodon":{"url":"https:\/\/pubeurope.com\/@fr\/115337169663596350","error":""},"_links":{"self":[{"href":"https:\/\/www.europesays.com\/fr\/wp-json\/wp\/v2\/posts\/446819","targetHints":{"allow":["GET"]}}],"collection":[{"href":"https:\/\/www.europesays.com\/fr\/wp-json\/wp\/v2\/posts"}],"about":[{"href":"https:\/\/www.europesays.com\/fr\/wp-json\/wp\/v2\/types\/post"}],"author":[{"embeddable":true,"href":"https:\/\/www.europesays.com\/fr\/wp-json\/wp\/v2\/users\/2"}],"replies":[{"embeddable":true,"href":"https:\/\/www.europesays.com\/fr\/wp-json\/wp\/v2\/comments?post=446819"}],"version-history":[{"count":0,"href":"https:\/\/www.europesays.com\/fr\/wp-json\/wp\/v2\/posts\/446819\/revisions"}],"wp:featuredmedia":[{"embeddable":true,"href":"https:\/\/www.europesays.com\/fr\/wp-json\/wp\/v2\/media\/446820"}],"wp:attachment":[{"href":"https:\/\/www.europesays.com\/fr\/wp-json\/wp\/v2\/media?parent=446819"}],"wp:term":[{"taxonomy":"category","embeddable":true,"href":"https:\/\/www.europesays.com\/fr\/wp-json\/wp\/v2\/categories?post=446819"},{"taxonomy":"post_tag","embeddable":true,"href":"https:\/\/www.europesays.com\/fr\/wp-json\/wp\/v2\/tags?post=446819"}],"curies":[{"name":"wp","href":"https:\/\/api.w.org\/{rel}","templated":true}]}}