{"id":446823,"date":"2025-10-08T06:39:09","date_gmt":"2025-10-08T06:39:09","guid":{"rendered":"https:\/\/www.europesays.com\/fr\/446823\/"},"modified":"2025-10-08T06:39:09","modified_gmt":"2025-10-08T06:39:09","slug":"crash-evite-a-laeroport-de-nice-un-controleur-aerien-sort-du-silence-un-miracle","status":"publish","type":"post","link":"https:\/\/www.europesays.com\/fr\/446823\/","title":{"rendered":"Crash \u00e9vit\u00e9 \u00e0 l&rsquo;a\u00e9roport de Nice. Un contr\u00f4leur a\u00e9rien sort du silence : \u00ab\u00a0Un miracle\u00a0\u00bb"},"content":{"rendered":"<p>            Par<br \/>\n        <strong><br \/>\n            <a href=\"https:\/\/actu.fr\/auteur\/ugo-maillard\" title=\"Consulter tous les articles de Ugo Maillard\" rel=\"nofollow noopener\" target=\"_blank\">Ugo Maillard<\/a><br \/>\n        <\/strong><\/p>\n<p>        Publi\u00e9 le<\/p>\n<p>            8 oct. 2025 \u00e0 8h13        <\/p>\n<p>Un t\u00e9moignage qui apporte de nouveaux \u00e9l\u00e9ments quant au <strong>crash \u00e9vit\u00e9 de justesse<\/strong> le dimanche 21\u00a0septembre 2025 \u00e0 l\u2019a\u00e9roport de Nice C\u00f4te d\u2019Azur (<a href=\"https:\/\/actu.fr\/provence-alpes-cote-d-azur\/alpes-maritimes_06\" rel=\"nofollow noopener\" target=\"_blank\">Alpes-Maritimes<\/a>). Ce jour-l\u00e0, deux avions Airbus A320 des compagnies easyJet et Nouvelair se sont fr\u00f4l\u00e9s lorsque le second a tent\u00e9 d\u2019atterrir sur une piste de l\u2019a\u00e9roport azur\u00e9en. Un choc \u00e9vit\u00e9 \u00e0 quelques m\u00e8tres pr\u00e8s, selon les <a href=\"https:\/\/actu.fr\/provence-alpes-cote-d-azur\/nice_06088\/crash-evite-de-justesse-a-l-aeroport-de-nice-le-pilote-etait-en-etat-de-choc-temoigne-un-passager_63195486.html\" rel=\"nofollow noopener\" target=\"_blank\">dires des passagers<\/a> interrog\u00e9s par <a href=\"https:\/\/actu.fr\/nice\/\" rel=\"nofollow noopener\" target=\"_blank\">actu Nice<\/a>, qui aurait pu \u00eatre dramatique pour plusieurs centaines de passagers. Si <strong>trois enqu\u00eates<\/strong> ont imm\u00e9diatement \u00e9t\u00e9 ouvertes, les t\u00e9moignages et r\u00e9actions ont \u00e9t\u00e9 nombreux apr\u00e8s l\u2019incident grave et rare dans le monde de l\u2019aviation civile.<\/p>\n<p class=\" wall-content\">Un <strong>contr\u00f4leur a\u00e9rien<\/strong> bas\u00e9 \u00e0 Nice a accept\u00e9 de r\u00e9pondre \u00e0 nos confr\u00e8res de <a href=\"https:\/\/france3-regions.franceinfo.fr\/provence-alpes-cote-d-azur\/alpes-maritimes\/nice\/temoignage-exclusif-mon-collegue-lui-a-fait-remettre-les-gaz-un-controleur-aerien-nicois-revele-de-nouveaux-elements-sur-le-crash-evite-3228752.html?utm_medium=Social&amp;utm_source=Facebook&amp;fbclid=IwY2xjawNR5MJleHRuA2FlbQIxMABicmlkETFWR3FZVVN4N3FNOVhqaFREAR5AaPCun9gRARgNsDMu_TAQ2NPgVuSl2pVYiP8490wbVgWk6NoN-YGTWxw1xQ_aem_uVgxluaBTFztl9-p-SjVxA#Echobox=1759830687\" rel=\"nofollow noopener\" target=\"_blank\">France 3 C\u00f4te d\u2019Azur<\/a>. Ce dernier n\u2019\u00e9tait pas pr\u00e9sent dans la tour de contr\u00f4le au moment des faits, mais livre des d\u00e9tails pr\u00e9cis quant au crash \u00e9vit\u00e9 et prends la d\u00e9fense de ses homologues.<\/p>\n<p>\u00ab\u2009Mon coll\u00e8gue lui a fait remettre les gaz\u2009\u00bb<\/p>\n<p class=\" wall-content\">Ce contr\u00f4leur a\u00e9rien t\u00e9moigne anonymement et est nomm\u00e9 Pascal (nom d\u2019emprunt) par nos confr\u00e8res. Il assure que ses coll\u00e8gues, pr\u00e9sents dans la tour de contr\u00f4le le dimanche 21\u00a0septembre au moment de l\u2019incident, ont donn\u00e9 <strong>les bonnes consignes<\/strong> aux deux pilotes.<\/p>\n<p class=\" wall-content\">Une alarme se serait alors d\u00e9clench\u00e9e pour indiquer que l\u2019avion Nouvelair en phase d\u2019atterrissage n\u2019\u00e9tait <strong>pas dans la bonne voie<\/strong>. \u00ab\u2009L\u2019alarme persistant, c\u2019est l\u00e0 que mon coll\u00e8gue lui a fait remettre les gaz\u2009\u00bb, retrace Pascal. Un r\u00e9flexe qui a permis d\u2019\u00e9viter la collision avec l\u2019avion easyJet sur le tarmac de l\u2019a\u00e9roport de Nice C\u00f4te d\u2019Azur.<\/p>\n<p class=\" wall-content\">\u00ab\u2009Je n\u2019ai pas l\u2019habitude de faire de catastrophisme, mais c\u2019est de <strong>l\u2019ordre du miracle<\/strong>. Les personnels sont tr\u00e8s marqu\u00e9s\u2009\u00bb, confie le contr\u00f4leur a\u00e9rien.<\/p>\n<p class=\" wall-content\">Si <strong>aucune erreur manifeste<\/strong> des contr\u00f4leurs a\u00e9riens n\u2019a \u00e9t\u00e9 soulev\u00e9e, pour le moment, par les <a href=\"https:\/\/actu.fr\/provence-alpes-cote-d-azur\/nice_06088\/crash-evite-a-l-aeroport-de-nice-le-bea-fait-un-point-sur-l-enquete_63213267.html\" rel=\"nofollow noopener\" target=\"_blank\">trois enqu\u00eates en cours<\/a>, la fatigue des \u00e9quipes est point\u00e9e du doigt par Pascal.<\/p>\n<p class=\" wall-content\">Selon le t\u00e9moignage recueilli par France 3, des recrutements men\u00e9s par Direction g\u00e9n\u00e9rale de l\u2019aviation civile sont en cours pour compl\u00e9ter des <strong>effectifs jug\u00e9s insuffisants<\/strong> \u00e0 l\u2019a\u00e9roport de Nice.<\/p>\n<p>Votre r\u00e9gion, votre actu !<\/p>\n<p>Recevez chaque jour les infos qui comptent pour vous.<\/p>\n<p>\t<a href=\"https:\/\/actu.fr\/newsletter\" class=\"ac-btn ac-btn--corner ac-btn--medium ac-btn--blue800\" rel=\"nofollow noopener\" target=\"_blank\">S&rsquo;incrire<\/a><br \/>\nUne erreur du pilote selon le BEA<\/p>\n<p class=\" wall-content\">Les enqu\u00eateurs du Bureau d\u2019enqu\u00eate et d\u2019analyse pour la s\u00e9curit\u00e9 de l\u2019aviation civile ont <a href=\"https:\/\/actu.fr\/provence-alpes-cote-d-azur\/nice_06088\/crash-evite-a-l-aeroport-de-nice-le-bea-livre-son-premier-rapport-et-vise-un-avion_63225934.html\" rel=\"nofollow noopener\" target=\"_blank\">publi\u00e9 un rapport<\/a> le 27\u00a0septembre d\u00e9voilant les <strong>premi\u00e8res conclusions<\/strong> des investigations.<\/p>\n<p class=\" wall-content\">Dans un r\u00e9sum\u00e9, le BEA \u00e9crit\u2009: \u00ab\u2009L\u2019\u00e9quipage du TS-INP est autoris\u00e9 \u00e0 l\u2019atterrissage sur la piste 04L mais s\u2019aligne sur la piste 04R occup\u00e9e par le OE-IJZ align\u00e9 et pr\u00eat au d\u00e9collage. Il approche de la piste 04R jusqu\u2019\u00e0 survoler le OE-IJZ puis il interrompt son atterrissage.\u2009\u00bb<\/p>\n<p class=\" wall-content\">\n<p class=\" wall-content\">On comprend donc que le pilote de l\u2019avion Nouvelair en provenance de Tunis s\u2019est <strong>tromp\u00e9 de piste d\u2019atterrissage<\/strong>. \u00c0 l\u2019instar de ce qu\u2019<a href=\"https:\/\/actu.fr\/provence-alpes-cote-d-azur\/nice_06088\/un-crash-evite-de-justesse-a-l-aeroport-de-nice-deux-avions-manquent-de-se-percuter_63194026.html\" rel=\"nofollow noopener\" target=\"_blank\">avait d\u00e9clar\u00e9 la communication de l\u2019a\u00e9roport \u00e0 notre r\u00e9daction<\/a>, le pilote Nouvelair semble avoir commis une erreur.<\/p>\n<p>D\u00e9pistages n\u00e9gatifs des pilotes<\/p>\n<p class=\" wall-content\">Interrog\u00e9 par la r\u00e9daction d\u2019actu Nice, le <strong>parquet de Nice<\/strong> a r\u00e9v\u00e9l\u00e9 quelques \u00e9l\u00e9ments sur l\u2019enqu\u00eate en cours.<\/p>\n<p class=\" wall-content\">Damien Martinelli, procureur de Nice, indique le 3\u00a0octobre 2025 que \u00ab\u00a0les d\u00e9pistages effectu\u00e9s sur l\u2019ensemble des pilotes sont n\u00e9gatifs\u00a0\u00bb, avant d\u2019ajouter que \u00ab\u00a0les investigations se poursuivent pour d\u00e9terminer les circonstances exactes de l\u2019incident.<\/p>\n<p>Estrosi veut l\u2019arm\u00e9e<\/p>\n<p class=\" wall-content\">L\u2019une des raisons qui a pouss\u00e9 le contr\u00f4leur a\u00e9rien \u00e0 prendre la parole est <strong>les attaques subies<\/strong> depuis l\u2019incident par sa profession. \u00ab\u2009La Direction G\u00e9n\u00e9rale de l\u2019Aviation Civile (DGAC) ne communique pas, et nous laisse \u00eatre jet\u00e9s dans l\u2019ar\u00e8ne\u2009\u00bb, d\u00e9plore Pascal.<\/p>\n<p class=\" wall-content\">Les critiques sont notamment venues du maire de Nice, Christian Estrosi qui a soulev\u00e9 l\u2019incident \u00e9vit\u00e9 entre deux Airbus et les nombreux retards. L\u2019\u00e9lu a \u00e9voqu\u00e9 l\u2019id\u00e9e de <strong>remplacer les contr\u00f4leurs a\u00e9riens par des militaires<\/strong>.<\/p>\n<p class=\" wall-content\">Personnalisez votre actualit\u00e9 en ajoutant vos villes et m\u00e9dias en favori avec <a href=\"https:\/\/moncompte.actu.fr\" title=\"D\u00e9couvez Mon Actu\" rel=\"nofollow noopener\" data-trk=\"{&quot;cta&quot;:{&quot;action&quot;:&quot;https:\\\/\\\/moncompte.actu.fr&quot;,&quot;category&quot;:&quot;mon compte&quot;,&quot;from&quot;:&quot;article footer&quot;,&quot;name&quot;:&quot;Mon actu&quot;,&quot;type&quot;:&quot;cta&quot;}}\" target=\"_blank\">Mon Actu<\/a>.<\/p>\n","protected":false},"excerpt":{"rendered":"Par Ugo Maillard Publi\u00e9 le 8 oct. 2025 \u00e0 8h13 Un t\u00e9moignage qui apporte de nouveaux \u00e9l\u00e9ments quant&hellip;\n","protected":false},"author":2,"featured_media":446824,"comment_status":"","ping_status":"","sticky":false,"template":"","format":"standard","meta":{"footnotes":""},"categories":[2819],"tags":[1111,11,54041,1777,674,1011,27,12,2401,882,25,104],"class_list":{"0":"post-446823","1":"post","2":"type-post","3":"status-publish","4":"format-standard","5":"has-post-thumbnail","7":"category-nice","8":"tag-actu","9":"tag-actualites","10":"tag-crash-avion","11":"tag-eu","12":"tag-europe","13":"tag-fr","14":"tag-france","15":"tag-news","16":"tag-nice","17":"tag-provence-alpes-cote-dazur","18":"tag-republique-francaise","19":"tag-societe"},"share_on_mastodon":{"url":"https:\/\/pubeurope.com\/@fr\/115337177787802300","error":""},"_links":{"self":[{"href":"https:\/\/www.europesays.com\/fr\/wp-json\/wp\/v2\/posts\/446823","targetHints":{"allow":["GET"]}}],"collection":[{"href":"https:\/\/www.europesays.com\/fr\/wp-json\/wp\/v2\/posts"}],"about":[{"href":"https:\/\/www.europesays.com\/fr\/wp-json\/wp\/v2\/types\/post"}],"author":[{"embeddable":true,"href":"https:\/\/www.europesays.com\/fr\/wp-json\/wp\/v2\/users\/2"}],"replies":[{"embeddable":true,"href":"https:\/\/www.europesays.com\/fr\/wp-json\/wp\/v2\/comments?post=446823"}],"version-history":[{"count":0,"href":"https:\/\/www.europesays.com\/fr\/wp-json\/wp\/v2\/posts\/446823\/revisions"}],"wp:featuredmedia":[{"embeddable":true,"href":"https:\/\/www.europesays.com\/fr\/wp-json\/wp\/v2\/media\/446824"}],"wp:attachment":[{"href":"https:\/\/www.europesays.com\/fr\/wp-json\/wp\/v2\/media?parent=446823"}],"wp:term":[{"taxonomy":"category","embeddable":true,"href":"https:\/\/www.europesays.com\/fr\/wp-json\/wp\/v2\/categories?post=446823"},{"taxonomy":"post_tag","embeddable":true,"href":"https:\/\/www.europesays.com\/fr\/wp-json\/wp\/v2\/tags?post=446823"}],"curies":[{"name":"wp","href":"https:\/\/api.w.org\/{rel}","templated":true}]}}