{"id":446843,"date":"2025-10-08T06:50:11","date_gmt":"2025-10-08T06:50:11","guid":{"rendered":"https:\/\/www.europesays.com\/fr\/446843\/"},"modified":"2025-10-08T06:50:11","modified_gmt":"2025-10-08T06:50:11","slug":"il-frappe-les-gendarmes-et-les-pompiers-qui-viennent-laider-et-termine-sous-bracelet-electronique","status":"publish","type":"post","link":"https:\/\/www.europesays.com\/fr\/446843\/","title":{"rendered":"il frappe les gendarmes et les pompiers qui viennent l&rsquo;aider et termine sous bracelet \u00e9lectronique"},"content":{"rendered":"<p itemprop=\"description\"><strong>Les juges caladois n&rsquo;ont pas souhait\u00e9 accabler cet individu qui a profond\u00e9ment choqu\u00e9 les secours qui lui venaient en aide cet \u00e9t\u00e9.<\/strong><\/p>\n<p>Le 14 ao\u00fbt dernier, un homme de 25 ans sollicitait l&rsquo;intervention des pompiers \u00e0 son domicile de Belleville-en-Beaujolais apr\u00e8s avoir \u00e9t\u00e9 agress\u00e9 par son voisin.<\/p>\n<p>Fortement alcoolis\u00e9, il avait insult\u00e9 puis distribu\u00e9 des coups aux soldats du feu et aux gendarmes qui tentaient de le prendre en charge.<\/p>\n<p>Ce lundi au tribunal correctionnel de Villefranche-sur-Sa\u00f4ne, le pr\u00e9venu a jou\u00e9 la carte de l&rsquo;amn\u00e9sie provoqu\u00e9e par l&rsquo;alcool.<\/p>\n<p>Alors qu&rsquo;il a d\u00e9j\u00e0 \u00e9t\u00e9 condamn\u00e9 l&rsquo;an pass\u00e9 pour des faits similaires, une peine de 16 mois de prison a \u00e9t\u00e9 prononc\u00e9e, dont la moiti\u00e9 avec sursis. La partie ferme s&rsquo;effectuera sous bracelet \u00e9lectronique plut\u00f4t que derri\u00e8re les barreaux.<\/p>\n","protected":false},"excerpt":{"rendered":"Les juges caladois n&rsquo;ont pas souhait\u00e9 accabler cet individu qui a profond\u00e9ment choqu\u00e9 les secours qui lui venaient&hellip;\n","protected":false},"author":2,"featured_media":446844,"comment_status":"","ping_status":"","sticky":false,"template":"","format":"standard","meta":{"footnotes":""},"categories":[1889],"tags":[1111,11,2813,2190,2430,1109,251,1112,2811,1777,674,118,1011,27,1922,1110,1114,2428,2810,12,241,316,25,2812,517,800],"class_list":{"0":"post-446843","1":"post","2":"type-post","3":"status-publish","4":"format-standard","5":"has-post-thumbnail","7":"category-lyon","8":"tag-actu","9":"tag-actualites","10":"tag-article","11":"tag-asvel","12":"tag-auvergne-rhone-alpes","13":"tag-breves","14":"tag-culture","15":"tag-depeches","16":"tag-economique","17":"tag-eu","18":"tag-europe","19":"tag-faits-divers","20":"tag-fr","21":"tag-france","22":"tag-info","23":"tag-informations","24":"tag-infos","25":"tag-lyon","26":"tag-lyonmag","27":"tag-news","28":"tag-ol","29":"tag-politique","30":"tag-republique-francaise","31":"tag-sociale","32":"tag-sport","33":"tag-transports"},"share_on_mastodon":{"url":"https:\/\/pubeurope.com\/@fr\/115337220868588456","error":""},"_links":{"self":[{"href":"https:\/\/www.europesays.com\/fr\/wp-json\/wp\/v2\/posts\/446843","targetHints":{"allow":["GET"]}}],"collection":[{"href":"https:\/\/www.europesays.com\/fr\/wp-json\/wp\/v2\/posts"}],"about":[{"href":"https:\/\/www.europesays.com\/fr\/wp-json\/wp\/v2\/types\/post"}],"author":[{"embeddable":true,"href":"https:\/\/www.europesays.com\/fr\/wp-json\/wp\/v2\/users\/2"}],"replies":[{"embeddable":true,"href":"https:\/\/www.europesays.com\/fr\/wp-json\/wp\/v2\/comments?post=446843"}],"version-history":[{"count":0,"href":"https:\/\/www.europesays.com\/fr\/wp-json\/wp\/v2\/posts\/446843\/revisions"}],"wp:featuredmedia":[{"embeddable":true,"href":"https:\/\/www.europesays.com\/fr\/wp-json\/wp\/v2\/media\/446844"}],"wp:attachment":[{"href":"https:\/\/www.europesays.com\/fr\/wp-json\/wp\/v2\/media?parent=446843"}],"wp:term":[{"taxonomy":"category","embeddable":true,"href":"https:\/\/www.europesays.com\/fr\/wp-json\/wp\/v2\/categories?post=446843"},{"taxonomy":"post_tag","embeddable":true,"href":"https:\/\/www.europesays.com\/fr\/wp-json\/wp\/v2\/tags?post=446843"}],"curies":[{"name":"wp","href":"https:\/\/api.w.org\/{rel}","templated":true}]}}