{"id":446847,"date":"2025-10-08T06:53:16","date_gmt":"2025-10-08T06:53:16","guid":{"rendered":"https:\/\/www.europesays.com\/fr\/446847\/"},"modified":"2025-10-08T06:53:16","modified_gmt":"2025-10-08T06:53:16","slug":"trois-villes-dile-de-france-testent-une-nouvelle-facon-de-traverser-les-carrefours","status":"publish","type":"post","link":"https:\/\/www.europesays.com\/fr\/446847\/","title":{"rendered":"trois villes d&rsquo;\u00cele-de-France testent une nouvelle fa\u00e7on de traverser les carrefours"},"content":{"rendered":"<p>            Par<br \/>\n        <strong><br \/>\n            <a href=\"https:\/\/actu.fr\/auteur\/augustin-delaporte\" title=\"Consulter tous les articles de Augustin Delaporte\" target=\"_blank\" rel=\"noopener\">Augustin Delaporte<\/a><br \/>\n        <\/strong><\/p>\n<p>        Publi\u00e9 le<\/p>\n<p>            8 oct. 2025 \u00e0 7h54        <\/p>\n<p>C\u2019est l\u2019une des petites nouveaut\u00e9s de la rentr\u00e9e 2025. Depuis <a href=\"https:\/\/www.legifrance.gouv.fr\/jorf\/id\/JORFTEXT000052200248\" target=\"_blank\" rel=\"noopener\">l\u2019arr\u00eat\u00e9 du 4\u00a0septembre<\/a>, le dispositif du <strong>\u00ab\u2009tourne \u00e0 gauche indirect\u2009\u00bb<\/strong> est exp\u00e9riment\u00e9 dans cinq villes de France, dont trois de la <a href=\"https:\/\/actu.fr\/paris\/\" target=\"_blank\" rel=\"noopener\">r\u00e9gion parisienne<\/a>\u2009: Bourg-la-Reine (Hauts-de-Seine), Cachan et Villejuif (Val-de-Marne). Celui-ci a pour but de permettre aux cyclistes de traverser les intersections de mani\u00e8re plus s\u00e9curis\u00e9e, en \u00e9vitant de se positionner au milieu du carrefour.<\/p>\n<p>Exp\u00e9rimentation de 36\u00a0mois<\/p>\n<p class=\" wall-content\">D\u00e9j\u00e0 mis en \u0153uvre au Danemark, aux Pays-Bas ou encore en Suisse, le \u00ab\u2009tourne \u00e0 gauche indirect\u2009\u00bb pour les cyclistes et conducteurs d\u2019engins de d\u00e9placement personnel motoris\u00e9s (EDPM) d\u00e9barque fin 2025 sur <strong>quatre carrefours d\u2019\u00cele-de-France<\/strong>.<\/p>\n<p class=\" wall-content\">Valid\u00e9e par le Conseil interminist\u00e9riel de la s\u00e9curit\u00e9 routi\u00e8re (CISR) le 17\u00a0juillet 2023, avant de faire l\u2019objet d\u2019<a href=\"https:\/\/www.securite-routiere.gouv.fr\/actualites-page-1-189\/experimentation-du-tourne-gauche-indirect-cycliste-lancement-dun-appel\" target=\"_blank\" rel=\"noopener\">un appel \u00e0 manifestation d\u2019int\u00e9r\u00eat (AMI) national<\/a> aupr\u00e8s des collectivit\u00e9s territoriales, l\u2019initiative va d\u00e9sormais \u00eatre <strong>exp\u00e9riment\u00e9e durant 36\u00a0mois <\/strong>(soit 3\u00a0ans), p\u00e9riode durant laquelle des rapports et <a href=\"https:\/\/enqueteur.cerema.fr\/index.php?r=survey\/index&amp;sid=581476&amp;lang=fr\" target=\"_blank\" rel=\"noopener\">enqu\u00eates<\/a> seront r\u00e9alis\u00e9s aupr\u00e8s des usagers, cyclistes et automobilistes pour juger de son efficacit\u00e9.<\/p>\n<p>Les lieux de l\u2019exp\u00e9rimentation en \u00cele-de-France<\/p>\n<p class=\" wall-content\">Deux d\u00e9partements de la r\u00e9gion parisienne ont r\u00e9pondu \u00e0 l\u2019appel et testeront le dispositif sur les carrefours suivants\u2009:<\/p>\n<p class=\" wall-content\"><strong>Bourg-la-Reine<\/strong><\/p>\n<ul class=\" wall-content\">\n<li>Carrefour RD920 \/ RD74 (Rue de Fontenay et Rue du 8\u00a0mai 1945)<\/li>\n<li>Carrefour RD920 \/ RD74 (Rue de la Bi\u00e8vre et Rue du 8\u00a0mai 1945)<\/li>\n<\/ul>\n<p class=\" wall-content\"><strong>Cachan<\/strong><\/p>\n<ul class=\" wall-content\">\n<li>Carrefour RD127 (Rue Camille Desmoulins \/ RD157 (Avenue Louis Georgeon)<\/li>\n<\/ul>\n<p class=\" wall-content\"><strong>Villejuif<\/strong><\/p>\n<ul class=\" wall-content\">\n<li>Carrefour RD7 (Boulevard maxime Gorki) \/ RD161 (Boulevard Paul Vaillant-Couturier) \/ Rue Jean-Baptiste Cl\u00e9ment<\/li>\n<\/ul>\n<p>Une travers\u00e9e en quatre \u00e9tapes<\/p>\n<p class=\" wall-content\">Plus globalement, ce dispositif concerne les <strong>carrefours \u00e0 grande circulation<\/strong> et incite le cycliste (ou usager d\u2019EDPm) \u00e0 les traverser en deux temps, en allant se positionner dans un <strong>sas am\u00e9nag\u00e9<\/strong> \u00e0 cet effet et positionn\u00e9 en aval du feu, dans la rue de droite \u2013 plut\u00f4t que de se positionner au milieu du carrefour -, avant de traverser l\u2019intersection en allant tout droit.<\/p>\n<p>Votre r\u00e9gion, votre actu !<\/p>\n<p>Recevez chaque jour les infos qui comptent pour vous.<\/p>\n<p>\t<a href=\"https:\/\/actu.fr\/newsletter\" class=\"ac-btn ac-btn--corner ac-btn--medium ac-btn--blue800\" target=\"_blank\" rel=\"noopener\">S&rsquo;incrire<\/a><\/p>\n<p class=\" wall-content\">Sch\u00e9matiquement, la travers\u00e9e se d\u00e9coupe en quatre \u00e9tapes\u2009: au feu rouge, l\u2019usager stationne \u00e0 droite dans un sas. Au feu vert, il se d\u00e9place pour stationner dans un autre sas de la rue de droite. Au feu rouge, il stationne. Puis, au feu vert, il d\u00e9marre en m\u00eame temps que les autres v\u00e9hicules en restant du c\u00f4t\u00e9 droit de la chauss\u00e9e.<\/p>\n<p>    <img   decoding=\"async\" loading=\"lazy\" src=\"https:\/\/www.europesays.com\/fr\/wp-content\/uploads\/2025\/10\/tourne-a-gauche-960x640.jpg\" alt=\"tourne-\u00e0-gauche indirect idf\" width=\"960\" height=\"640\"\/><br \/>\n    Les quatre \u00e9tapes en images. (\u00a9Comit\u00e9 Interminist\u00e9riel de la S\u00e9curit\u00e9 Routi\u00e8re du 17\/07\/2\u2009023)<\/p>\n<p class=\" wall-content\">\u00ab\u2009On n\u2019a pas encore de retours d\u2019utilisateurs, mais c\u2019est <strong>une m\u00e9thode que l\u2019on conseille aux d\u00e9butants<\/strong> en v\u00e9lo-\u00e9cole, pour qu\u2019ils \u00e9vitent de se retrouver au milieu du carrefour, ce qui peut \u00eatre dangereux quand on n\u2019est pas encore tr\u00e8s \u00e0 l\u2019aise\u2009\u00bb, commente pour actu Paris un b\u00e9n\u00e9vole de l\u2019association cycliste francilienne, Mieux se D\u00e9placer \u00e0 Bicyclette (MDB).<\/p>\n<p class=\" wall-content\">Un autre membre de MDB abonde\u2009: \u00ab\u2009En th\u00e9orie, c\u2019est une bonne chose. Cela va permettre de mettre en s\u00e9curit\u00e9 des civils dans des situations difficiles. Il faudra cependant <strong>\u00eatre attentif aux am\u00e9nagements<\/strong>, au fait qu\u2019il y ait suffisamment d\u2019espace et au volume du trafic pour ne pas que cela l\u2019engorge encore davantage sur des gros carrefours comme place de la Bastille, en direction de Richard-Lenoir.\u2009\u00bb<\/p>\n<p>Une signalisation sp\u00e9cifique<\/p>\n<p class=\" wall-content\">C\u00f4t\u00e9 signalisation, un panneau (horizontal ou vertical) servant \u00e0 informer de la man\u0153uvre \u00e0 effectuer pour tourner \u00e0 gauche de mani\u00e8re indirecte et un marquage au sol permettant d\u2019indiquer aux usagers leur espace d\u2019attente et la position dans l\u2019espace d\u2019attente seront install\u00e9s.<\/p>\n<p>    <img   decoding=\"async\" loading=\"lazy\" src=\"https:\/\/www.europesays.com\/fr\/wp-content\/uploads\/2025\/10\/tourne-a-gauche-panneau-960x640.jpg\" alt=\"Exemple d'un panneau de \u00ab tourne-\u00e0-gauche indirect \u00bb.\" width=\"960\" height=\"640\"\/><br \/>\n    Exemple d\u2019un panneau de \u00ab\u2009tourne-\u00e0-gauche indirect\u2009\u00bb. (\u00a9Comit\u00e9 Interminist\u00e9riel de la S\u00e9curit\u00e9 Routi\u00e8re du 17\/07\/2023)<\/p>\n<p class=\" wall-content\">Des rapports effectu\u00e9s apr\u00e8s le lancement de l\u2019exp\u00e9rimentation, \u00e0 mi-parcours et 6\u00a0mois avant le terme de l\u2019exp\u00e9rimentation, permettront de d\u00e9terminer, entre autres\u2009: la compr\u00e9hension du dispositif par les usagers, l\u2019\u00e9volution des comportements et des conflits, de l\u2019accidentalit\u00e9, des situations \u00e0 risque, mais aussi l\u2019impact du dispositif sur la fluidit\u00e9 du trafic, ou la facilit\u00e9 d\u2019appr\u00e9hension de la signalisation propos\u00e9e.<\/p>\n<p class=\" wall-content\">Personnalisez votre actualit\u00e9 en ajoutant vos villes et m\u00e9dias en favori avec <a href=\"https:\/\/moncompte.actu.fr\" title=\"D\u00e9couvez Mon Actu\" rel=\"nofollow noopener\" data-trk=\"{&quot;cta&quot;:{&quot;action&quot;:&quot;https:\\\/\\\/moncompte.actu.fr&quot;,&quot;category&quot;:&quot;mon compte&quot;,&quot;from&quot;:&quot;article footer&quot;,&quot;name&quot;:&quot;Mon actu&quot;,&quot;type&quot;:&quot;cta&quot;}}\" target=\"_blank\">Mon Actu<\/a>.<\/p>\n","protected":false},"excerpt":{"rendered":"Par Augustin Delaporte Publi\u00e9 le 8 oct. 2025 \u00e0 7h54 C\u2019est l\u2019une des petites nouveaut\u00e9s de la rentr\u00e9e&hellip;\n","protected":false},"author":2,"featured_media":446848,"comment_status":"","ping_status":"","sticky":false,"template":"","format":"standard","meta":{"footnotes":""},"categories":[1592],"tags":[1111,11,1777,674,1011,27,662,12,626,25,5009,104,208],"class_list":{"0":"post-446847","1":"post","2":"type-post","3":"status-publish","4":"format-standard","5":"has-post-thumbnail","7":"category-ile-de-france","8":"tag-actu","9":"tag-actualites","10":"tag-eu","11":"tag-europe","12":"tag-fr","13":"tag-france","14":"tag-ile-de-france","15":"tag-news","16":"tag-paris","17":"tag-republique-francaise","18":"tag-securite-routiere","19":"tag-societe","20":"tag-velo"},"share_on_mastodon":{"url":"https:\/\/pubeurope.com\/@fr\/115337232832297612","error":""},"_links":{"self":[{"href":"https:\/\/www.europesays.com\/fr\/wp-json\/wp\/v2\/posts\/446847","targetHints":{"allow":["GET"]}}],"collection":[{"href":"https:\/\/www.europesays.com\/fr\/wp-json\/wp\/v2\/posts"}],"about":[{"href":"https:\/\/www.europesays.com\/fr\/wp-json\/wp\/v2\/types\/post"}],"author":[{"embeddable":true,"href":"https:\/\/www.europesays.com\/fr\/wp-json\/wp\/v2\/users\/2"}],"replies":[{"embeddable":true,"href":"https:\/\/www.europesays.com\/fr\/wp-json\/wp\/v2\/comments?post=446847"}],"version-history":[{"count":0,"href":"https:\/\/www.europesays.com\/fr\/wp-json\/wp\/v2\/posts\/446847\/revisions"}],"wp:featuredmedia":[{"embeddable":true,"href":"https:\/\/www.europesays.com\/fr\/wp-json\/wp\/v2\/media\/446848"}],"wp:attachment":[{"href":"https:\/\/www.europesays.com\/fr\/wp-json\/wp\/v2\/media?parent=446847"}],"wp:term":[{"taxonomy":"category","embeddable":true,"href":"https:\/\/www.europesays.com\/fr\/wp-json\/wp\/v2\/categories?post=446847"},{"taxonomy":"post_tag","embeddable":true,"href":"https:\/\/www.europesays.com\/fr\/wp-json\/wp\/v2\/tags?post=446847"}],"curies":[{"name":"wp","href":"https:\/\/api.w.org\/{rel}","templated":true}]}}